{"id":208530,"date":"2019-05-21T11:19:32","date_gmt":"2019-05-21T14:19:32","guid":{"rendered":"https:\/\/www.notibras.com\/site\/?p=208530"},"modified":"2019-05-21T11:19:32","modified_gmt":"2019-05-21T14:19:32","slug":"xiitas-advertem-que-ataque-ao-ira-sera-o-apocalipse","status":"publish","type":"post","link":"https:\/\/www.notibras.com\/site\/xiitas-advertem-que-ataque-ao-ira-sera-o-apocalipse\/","title":{"rendered":"Xiitas advertem que ataque ao Ir\u00e3 ser\u00e1 o apocalipse"},"content":{"rendered":"<p>Enquanto Washington e Teer\u00e3 trocam amea\u00e7as, v\u00e1rios influentes l\u00edderes xiitas do Iraque alertaram que um conflito entre os EUA e o Ir\u00e3 seria desastroso para o Iraque, possivelmente destruindo o pa\u00eds. &#8216;Ser\u00e1 a abertura da porta do apocalipse&#8217;, advertiram.<\/p>\n<p>Um proeminente cl\u00e9rigo xiita, um l\u00edder pol\u00edtico e dois representantes de mil\u00edcias expressaram sua oposi\u00e7\u00e3o a uma poss\u00edvel guerra com a Rep\u00fablica Isl\u00e2mica na segunda-feira, alertando para as conseq\u00fc\u00eancias apocal\u00edpticas de seu pa\u00eds.<\/p>\n<p>&#8220;Essa guerra marcaria o fim do Iraque&#8221;, disse o cl\u00e9rigo e pol\u00edtico xiita Muqtada al-Sadr, cujo populista movimento &#8220;sadrista&#8221; desfruta de um grande n\u00famero de seguidores. &#8220;Precisamos de paz e reconstru\u00e7\u00e3o.&#8221;<\/p>\n<p>Qualquer partido pol\u00edtico que defenda tal guerra &#8220;seria o inimigo do povo iraquiano&#8221;, disse al-Sadr, argumentando que o Iraque se tornaria &#8220;um cen\u00e1rio para o conflito&#8221;, preso entre as pot\u00eancias guerreiras.<\/p>\n<p>A coaliz\u00e3o de Al-Sadr em Saairun ganhou muito nas elei\u00e7\u00f5es parlamentares do ano passado, que concorreram contra a intromiss\u00e3o estrangeira no Iraque e a corrup\u00e7\u00e3o oficial, enquanto o pr\u00f3prio al-Sadr tem sido um cr\u00edtico da influ\u00eancia americana e iraniana no Iraque.<\/p>\n<p>Al-Sadr n\u00e3o foi o \u00fanico legislador a alertar contra a escalada.<\/p>\n<p>&#8220;Se a guerra come\u00e7ar &#8230; vai queimar todo mundo&#8221;, disse o pol\u00edtico iraquiano Hadi al-Amiri em um comunicado. Ele pediu aos iraquianos que trabalhem juntos &#8220;para manter o Iraque e a regi\u00e3o longe da guerra&#8221;.<\/p>\n<p>As advert\u00eancias v\u00eam logo ap\u00f3s um ataque com foguetes dentro da &#8220;Zona Verde&#8221; de Bagd\u00e1, uma \u00e1rea fortificada da cidade que abriga a embaixada dos Estados Unidos e outros escrit\u00f3rios diplom\u00e1ticos estrangeiros. At\u00e9 o momento, nenhum grupo assumiu a responsabilidade, mas algumas organiza\u00e7\u00f5es alinhadas ao Ir\u00e3 rapidamente criticaram o ataque e sugeriram que ele seria usado como um &#8220;pretexto&#8221; para um conflito.<\/p>\n<p>\u201cAdvertimos contra as opera\u00e7\u00f5es que se destinam a fornecer pretextos para a guerra\u201d, twittou Qais al-Khazali, l\u00edder do Ir\u00e3, apoiado grupo paramilitar xiita Asaib Ahl al-Haq (Liga dos Justos). Ele acrescentou que &#8220;a guerra n\u00e3o \u00e9 do interesse da Rep\u00fablica Isl\u00e2mica do Ir\u00e3 ou dos Estados Unidos da Am\u00e9rica&#8221;.<\/p>\n<p>Um porta-voz do Kataib Hezbollah, outro grupo armado xiita, tamb\u00e9m considerou o ataque com foguetes &#8220;injustificado&#8221; e acusou um terceiro &#8211; Israel ou Ar\u00e1bia Saudita &#8211; de encenar o incidente.<\/p>\n<p>As tens\u00f5es na regi\u00e3o est\u00e3o em um ponto alto. Washington, nas \u00faltimas semanas, enviou um arsenal de equipamentos militares ao Golfo P\u00e9rsico para tratar de uma suposta \u201camea\u00e7a\u201d iraniana e, mais recentemente, evacuou todo o pessoal diplom\u00e1tico n\u00e3o essencial do Iraque, citando o mesmo perigo.<\/p>\n<p>Washington e Teer\u00e3 continuam trocando insultos nas m\u00eddias sociais, com o presidente dos EUA, Donald Trump, twittando no domingo que o Ir\u00e3 &#8220;amea\u00e7ou&#8221; os Estados Unidos e advertiu que &#8220;se o Ir\u00e3 quiser uma luta, isso ser\u00e1 o fim oficial do Ir\u00e3&#8221;.<\/p>\n<p>&#8220;Terrorismo econ\u00f4mico e insultos genocidas n\u00e3o v\u00e3o &#8216;acabar com o Ir\u00e3'&#8221;, disse o ministro iraniano das Rela\u00e7\u00f5es Exteriores, Javad Zarif, que acrescentou: &#8220;tente o respeito &#8211; funciona!&#8221;<\/p>\n","protected":false},"excerpt":{"rendered":"<p>Enquanto Washington e Teer\u00e3 trocam amea\u00e7as, v\u00e1rios influentes l\u00edderes xiitas do Iraque alertaram que um conflito entre os EUA e o Ir\u00e3 seria desastroso para o Iraque, possivelmente destruindo o pa\u00eds. &#8216;Ser\u00e1 a abertura da porta do apocalipse&#8217;, advertiram. Um proeminente cl\u00e9rigo xiita, um l\u00edder pol\u00edtico e dois representantes de mil\u00edcias expressaram sua oposi\u00e7\u00e3o a [&hellip;]<\/p>\n","protected":false},"author":2,"featured_media":208531,"comment_status":"closed","ping_status":"closed","sticky":false,"template":"","format":"standard","meta":{"_acf_changed":false,"footnotes":""},"categories":[17],"tags":[95],"class_list":["post-208530","post","type-post","status-publish","format-standard","has-post-thumbnail","hentry","category-mundo","tag-capa"],"acf":[],"yoast_head":"<!-- This site is optimized with the Yoast SEO plugin v27.2 - https:\/\/yoast.com\/product\/yoast-seo-wordpress\/ -->\n<title>Xiitas advertem que ataque ao Ir\u00e3 ser\u00e1 o apocalipse - Notibras<\/title>\n<meta name=\"robots\" content=\"index, follow, max-snippet:-1, max-image-preview:large, max-video-preview:-1\" \/>\n<link rel=\"canonical\" href=\"https:\/\/www.notibras.com\/site\/xiitas-advertem-que-ataque-ao-ira-sera-o-apocalipse\/\" \/>\n<meta property=\"og:locale\" content=\"pt_BR\" \/>\n<meta property=\"og:type\" content=\"article\" \/>\n<meta property=\"og:title\" content=\"Xiitas advertem que ataque ao Ir\u00e3 ser\u00e1 o apocalipse - Notibras\" \/>\n<meta property=\"og:description\" content=\"Enquanto Washington e Teer\u00e3 trocam amea\u00e7as, v\u00e1rios influentes l\u00edderes xiitas do Iraque alertaram que um conflito entre os EUA e o Ir\u00e3 seria desastroso para o Iraque, possivelmente destruindo o pa\u00eds. &#8216;Ser\u00e1 a abertura da porta do apocalipse&#8217;, advertiram. Um proeminente cl\u00e9rigo xiita, um l\u00edder pol\u00edtico e dois representantes de mil\u00edcias expressaram sua oposi\u00e7\u00e3o a [&hellip;]\" \/>\n<meta property=\"og:url\" content=\"https:\/\/www.notibras.com\/site\/xiitas-advertem-que-ataque-ao-ira-sera-o-apocalipse\/\" \/>\n<meta property=\"og:site_name\" content=\"Notibras\" \/>\n<meta property=\"article:publisher\" content=\"https:\/\/www.facebook.com\/notibras\/\" \/>\n<meta property=\"article:published_time\" content=\"2019-05-21T14:19:32+00:00\" \/>\n<meta property=\"og:image\" content=\"https:\/\/www.notibras.com\/site\/wp-content\/uploads\/2019\/05\/al-sadr.jpg\" \/>\n\t<meta property=\"og:image:width\" content=\"980\" \/>\n\t<meta property=\"og:image:height\" content=\"551\" \/>\n\t<meta property=\"og:image:type\" content=\"image\/jpeg\" \/>\n<meta name=\"author\" content=\"Reda\u00e7\u00e3o\" \/>\n<meta name=\"twitter:card\" content=\"summary_large_image\" \/>\n<meta name=\"twitter:creator\" content=\"@Notibras\" \/>\n<meta name=\"twitter:site\" content=\"@Notibras\" \/>\n<meta name=\"twitter:label1\" content=\"Escrito por\" \/>\n\t<meta name=\"twitter:data1\" content=\"Reda\u00e7\u00e3o\" \/>\n\t<meta name=\"twitter:label2\" content=\"Est. tempo de leitura\" \/>\n\t<meta name=\"twitter:data2\" content=\"3 minutos\" \/>\n<script type=\"application\/ld+json\" class=\"yoast-schema-graph\">{\"@context\":\"https:\/\/schema.org\",\"@graph\":[{\"@type\":\"Article\",\"@id\":\"https:\/\/www.notibras.com\/site\/xiitas-advertem-que-ataque-ao-ira-sera-o-apocalipse\/#article\",\"isPartOf\":{\"@id\":\"https:\/\/www.notibras.com\/site\/xiitas-advertem-que-ataque-ao-ira-sera-o-apocalipse\/\"},\"author\":{\"name\":\"Reda\u00e7\u00e3o\",\"@id\":\"https:\/\/www.notibras.com\/site\/#\/schema\/person\/36ab0979449956132d3e5b517ea76ac8\"},\"headline\":\"Xiitas advertem que ataque ao Ir\u00e3 ser\u00e1 o apocalipse\",\"datePublished\":\"2019-05-21T14:19:32+00:00\",\"mainEntityOfPage\":{\"@id\":\"https:\/\/www.notibras.com\/site\/xiitas-advertem-que-ataque-ao-ira-sera-o-apocalipse\/\"},\"wordCount\":544,\"publisher\":{\"@id\":\"https:\/\/www.notibras.com\/site\/#organization\"},\"image\":{\"@id\":\"https:\/\/www.notibras.com\/site\/xiitas-advertem-que-ataque-ao-ira-sera-o-apocalipse\/#primaryimage\"},\"thumbnailUrl\":\"https:\/\/www.notibras.com\/site\/wp-content\/uploads\/2019\/05\/al-sadr.jpg\",\"keywords\":[\"capa\"],\"articleSection\":[\"Mundo\"],\"inLanguage\":\"pt-BR\"},{\"@type\":\"WebPage\",\"@id\":\"https:\/\/www.notibras.com\/site\/xiitas-advertem-que-ataque-ao-ira-sera-o-apocalipse\/\",\"url\":\"https:\/\/www.notibras.com\/site\/xiitas-advertem-que-ataque-ao-ira-sera-o-apocalipse\/\",\"name\":\"Xiitas advertem que ataque ao Ir\u00e3 ser\u00e1 o apocalipse - Notibras\",\"isPartOf\":{\"@id\":\"https:\/\/www.notibras.com\/site\/#website\"},\"primaryImageOfPage\":{\"@id\":\"https:\/\/www.notibras.com\/site\/xiitas-advertem-que-ataque-ao-ira-sera-o-apocalipse\/#primaryimage\"},\"image\":{\"@id\":\"https:\/\/www.notibras.com\/site\/xiitas-advertem-que-ataque-ao-ira-sera-o-apocalipse\/#primaryimage\"},\"thumbnailUrl\":\"https:\/\/www.notibras.com\/site\/wp-content\/uploads\/2019\/05\/al-sadr.jpg\",\"datePublished\":\"2019-05-21T14:19:32+00:00\",\"breadcrumb\":{\"@id\":\"https:\/\/www.notibras.com\/site\/xiitas-advertem-que-ataque-ao-ira-sera-o-apocalipse\/#breadcrumb\"},\"inLanguage\":\"pt-BR\",\"potentialAction\":[{\"@type\":\"ReadAction\",\"target\":[\"https:\/\/www.notibras.com\/site\/xiitas-advertem-que-ataque-ao-ira-sera-o-apocalipse\/\"]}]},{\"@type\":\"ImageObject\",\"inLanguage\":\"pt-BR\",\"@id\":\"https:\/\/www.notibras.com\/site\/xiitas-advertem-que-ataque-ao-ira-sera-o-apocalipse\/#primaryimage\",\"url\":\"https:\/\/www.notibras.com\/site\/wp-content\/uploads\/2019\/05\/al-sadr.jpg\",\"contentUrl\":\"https:\/\/www.notibras.com\/site\/wp-content\/uploads\/2019\/05\/al-sadr.jpg\",\"width\":980,\"height\":551,\"caption\":\"Foto\/Sputniknews\"},{\"@type\":\"BreadcrumbList\",\"@id\":\"https:\/\/www.notibras.com\/site\/xiitas-advertem-que-ataque-ao-ira-sera-o-apocalipse\/#breadcrumb\",\"itemListElement\":[{\"@type\":\"ListItem\",\"position\":1,\"name\":\"In\u00edcio\",\"item\":\"https:\/\/www.notibras.com\/site\/\"},{\"@type\":\"ListItem\",\"position\":2,\"name\":\"Xiitas advertem que ataque ao Ir\u00e3 ser\u00e1 o apocalipse\"}]},{\"@type\":\"WebSite\",\"@id\":\"https:\/\/www.notibras.com\/site\/#website\",\"url\":\"https:\/\/www.notibras.com\/site\/\",\"name\":\"Notibras\",\"description\":\"Not\u00edcias de Bras\u00edlia, do Brasil e do Mundo\",\"publisher\":{\"@id\":\"https:\/\/www.notibras.com\/site\/#organization\"},\"potentialAction\":[{\"@type\":\"SearchAction\",\"target\":{\"@type\":\"EntryPoint\",\"urlTemplate\":\"https:\/\/www.notibras.com\/site\/?s={search_term_string}\"},\"query-input\":{\"@type\":\"PropertyValueSpecification\",\"valueRequired\":true,\"valueName\":\"search_term_string\"}}],\"inLanguage\":\"pt-BR\"},{\"@type\":\"Organization\",\"@id\":\"https:\/\/www.notibras.com\/site\/#organization\",\"name\":\"Grupo Notibras de Comunica\u00e7\u00e3o\",\"url\":\"https:\/\/www.notibras.com\/site\/\",\"logo\":{\"@type\":\"ImageObject\",\"inLanguage\":\"pt-BR\",\"@id\":\"https:\/\/www.notibras.com\/site\/#\/schema\/logo\/image\/\",\"url\":\"https:\/\/www.notibras.com\/site\/wp-content\/uploads\/2023\/01\/notibras23.png\",\"contentUrl\":\"https:\/\/www.notibras.com\/site\/wp-content\/uploads\/2023\/01\/notibras23.png\",\"width\":350,\"height\":87,\"caption\":\"Grupo Notibras de Comunica\u00e7\u00e3o\"},\"image\":{\"@id\":\"https:\/\/www.notibras.com\/site\/#\/schema\/logo\/image\/\"},\"sameAs\":[\"https:\/\/www.facebook.com\/notibras\/\",\"https:\/\/x.com\/Notibras\",\"https:\/\/www.instagram.com\/notibras\/\"]},{\"@type\":\"Person\",\"@id\":\"https:\/\/www.notibras.com\/site\/#\/schema\/person\/36ab0979449956132d3e5b517ea76ac8\",\"name\":\"Reda\u00e7\u00e3o\",\"image\":{\"@type\":\"ImageObject\",\"inLanguage\":\"pt-BR\",\"@id\":\"https:\/\/secure.gravatar.com\/avatar\/e0a867bdedb85fd243eadf09663511f96fc81e0720a4a42581f334ad4303aa6b?s=96&d=mm&r=g\",\"url\":\"https:\/\/secure.gravatar.com\/avatar\/e0a867bdedb85fd243eadf09663511f96fc81e0720a4a42581f334ad4303aa6b?s=96&d=mm&r=g\",\"contentUrl\":\"https:\/\/secure.gravatar.com\/avatar\/e0a867bdedb85fd243eadf09663511f96fc81e0720a4a42581f334ad4303aa6b?s=96&d=mm&r=g\",\"caption\":\"Reda\u00e7\u00e3o\"}}]}<\/script>\n<!-- \/ Yoast SEO plugin. -->","yoast_head_json":{"title":"Xiitas advertem que ataque ao Ir\u00e3 ser\u00e1 o apocalipse - Notibras","robots":{"index":"index","follow":"follow","max-snippet":"max-snippet:-1","max-image-preview":"max-image-preview:large","max-video-preview":"max-video-preview:-1"},"canonical":"https:\/\/www.notibras.com\/site\/xiitas-advertem-que-ataque-ao-ira-sera-o-apocalipse\/","og_locale":"pt_BR","og_type":"article","og_title":"Xiitas advertem que ataque ao Ir\u00e3 ser\u00e1 o apocalipse - Notibras","og_description":"Enquanto Washington e Teer\u00e3 trocam amea\u00e7as, v\u00e1rios influentes l\u00edderes xiitas do Iraque alertaram que um conflito entre os EUA e o Ir\u00e3 seria desastroso para o Iraque, possivelmente destruindo o pa\u00eds. &#8216;Ser\u00e1 a abertura da porta do apocalipse&#8217;, advertiram. Um proeminente cl\u00e9rigo xiita, um l\u00edder pol\u00edtico e dois representantes de mil\u00edcias expressaram sua oposi\u00e7\u00e3o a [&hellip;]","og_url":"https:\/\/www.notibras.com\/site\/xiitas-advertem-que-ataque-ao-ira-sera-o-apocalipse\/","og_site_name":"Notibras","article_publisher":"https:\/\/www.facebook.com\/notibras\/","article_published_time":"2019-05-21T14:19:32+00:00","og_image":[{"width":980,"height":551,"url":"https:\/\/www.notibras.com\/site\/wp-content\/uploads\/2019\/05\/al-sadr.jpg","type":"image\/jpeg"}],"author":"Reda\u00e7\u00e3o","twitter_card":"summary_large_image","twitter_creator":"@Notibras","twitter_site":"@Notibras","twitter_misc":{"Escrito por":"Reda\u00e7\u00e3o","Est. tempo de leitura":"3 minutos"},"schema":{"@context":"https:\/\/schema.org","@graph":[{"@type":"Article","@id":"https:\/\/www.notibras.com\/site\/xiitas-advertem-que-ataque-ao-ira-sera-o-apocalipse\/#article","isPartOf":{"@id":"https:\/\/www.notibras.com\/site\/xiitas-advertem-que-ataque-ao-ira-sera-o-apocalipse\/"},"author":{"name":"Reda\u00e7\u00e3o","@id":"https:\/\/www.notibras.com\/site\/#\/schema\/person\/36ab0979449956132d3e5b517ea76ac8"},"headline":"Xiitas advertem que ataque ao Ir\u00e3 ser\u00e1 o apocalipse","datePublished":"2019-05-21T14:19:32+00:00","mainEntityOfPage":{"@id":"https:\/\/www.notibras.com\/site\/xiitas-advertem-que-ataque-ao-ira-sera-o-apocalipse\/"},"wordCount":544,"publisher":{"@id":"https:\/\/www.notibras.com\/site\/#organization"},"image":{"@id":"https:\/\/www.notibras.com\/site\/xiitas-advertem-que-ataque-ao-ira-sera-o-apocalipse\/#primaryimage"},"thumbnailUrl":"https:\/\/www.notibras.com\/site\/wp-content\/uploads\/2019\/05\/al-sadr.jpg","keywords":["capa"],"articleSection":["Mundo"],"inLanguage":"pt-BR"},{"@type":"WebPage","@id":"https:\/\/www.notibras.com\/site\/xiitas-advertem-que-ataque-ao-ira-sera-o-apocalipse\/","url":"https:\/\/www.notibras.com\/site\/xiitas-advertem-que-ataque-ao-ira-sera-o-apocalipse\/","name":"Xiitas advertem que ataque ao Ir\u00e3 ser\u00e1 o apocalipse - Notibras","isPartOf":{"@id":"https:\/\/www.notibras.com\/site\/#website"},"primaryImageOfPage":{"@id":"https:\/\/www.notibras.com\/site\/xiitas-advertem-que-ataque-ao-ira-sera-o-apocalipse\/#primaryimage"},"image":{"@id":"https:\/\/www.notibras.com\/site\/xiitas-advertem-que-ataque-ao-ira-sera-o-apocalipse\/#primaryimage"},"thumbnailUrl":"https:\/\/www.notibras.com\/site\/wp-content\/uploads\/2019\/05\/al-sadr.jpg","datePublished":"2019-05-21T14:19:32+00:00","breadcrumb":{"@id":"https:\/\/www.notibras.com\/site\/xiitas-advertem-que-ataque-ao-ira-sera-o-apocalipse\/#breadcrumb"},"inLanguage":"pt-BR","potentialAction":[{"@type":"ReadAction","target":["https:\/\/www.notibras.com\/site\/xiitas-advertem-que-ataque-ao-ira-sera-o-apocalipse\/"]}]},{"@type":"ImageObject","inLanguage":"pt-BR","@id":"https:\/\/www.notibras.com\/site\/xiitas-advertem-que-ataque-ao-ira-sera-o-apocalipse\/#primaryimage","url":"https:\/\/www.notibras.com\/site\/wp-content\/uploads\/2019\/05\/al-sadr.jpg","contentUrl":"https:\/\/www.notibras.com\/site\/wp-content\/uploads\/2019\/05\/al-sadr.jpg","width":980,"height":551,"caption":"Foto\/Sputniknews"},{"@type":"BreadcrumbList","@id":"https:\/\/www.notibras.com\/site\/xiitas-advertem-que-ataque-ao-ira-sera-o-apocalipse\/#breadcrumb","itemListElement":[{"@type":"ListItem","position":1,"name":"In\u00edcio","item":"https:\/\/www.notibras.com\/site\/"},{"@type":"ListItem","position":2,"name":"Xiitas advertem que ataque ao Ir\u00e3 ser\u00e1 o apocalipse"}]},{"@type":"WebSite","@id":"https:\/\/www.notibras.com\/site\/#website","url":"https:\/\/www.notibras.com\/site\/","name":"Notibras","description":"Not\u00edcias de Bras\u00edlia, do Brasil e do Mundo","publisher":{"@id":"https:\/\/www.notibras.com\/site\/#organization"},"potentialAction":[{"@type":"SearchAction","target":{"@type":"EntryPoint","urlTemplate":"https:\/\/www.notibras.com\/site\/?s={search_term_string}"},"query-input":{"@type":"PropertyValueSpecification","valueRequired":true,"valueName":"search_term_string"}}],"inLanguage":"pt-BR"},{"@type":"Organization","@id":"https:\/\/www.notibras.com\/site\/#organization","name":"Grupo Notibras de Comunica\u00e7\u00e3o","url":"https:\/\/www.notibras.com\/site\/","logo":{"@type":"ImageObject","inLanguage":"pt-BR","@id":"https:\/\/www.notibras.com\/site\/#\/schema\/logo\/image\/","url":"https:\/\/www.notibras.com\/site\/wp-content\/uploads\/2023\/01\/notibras23.png","contentUrl":"https:\/\/www.notibras.com\/site\/wp-content\/uploads\/2023\/01\/notibras23.png","width":350,"height":87,"caption":"Grupo Notibras de Comunica\u00e7\u00e3o"},"image":{"@id":"https:\/\/www.notibras.com\/site\/#\/schema\/logo\/image\/"},"sameAs":["https:\/\/www.facebook.com\/notibras\/","https:\/\/x.com\/Notibras","https:\/\/www.instagram.com\/notibras\/"]},{"@type":"Person","@id":"https:\/\/www.notibras.com\/site\/#\/schema\/person\/36ab0979449956132d3e5b517ea76ac8","name":"Reda\u00e7\u00e3o","image":{"@type":"ImageObject","inLanguage":"pt-BR","@id":"https:\/\/secure.gravatar.com\/avatar\/e0a867bdedb85fd243eadf09663511f96fc81e0720a4a42581f334ad4303aa6b?s=96&d=mm&r=g","url":"https:\/\/secure.gravatar.com\/avatar\/e0a867bdedb85fd243eadf09663511f96fc81e0720a4a42581f334ad4303aa6b?s=96&d=mm&r=g","contentUrl":"https:\/\/secure.gravatar.com\/avatar\/e0a867bdedb85fd243eadf09663511f96fc81e0720a4a42581f334ad4303aa6b?s=96&d=mm&r=g","caption":"Reda\u00e7\u00e3o"}}]}},"amp_enabled":true,"_links":{"self":[{"href":"https:\/\/www.notibras.com\/site\/wp-json\/wp\/v2\/posts\/208530","targetHints":{"allow":["GET"]}}],"collection":[{"href":"https:\/\/www.notibras.com\/site\/wp-json\/wp\/v2\/posts"}],"about":[{"href":"https:\/\/www.notibras.com\/site\/wp-json\/wp\/v2\/types\/post"}],"author":[{"embeddable":true,"href":"https:\/\/www.notibras.com\/site\/wp-json\/wp\/v2\/users\/2"}],"replies":[{"embeddable":true,"href":"https:\/\/www.notibras.com\/site\/wp-json\/wp\/v2\/comments?post=208530"}],"version-history":[{"count":1,"href":"https:\/\/www.notibras.com\/site\/wp-json\/wp\/v2\/posts\/208530\/revisions"}],"predecessor-version":[{"id":208532,"href":"https:\/\/www.notibras.com\/site\/wp-json\/wp\/v2\/posts\/208530\/revisions\/208532"}],"wp:featuredmedia":[{"embeddable":true,"href":"https:\/\/www.notibras.com\/site\/wp-json\/wp\/v2\/media\/208531"}],"wp:attachment":[{"href":"https:\/\/www.notibras.com\/site\/wp-json\/wp\/v2\/media?parent=208530"}],"wp:term":[{"taxonomy":"category","embeddable":true,"href":"https:\/\/www.notibras.com\/site\/wp-json\/wp\/v2\/categories?post=208530"},{"taxonomy":"post_tag","embeddable":true,"href":"https:\/\/www.notibras.com\/site\/wp-json\/wp\/v2\/tags?post=208530"}],"curies":[{"name":"wp","href":"https:\/\/api.w.org\/{rel}","templated":true}]}}