{"id":20883,"date":"2014-08-27T19:49:20","date_gmt":"2014-08-27T22:49:20","guid":{"rendered":"http:\/\/www.notibras.com\/site\/?p=20883"},"modified":"2014-08-28T13:19:44","modified_gmt":"2014-08-28T16:19:44","slug":"a-timidez-das-campanhas-eleitorais-de-2014-e-o-espaco-nas-redes-sociais","status":"publish","type":"post","link":"https:\/\/www.notibras.com\/site\/a-timidez-das-campanhas-eleitorais-de-2014-e-o-espaco-nas-redes-sociais\/","title":{"rendered":"A timidez das campanhas eleitorais e as redes sociais"},"content":{"rendered":"<p style=\"text-align: left;\">A cada ano eleitoral surgem inova\u00e7\u00f5es nas regras para propaganda e tamb\u00e9m dos meios de divulga\u00e7\u00e3o de candidaturas dos cargos eletivos.<\/p>\n<p style=\"text-align: left;\">Em raz\u00e3o das escolhas normativas, alguns aspectos s\u00e3o limitados e por vezes proibitivos, mas a minirreforma eleitoral s\u00f3 valer\u00e1 em 2016, conforme decidiu o TSE.<\/p>\n<p style=\"text-align: left;\">Assistimos a uma verdadeira timidez nas campanhas de 2014, por equ\u00edvoco dos coordenadores de campanha que t\u00eam entendido que a reforma est\u00e1 valendo para este pleito.<\/p>\n<blockquote>\n<p style=\"text-align: left;\">As inova\u00e7\u00f5es tecnol\u00f3gicas de m\u00eddia (redes sociais, f\u00f3runs virtuais, blogs, whatsapp, etc) s\u00e3o os meios mais explorados pelos concorrentes. Quando determinado candidato comete abusos, a repercuss\u00e3o \u00e9 quase imediata. Den\u00fancias s\u00e3o analisadas durante o per\u00edodo de propaganda, enquanto pr\u00e1ticas antigas tamb\u00e9m acabam proibidas.<\/p>\n<\/blockquote>\n<p style=\"text-align: left;\">Os concorrentes n\u00e3o podem subestimar a capacidade cr\u00edtica do eleitor, que est\u00e3o fiscalizando as propagandas irregulares com mais afinco que o pr\u00f3prio TRE. O eleitor, em todas as classes sociais, est\u00e1 mais maduro no que diz respeito \u00e0 propaganda que suja a cidade e denuncia a pr\u00e1tica \u00e0 fiscaliza\u00e7\u00e3o.<\/p>\n<p style=\"text-align: left;\">Julgamentos jur\u00eddicos e morais est\u00e3o cada vez mais acess\u00edveis. Redes sociais t\u00eam sido palco de debates e instrumento de den\u00fancia e fiscaliza\u00e7\u00e3o dos suj\u00f5es. \u00c9 fundamental que os candidatos tenham uma assessoria jur\u00eddica atualizada e competente para prevenir multas durante todo o pleito.<\/p>\n<p style=\"text-align: left;\">O cen\u00e1rio pol\u00edtico do DF e as incertezas quanto \u00e0s candidaturas majorit\u00e1rias, bem como diretrizes partid\u00e1rias conflitantes, mant\u00e9m os candidatos ao legislativo local e federal em propagandas puro sangue, sem fazer dobrada com os majorit\u00e1rios.<\/p>\n<p style=\"text-align: left;\">A recente decis\u00e3o do TRE sobre a candidatura de Jos\u00e9 Roberto Arruda e a tr\u00e1gica morte de Eduardo Campos contribu\u00edram para acirrar ainda mais a disputa. Sem falar no indeferimento da candidatura de todos os postulantes ao cargo de Deputado Distrital do PPS em raz\u00e3o da n\u00e3o observ\u00e2ncia do n\u00famero m\u00ednimo de mulheres.<\/p>\n<p style=\"text-align: left;\">Cada vez mais se demonstra que concorrer numa elei\u00e7\u00e3o no Distrito Federal, para qualquer cargo, requer cora\u00e7\u00e3o forte e nervos de a\u00e7o.<\/p>\n<p style=\"text-align: left;\"><strong>D\u00eania Magalh\u00e3es<\/strong>, Advogada, Consultora Eleitoral e Assessora Parlamentar<\/p>\n<p style=\"text-align: left;\"><strong>Andrea Peixot<\/strong>o, Advogada, Consultora Eleitoral e Mestranda em Antropologia na UnB<\/p>\n","protected":false},"excerpt":{"rendered":"<p>A cada ano eleitoral surgem inova\u00e7\u00f5es nas regras para propaganda e tamb\u00e9m dos meios de divulga\u00e7\u00e3o de candidaturas dos cargos eletivos. Em raz\u00e3o das escolhas normativas, alguns aspectos s\u00e3o limitados e por vezes proibitivos, mas a minirreforma eleitoral s\u00f3 valer\u00e1 em 2016, conforme decidiu o TSE. Assistimos a uma verdadeira timidez nas campanhas de 2014, [&hellip;]<\/p>\n","protected":false},"author":2,"featured_media":20886,"comment_status":"open","ping_status":"closed","sticky":false,"template":"","format":"standard","meta":{"_acf_changed":false,"footnotes":""},"categories":[25],"tags":[],"class_list":["post-20883","post","type-post","status-publish","format-standard","has-post-thumbnail","hentry","category-opina-ai"],"acf":[],"yoast_head":"<!-- This site is optimized with the Yoast SEO plugin v27.5 - https:\/\/yoast.com\/product\/yoast-seo-wordpress\/ -->\n<title>A timidez das campanhas eleitorais e as redes sociais - Notibras<\/title>\n<meta name=\"robots\" content=\"index, follow, max-snippet:-1, max-image-preview:large, max-video-preview:-1\" \/>\n<link rel=\"canonical\" href=\"https:\/\/www.notibras.com\/site\/a-timidez-das-campanhas-eleitorais-de-2014-e-o-espaco-nas-redes-sociais\/\" \/>\n<meta property=\"og:locale\" content=\"pt_BR\" \/>\n<meta property=\"og:type\" content=\"article\" \/>\n<meta property=\"og:title\" content=\"A timidez das campanhas eleitorais e as redes sociais - Notibras\" \/>\n<meta property=\"og:description\" content=\"A cada ano eleitoral surgem inova\u00e7\u00f5es nas regras para propaganda e tamb\u00e9m dos meios de divulga\u00e7\u00e3o de candidaturas dos cargos eletivos. Em raz\u00e3o das escolhas normativas, alguns aspectos s\u00e3o limitados e por vezes proibitivos, mas a minirreforma eleitoral s\u00f3 valer\u00e1 em 2016, conforme decidiu o TSE. Assistimos a uma verdadeira timidez nas campanhas de 2014, [&hellip;]\" \/>\n<meta property=\"og:url\" content=\"https:\/\/www.notibras.com\/site\/a-timidez-das-campanhas-eleitorais-de-2014-e-o-espaco-nas-redes-sociais\/\" \/>\n<meta property=\"og:site_name\" content=\"Notibras\" \/>\n<meta property=\"article:publisher\" content=\"https:\/\/www.facebook.com\/notibras\/\" \/>\n<meta property=\"article:published_time\" content=\"2014-08-27T22:49:20+00:00\" \/>\n<meta property=\"article:modified_time\" content=\"2014-08-28T16:19:44+00:00\" \/>\n<meta property=\"og:image\" content=\"https:\/\/www.notibras.com\/site\/wp-content\/uploads\/2014\/08\/op1.png\" \/>\n\t<meta property=\"og:image:width\" content=\"657\" \/>\n\t<meta property=\"og:image:height\" content=\"424\" \/>\n\t<meta property=\"og:image:type\" content=\"image\/png\" \/>\n<meta name=\"author\" content=\"Reda\u00e7\u00e3o\" \/>\n<meta name=\"twitter:card\" content=\"summary_large_image\" \/>\n<meta name=\"twitter:creator\" content=\"@Notibras\" \/>\n<meta name=\"twitter:site\" content=\"@Notibras\" \/>\n<meta name=\"twitter:label1\" content=\"Escrito por\" \/>\n\t<meta name=\"twitter:data1\" content=\"Reda\u00e7\u00e3o\" \/>\n\t<meta name=\"twitter:label2\" content=\"Est. tempo de leitura\" \/>\n\t<meta name=\"twitter:data2\" content=\"2 minutos\" \/>\n<script type=\"application\/ld+json\" class=\"yoast-schema-graph\">{\"@context\":\"https:\\\/\\\/schema.org\",\"@graph\":[{\"@type\":\"Article\",\"@id\":\"https:\\\/\\\/www.notibras.com\\\/site\\\/a-timidez-das-campanhas-eleitorais-de-2014-e-o-espaco-nas-redes-sociais\\\/#article\",\"isPartOf\":{\"@id\":\"https:\\\/\\\/www.notibras.com\\\/site\\\/a-timidez-das-campanhas-eleitorais-de-2014-e-o-espaco-nas-redes-sociais\\\/\"},\"author\":{\"name\":\"Reda\u00e7\u00e3o\",\"@id\":\"https:\\\/\\\/www.notibras.com\\\/site\\\/#\\\/schema\\\/person\\\/36ab0979449956132d3e5b517ea76ac8\"},\"headline\":\"A timidez das campanhas eleitorais e as redes sociais\",\"datePublished\":\"2014-08-27T22:49:20+00:00\",\"dateModified\":\"2014-08-28T16:19:44+00:00\",\"mainEntityOfPage\":{\"@id\":\"https:\\\/\\\/www.notibras.com\\\/site\\\/a-timidez-das-campanhas-eleitorais-de-2014-e-o-espaco-nas-redes-sociais\\\/\"},\"wordCount\":390,\"commentCount\":0,\"publisher\":{\"@id\":\"https:\\\/\\\/www.notibras.com\\\/site\\\/#organization\"},\"image\":{\"@id\":\"https:\\\/\\\/www.notibras.com\\\/site\\\/a-timidez-das-campanhas-eleitorais-de-2014-e-o-espaco-nas-redes-sociais\\\/#primaryimage\"},\"thumbnailUrl\":\"https:\\\/\\\/www.notibras.com\\\/site\\\/wp-content\\\/uploads\\\/2014\\\/08\\\/op1.png\",\"articleSection\":[\"Opina a\u00ed\"],\"inLanguage\":\"pt-BR\",\"potentialAction\":[{\"@type\":\"CommentAction\",\"name\":\"Comment\",\"target\":[\"https:\\\/\\\/www.notibras.com\\\/site\\\/a-timidez-das-campanhas-eleitorais-de-2014-e-o-espaco-nas-redes-sociais\\\/#respond\"]}]},{\"@type\":\"WebPage\",\"@id\":\"https:\\\/\\\/www.notibras.com\\\/site\\\/a-timidez-das-campanhas-eleitorais-de-2014-e-o-espaco-nas-redes-sociais\\\/\",\"url\":\"https:\\\/\\\/www.notibras.com\\\/site\\\/a-timidez-das-campanhas-eleitorais-de-2014-e-o-espaco-nas-redes-sociais\\\/\",\"name\":\"A timidez das campanhas eleitorais e as redes sociais - Notibras\",\"isPartOf\":{\"@id\":\"https:\\\/\\\/www.notibras.com\\\/site\\\/#website\"},\"primaryImageOfPage\":{\"@id\":\"https:\\\/\\\/www.notibras.com\\\/site\\\/a-timidez-das-campanhas-eleitorais-de-2014-e-o-espaco-nas-redes-sociais\\\/#primaryimage\"},\"image\":{\"@id\":\"https:\\\/\\\/www.notibras.com\\\/site\\\/a-timidez-das-campanhas-eleitorais-de-2014-e-o-espaco-nas-redes-sociais\\\/#primaryimage\"},\"thumbnailUrl\":\"https:\\\/\\\/www.notibras.com\\\/site\\\/wp-content\\\/uploads\\\/2014\\\/08\\\/op1.png\",\"datePublished\":\"2014-08-27T22:49:20+00:00\",\"dateModified\":\"2014-08-28T16:19:44+00:00\",\"breadcrumb\":{\"@id\":\"https:\\\/\\\/www.notibras.com\\\/site\\\/a-timidez-das-campanhas-eleitorais-de-2014-e-o-espaco-nas-redes-sociais\\\/#breadcrumb\"},\"inLanguage\":\"pt-BR\",\"potentialAction\":[{\"@type\":\"ReadAction\",\"target\":[\"https:\\\/\\\/www.notibras.com\\\/site\\\/a-timidez-das-campanhas-eleitorais-de-2014-e-o-espaco-nas-redes-sociais\\\/\"]}]},{\"@type\":\"ImageObject\",\"inLanguage\":\"pt-BR\",\"@id\":\"https:\\\/\\\/www.notibras.com\\\/site\\\/a-timidez-das-campanhas-eleitorais-de-2014-e-o-espaco-nas-redes-sociais\\\/#primaryimage\",\"url\":\"https:\\\/\\\/www.notibras.com\\\/site\\\/wp-content\\\/uploads\\\/2014\\\/08\\\/op1.png\",\"contentUrl\":\"https:\\\/\\\/www.notibras.com\\\/site\\\/wp-content\\\/uploads\\\/2014\\\/08\\\/op1.png\",\"width\":657,\"height\":424},{\"@type\":\"BreadcrumbList\",\"@id\":\"https:\\\/\\\/www.notibras.com\\\/site\\\/a-timidez-das-campanhas-eleitorais-de-2014-e-o-espaco-nas-redes-sociais\\\/#breadcrumb\",\"itemListElement\":[{\"@type\":\"ListItem\",\"position\":1,\"name\":\"In\u00edcio\",\"item\":\"https:\\\/\\\/www.notibras.com\\\/site\\\/\"},{\"@type\":\"ListItem\",\"position\":2,\"name\":\"A timidez das campanhas eleitorais e as redes sociais\"}]},{\"@type\":\"WebSite\",\"@id\":\"https:\\\/\\\/www.notibras.com\\\/site\\\/#website\",\"url\":\"https:\\\/\\\/www.notibras.com\\\/site\\\/\",\"name\":\"Notibras\",\"description\":\"Not\u00edcias de Bras\u00edlia, do Brasil e do Mundo\",\"publisher\":{\"@id\":\"https:\\\/\\\/www.notibras.com\\\/site\\\/#organization\"},\"potentialAction\":[{\"@type\":\"SearchAction\",\"target\":{\"@type\":\"EntryPoint\",\"urlTemplate\":\"https:\\\/\\\/www.notibras.com\\\/site\\\/?s={search_term_string}\"},\"query-input\":{\"@type\":\"PropertyValueSpecification\",\"valueRequired\":true,\"valueName\":\"search_term_string\"}}],\"inLanguage\":\"pt-BR\"},{\"@type\":\"Organization\",\"@id\":\"https:\\\/\\\/www.notibras.com\\\/site\\\/#organization\",\"name\":\"Grupo Notibras de Comunica\u00e7\u00e3o\",\"url\":\"https:\\\/\\\/www.notibras.com\\\/site\\\/\",\"logo\":{\"@type\":\"ImageObject\",\"inLanguage\":\"pt-BR\",\"@id\":\"https:\\\/\\\/www.notibras.com\\\/site\\\/#\\\/schema\\\/logo\\\/image\\\/\",\"url\":\"https:\\\/\\\/www.notibras.com\\\/site\\\/wp-content\\\/uploads\\\/2023\\\/01\\\/notibras23.png\",\"contentUrl\":\"https:\\\/\\\/www.notibras.com\\\/site\\\/wp-content\\\/uploads\\\/2023\\\/01\\\/notibras23.png\",\"width\":350,\"height\":87,\"caption\":\"Grupo Notibras de Comunica\u00e7\u00e3o\"},\"image\":{\"@id\":\"https:\\\/\\\/www.notibras.com\\\/site\\\/#\\\/schema\\\/logo\\\/image\\\/\"},\"sameAs\":[\"https:\\\/\\\/www.facebook.com\\\/notibras\\\/\",\"https:\\\/\\\/x.com\\\/Notibras\",\"https:\\\/\\\/www.instagram.com\\\/notibras\\\/\"]},{\"@type\":\"Person\",\"@id\":\"https:\\\/\\\/www.notibras.com\\\/site\\\/#\\\/schema\\\/person\\\/36ab0979449956132d3e5b517ea76ac8\",\"name\":\"Reda\u00e7\u00e3o\",\"image\":{\"@type\":\"ImageObject\",\"inLanguage\":\"pt-BR\",\"@id\":\"https:\\\/\\\/secure.gravatar.com\\\/avatar\\\/e0a867bdedb85fd243eadf09663511f96fc81e0720a4a42581f334ad4303aa6b?s=96&d=mm&r=g\",\"url\":\"https:\\\/\\\/secure.gravatar.com\\\/avatar\\\/e0a867bdedb85fd243eadf09663511f96fc81e0720a4a42581f334ad4303aa6b?s=96&d=mm&r=g\",\"contentUrl\":\"https:\\\/\\\/secure.gravatar.com\\\/avatar\\\/e0a867bdedb85fd243eadf09663511f96fc81e0720a4a42581f334ad4303aa6b?s=96&d=mm&r=g\",\"caption\":\"Reda\u00e7\u00e3o\"}}]}<\/script>\n<!-- \/ Yoast SEO plugin. -->","yoast_head_json":{"title":"A timidez das campanhas eleitorais e as redes sociais - Notibras","robots":{"index":"index","follow":"follow","max-snippet":"max-snippet:-1","max-image-preview":"max-image-preview:large","max-video-preview":"max-video-preview:-1"},"canonical":"https:\/\/www.notibras.com\/site\/a-timidez-das-campanhas-eleitorais-de-2014-e-o-espaco-nas-redes-sociais\/","og_locale":"pt_BR","og_type":"article","og_title":"A timidez das campanhas eleitorais e as redes sociais - Notibras","og_description":"A cada ano eleitoral surgem inova\u00e7\u00f5es nas regras para propaganda e tamb\u00e9m dos meios de divulga\u00e7\u00e3o de candidaturas dos cargos eletivos. Em raz\u00e3o das escolhas normativas, alguns aspectos s\u00e3o limitados e por vezes proibitivos, mas a minirreforma eleitoral s\u00f3 valer\u00e1 em 2016, conforme decidiu o TSE. Assistimos a uma verdadeira timidez nas campanhas de 2014, [&hellip;]","og_url":"https:\/\/www.notibras.com\/site\/a-timidez-das-campanhas-eleitorais-de-2014-e-o-espaco-nas-redes-sociais\/","og_site_name":"Notibras","article_publisher":"https:\/\/www.facebook.com\/notibras\/","article_published_time":"2014-08-27T22:49:20+00:00","article_modified_time":"2014-08-28T16:19:44+00:00","og_image":[{"width":657,"height":424,"url":"https:\/\/www.notibras.com\/site\/wp-content\/uploads\/2014\/08\/op1.png","type":"image\/png"}],"author":"Reda\u00e7\u00e3o","twitter_card":"summary_large_image","twitter_creator":"@Notibras","twitter_site":"@Notibras","twitter_misc":{"Escrito por":"Reda\u00e7\u00e3o","Est. tempo de leitura":"2 minutos"},"schema":{"@context":"https:\/\/schema.org","@graph":[{"@type":"Article","@id":"https:\/\/www.notibras.com\/site\/a-timidez-das-campanhas-eleitorais-de-2014-e-o-espaco-nas-redes-sociais\/#article","isPartOf":{"@id":"https:\/\/www.notibras.com\/site\/a-timidez-das-campanhas-eleitorais-de-2014-e-o-espaco-nas-redes-sociais\/"},"author":{"name":"Reda\u00e7\u00e3o","@id":"https:\/\/www.notibras.com\/site\/#\/schema\/person\/36ab0979449956132d3e5b517ea76ac8"},"headline":"A timidez das campanhas eleitorais e as redes sociais","datePublished":"2014-08-27T22:49:20+00:00","dateModified":"2014-08-28T16:19:44+00:00","mainEntityOfPage":{"@id":"https:\/\/www.notibras.com\/site\/a-timidez-das-campanhas-eleitorais-de-2014-e-o-espaco-nas-redes-sociais\/"},"wordCount":390,"commentCount":0,"publisher":{"@id":"https:\/\/www.notibras.com\/site\/#organization"},"image":{"@id":"https:\/\/www.notibras.com\/site\/a-timidez-das-campanhas-eleitorais-de-2014-e-o-espaco-nas-redes-sociais\/#primaryimage"},"thumbnailUrl":"https:\/\/www.notibras.com\/site\/wp-content\/uploads\/2014\/08\/op1.png","articleSection":["Opina a\u00ed"],"inLanguage":"pt-BR","potentialAction":[{"@type":"CommentAction","name":"Comment","target":["https:\/\/www.notibras.com\/site\/a-timidez-das-campanhas-eleitorais-de-2014-e-o-espaco-nas-redes-sociais\/#respond"]}]},{"@type":"WebPage","@id":"https:\/\/www.notibras.com\/site\/a-timidez-das-campanhas-eleitorais-de-2014-e-o-espaco-nas-redes-sociais\/","url":"https:\/\/www.notibras.com\/site\/a-timidez-das-campanhas-eleitorais-de-2014-e-o-espaco-nas-redes-sociais\/","name":"A timidez das campanhas eleitorais e as redes sociais - Notibras","isPartOf":{"@id":"https:\/\/www.notibras.com\/site\/#website"},"primaryImageOfPage":{"@id":"https:\/\/www.notibras.com\/site\/a-timidez-das-campanhas-eleitorais-de-2014-e-o-espaco-nas-redes-sociais\/#primaryimage"},"image":{"@id":"https:\/\/www.notibras.com\/site\/a-timidez-das-campanhas-eleitorais-de-2014-e-o-espaco-nas-redes-sociais\/#primaryimage"},"thumbnailUrl":"https:\/\/www.notibras.com\/site\/wp-content\/uploads\/2014\/08\/op1.png","datePublished":"2014-08-27T22:49:20+00:00","dateModified":"2014-08-28T16:19:44+00:00","breadcrumb":{"@id":"https:\/\/www.notibras.com\/site\/a-timidez-das-campanhas-eleitorais-de-2014-e-o-espaco-nas-redes-sociais\/#breadcrumb"},"inLanguage":"pt-BR","potentialAction":[{"@type":"ReadAction","target":["https:\/\/www.notibras.com\/site\/a-timidez-das-campanhas-eleitorais-de-2014-e-o-espaco-nas-redes-sociais\/"]}]},{"@type":"ImageObject","inLanguage":"pt-BR","@id":"https:\/\/www.notibras.com\/site\/a-timidez-das-campanhas-eleitorais-de-2014-e-o-espaco-nas-redes-sociais\/#primaryimage","url":"https:\/\/www.notibras.com\/site\/wp-content\/uploads\/2014\/08\/op1.png","contentUrl":"https:\/\/www.notibras.com\/site\/wp-content\/uploads\/2014\/08\/op1.png","width":657,"height":424},{"@type":"BreadcrumbList","@id":"https:\/\/www.notibras.com\/site\/a-timidez-das-campanhas-eleitorais-de-2014-e-o-espaco-nas-redes-sociais\/#breadcrumb","itemListElement":[{"@type":"ListItem","position":1,"name":"In\u00edcio","item":"https:\/\/www.notibras.com\/site\/"},{"@type":"ListItem","position":2,"name":"A timidez das campanhas eleitorais e as redes sociais"}]},{"@type":"WebSite","@id":"https:\/\/www.notibras.com\/site\/#website","url":"https:\/\/www.notibras.com\/site\/","name":"Notibras","description":"Not\u00edcias de Bras\u00edlia, do Brasil e do Mundo","publisher":{"@id":"https:\/\/www.notibras.com\/site\/#organization"},"potentialAction":[{"@type":"SearchAction","target":{"@type":"EntryPoint","urlTemplate":"https:\/\/www.notibras.com\/site\/?s={search_term_string}"},"query-input":{"@type":"PropertyValueSpecification","valueRequired":true,"valueName":"search_term_string"}}],"inLanguage":"pt-BR"},{"@type":"Organization","@id":"https:\/\/www.notibras.com\/site\/#organization","name":"Grupo Notibras de Comunica\u00e7\u00e3o","url":"https:\/\/www.notibras.com\/site\/","logo":{"@type":"ImageObject","inLanguage":"pt-BR","@id":"https:\/\/www.notibras.com\/site\/#\/schema\/logo\/image\/","url":"https:\/\/www.notibras.com\/site\/wp-content\/uploads\/2023\/01\/notibras23.png","contentUrl":"https:\/\/www.notibras.com\/site\/wp-content\/uploads\/2023\/01\/notibras23.png","width":350,"height":87,"caption":"Grupo Notibras de Comunica\u00e7\u00e3o"},"image":{"@id":"https:\/\/www.notibras.com\/site\/#\/schema\/logo\/image\/"},"sameAs":["https:\/\/www.facebook.com\/notibras\/","https:\/\/x.com\/Notibras","https:\/\/www.instagram.com\/notibras\/"]},{"@type":"Person","@id":"https:\/\/www.notibras.com\/site\/#\/schema\/person\/36ab0979449956132d3e5b517ea76ac8","name":"Reda\u00e7\u00e3o","image":{"@type":"ImageObject","inLanguage":"pt-BR","@id":"https:\/\/secure.gravatar.com\/avatar\/e0a867bdedb85fd243eadf09663511f96fc81e0720a4a42581f334ad4303aa6b?s=96&d=mm&r=g","url":"https:\/\/secure.gravatar.com\/avatar\/e0a867bdedb85fd243eadf09663511f96fc81e0720a4a42581f334ad4303aa6b?s=96&d=mm&r=g","contentUrl":"https:\/\/secure.gravatar.com\/avatar\/e0a867bdedb85fd243eadf09663511f96fc81e0720a4a42581f334ad4303aa6b?s=96&d=mm&r=g","caption":"Reda\u00e7\u00e3o"}}]}},"amp_enabled":true,"_links":{"self":[{"href":"https:\/\/www.notibras.com\/site\/wp-json\/wp\/v2\/posts\/20883","targetHints":{"allow":["GET"]}}],"collection":[{"href":"https:\/\/www.notibras.com\/site\/wp-json\/wp\/v2\/posts"}],"about":[{"href":"https:\/\/www.notibras.com\/site\/wp-json\/wp\/v2\/types\/post"}],"author":[{"embeddable":true,"href":"https:\/\/www.notibras.com\/site\/wp-json\/wp\/v2\/users\/2"}],"replies":[{"embeddable":true,"href":"https:\/\/www.notibras.com\/site\/wp-json\/wp\/v2\/comments?post=20883"}],"version-history":[{"count":0,"href":"https:\/\/www.notibras.com\/site\/wp-json\/wp\/v2\/posts\/20883\/revisions"}],"wp:featuredmedia":[{"embeddable":true,"href":"https:\/\/www.notibras.com\/site\/wp-json\/wp\/v2\/media\/20886"}],"wp:attachment":[{"href":"https:\/\/www.notibras.com\/site\/wp-json\/wp\/v2\/media?parent=20883"}],"wp:term":[{"taxonomy":"category","embeddable":true,"href":"https:\/\/www.notibras.com\/site\/wp-json\/wp\/v2\/categories?post=20883"},{"taxonomy":"post_tag","embeddable":true,"href":"https:\/\/www.notibras.com\/site\/wp-json\/wp\/v2\/tags?post=20883"}],"curies":[{"name":"wp","href":"https:\/\/api.w.org\/{rel}","templated":true}]}}