{"id":20902,"date":"2014-08-28T06:19:43","date_gmt":"2014-08-28T09:19:43","guid":{"rendered":"http:\/\/www.notibras.com\/site\/?p=20902"},"modified":"2014-08-28T08:22:36","modified_gmt":"2014-08-28T11:22:36","slug":"governo-destina-nova-area-para-reforma-agraria","status":"publish","type":"post","link":"https:\/\/www.notibras.com\/site\/governo-destina-nova-area-para-reforma-agraria\/","title":{"rendered":"Governo destina nova \u00e1rea para assentar os sem-terra"},"content":{"rendered":"<p>O Programa Terra Legal do Minist\u00e9rio do Desenvolvimento Agr\u00e1rio (MDA) destinou 3,28 milh\u00f5es de hectares de terras federais no Acre, Amazonas, Par\u00e1 e em Rond\u00f4nia para a reforma agr\u00e1ria e para a conserva\u00e7\u00e3o do meio ambiente.<\/p>\n<p>O ministro do Desenvolvimento Agr\u00e1rio, Miguel Rosseto, ressaltou que a decis\u00e3o anunciada colabora para a estabilidade fundi\u00e1ria na Amaz\u00f4nia Legal e informa que foram respeitadas as regras para a transfer\u00eancia de titularidade.<\/p>\n<p>\u201cN\u00f3s estamos regularizando as \u00e1reas da Uni\u00e3o na Amaz\u00f4nia Legal. A partir da transfer\u00eancia de nominalidade, as \u00e1reas receber\u00e3o maiores cuidados, ser\u00e3o melhor utilizadas e poder\u00e3o ser usadas em projetos de desenvolvimento de forma mais sustent\u00e1vel\u201d, avaliou o ministro.<\/p>\n<p>O MDA destinou 3 milh\u00f5es de hectares para o Minist\u00e9rio do Meio Ambiente, que ser\u00e3o transformados em \u00e1reas ambientais, sendo 2,6 milh\u00f5es no Amazonas, 411 mil no Par\u00e1 e 12 mil em Rond\u00f4nia. Al\u00e9m disso, 155 mil hectares foram repassados para o governo do Acre, tamb\u00e9m para preserva\u00e7\u00e3o ambiental.<\/p>\n<p>A ministra do Meio Ambiente, Izabella Teixeira, destacou a import\u00e2ncia das terras. \u201cAs \u00e1reas s\u00e3o para o Servi\u00e7o Florestal Brasileiro, destinadas \u00e0 explora\u00e7\u00e3o sustent\u00e1vel de madeira, e para o Instituto Chico Mendes. Os dois v\u00e3o fazer os estudos para a cria\u00e7\u00e3o de \u00e1reas de preserva\u00e7\u00e3o\u201d, disse.<\/p>\n<p>O MDA destinou 62,5 mil hectares a 806 fam\u00edlias no Amazonas para a amplia\u00e7\u00e3o da reserva legal do Projeto do Assentamento Acari, nos munic\u00edpios de Borba, Novo Aripuan\u00e3 e Apu\u00ed.<\/p>\n<p>No Par\u00e1, 23,5 mil hectares atender\u00e3o a 209 fam\u00edlias com os projetos Agroextrativista Montanha Mangabal, no munic\u00edpio de Itu\u00edba, e o Desenvolvimento Sustent\u00e1vel Castanheira II, em Senador Jos\u00e9 Porf\u00edrio.<\/p>\n<p>O minist\u00e9rio concedeu tamb\u00e9m 7,9 mil hectares para o munic\u00edpio de Itupiranga e 42,6 mil hectares para Novo Repartimento, ambos no Par\u00e1. Mais 7,2 hectares foram entregues aos agricultores Maur\u00edcio Rodrigues de Souza e Elizete Pereira de Oliveira, que vivem no munic\u00edpio de Itinga, no Maranh\u00e3o.<\/p>\n<div class=\"node-info\"><strong>Aline Leal, ABr<\/strong><strong><br \/>\n<\/strong><\/div>\n","protected":false},"excerpt":{"rendered":"<p>O Programa Terra Legal do Minist\u00e9rio do Desenvolvimento Agr\u00e1rio (MDA) destinou 3,28 milh\u00f5es de hectares de terras federais no Acre, Amazonas, Par\u00e1 e em Rond\u00f4nia para a reforma agr\u00e1ria e para a conserva\u00e7\u00e3o do meio ambiente. O ministro do Desenvolvimento Agr\u00e1rio, Miguel Rosseto, ressaltou que a decis\u00e3o anunciada colabora para a estabilidade fundi\u00e1ria na Amaz\u00f4nia [&hellip;]<\/p>\n","protected":false},"author":2,"featured_media":20903,"comment_status":"open","ping_status":"closed","sticky":false,"template":"","format":"standard","meta":{"_acf_changed":false,"footnotes":""},"categories":[16],"tags":[],"class_list":["post-20902","post","type-post","status-publish","format-standard","has-post-thumbnail","hentry","category-brasil"],"acf":[],"_links":{"self":[{"href":"https:\/\/www.notibras.com\/site\/wp-json\/wp\/v2\/posts\/20902","targetHints":{"allow":["GET"]}}],"collection":[{"href":"https:\/\/www.notibras.com\/site\/wp-json\/wp\/v2\/posts"}],"about":[{"href":"https:\/\/www.notibras.com\/site\/wp-json\/wp\/v2\/types\/post"}],"author":[{"embeddable":true,"href":"https:\/\/www.notibras.com\/site\/wp-json\/wp\/v2\/users\/2"}],"replies":[{"embeddable":true,"href":"https:\/\/www.notibras.com\/site\/wp-json\/wp\/v2\/comments?post=20902"}],"version-history":[{"count":0,"href":"https:\/\/www.notibras.com\/site\/wp-json\/wp\/v2\/posts\/20902\/revisions"}],"wp:featuredmedia":[{"embeddable":true,"href":"https:\/\/www.notibras.com\/site\/wp-json\/wp\/v2\/media\/20903"}],"wp:attachment":[{"href":"https:\/\/www.notibras.com\/site\/wp-json\/wp\/v2\/media?parent=20902"}],"wp:term":[{"taxonomy":"category","embeddable":true,"href":"https:\/\/www.notibras.com\/site\/wp-json\/wp\/v2\/categories?post=20902"},{"taxonomy":"post_tag","embeddable":true,"href":"https:\/\/www.notibras.com\/site\/wp-json\/wp\/v2\/tags?post=20902"}],"curies":[{"name":"wp","href":"https:\/\/api.w.org\/{rel}","templated":true}]}}