{"id":20938,"date":"2014-08-28T09:56:08","date_gmt":"2014-08-28T12:56:08","guid":{"rendered":"http:\/\/www.notibras.com\/site\/?p=20938"},"modified":"2014-08-28T10:58:15","modified_gmt":"2014-08-28T13:58:15","slug":"justica-eleitoral-quer-as-tropas-federais-nas-eleicoes-do-rio-de-janeiro","status":"publish","type":"post","link":"https:\/\/www.notibras.com\/site\/justica-eleitoral-quer-as-tropas-federais-nas-eleicoes-do-rio-de-janeiro\/","title":{"rendered":"Justi\u00e7a Eleitoral quer as tropas federais nas elei\u00e7\u00f5es do Rio"},"content":{"rendered":"<p>O plen\u00e1rio do Tribunal Regional Eleitoral do Rio de Janeiro (TRE) decidiu, na noite desta quarta-feira, por unanimidade, requerer o uso de tropas federais nas elei\u00e7\u00f5es de 2014. Por seis votos,\u00a0os desembargadores acompanharam a posi\u00e7\u00e3o do presidente da Casa, Bernardo Garcez.<\/p>\n<p>Ele j\u00e1 havia se manifestado favor\u00e1vel ao refor\u00e7o das tropas em fun\u00e7\u00e3o de den\u00fancias de que candidatos n\u00e3o estariam conseguindo entrar em algumas comunidades da cidade, inclusive aquelas ocupadas por unidades de pol\u00edcia pacificadora (UPPs). Estas den\u00fancias apontam amea\u00e7a tanto do tr\u00e1fico quanto de grupos de milicianos durante a campanha.<\/p>\n<blockquote>\n<p class=\"text\">A medida estabelece o refor\u00e7o na seguran\u00e7a j\u00e1 durante a campanha eleitoral,\u00a0e n\u00e3o apenas no dia da vota\u00e7\u00e3o. Garcez informou que ser\u00e1 criada uma comiss\u00e3o com tr\u00eas desembargadores para definir detalhes do procedimento.\u00a0O passo agora \u00e9 encaminhar o pedido formal ao Tribunal Superior Eleitoral, o que deve ser feito j\u00e1 nesta quinta-feira.<\/p>\n<\/blockquote>\n<p class=\"text\">A decis\u00e3o do TRE fluminense contraria a postura tomada pelo governador e candidato \u00e0 reelei\u00e7\u00e3o Luiz Fernando Pez\u00e3o (PMDB). Em nota \u00e0 imprensa nesta quarta feira,\u00a0o governo do Estado alegou n\u00e3o haver ainda necessidade de tropas federais na disputa eleitoral.<\/p>\n","protected":false},"excerpt":{"rendered":"<p>O plen\u00e1rio do Tribunal Regional Eleitoral do Rio de Janeiro (TRE) decidiu, na noite desta quarta-feira, por unanimidade, requerer o uso de tropas federais nas elei\u00e7\u00f5es de 2014. Por seis votos,\u00a0os desembargadores acompanharam a posi\u00e7\u00e3o do presidente da Casa, Bernardo Garcez. Ele j\u00e1 havia se manifestado favor\u00e1vel ao refor\u00e7o das tropas em fun\u00e7\u00e3o de den\u00fancias [&hellip;]<\/p>\n","protected":false},"author":2,"featured_media":20939,"comment_status":"open","ping_status":"closed","sticky":false,"template":"","format":"standard","meta":{"_acf_changed":false,"footnotes":""},"categories":[33],"tags":[],"class_list":["post-20938","post","type-post","status-publish","format-standard","has-post-thumbnail","hentry","category-eleicoes-2014"],"acf":[],"_links":{"self":[{"href":"https:\/\/www.notibras.com\/site\/wp-json\/wp\/v2\/posts\/20938","targetHints":{"allow":["GET"]}}],"collection":[{"href":"https:\/\/www.notibras.com\/site\/wp-json\/wp\/v2\/posts"}],"about":[{"href":"https:\/\/www.notibras.com\/site\/wp-json\/wp\/v2\/types\/post"}],"author":[{"embeddable":true,"href":"https:\/\/www.notibras.com\/site\/wp-json\/wp\/v2\/users\/2"}],"replies":[{"embeddable":true,"href":"https:\/\/www.notibras.com\/site\/wp-json\/wp\/v2\/comments?post=20938"}],"version-history":[{"count":0,"href":"https:\/\/www.notibras.com\/site\/wp-json\/wp\/v2\/posts\/20938\/revisions"}],"wp:featuredmedia":[{"embeddable":true,"href":"https:\/\/www.notibras.com\/site\/wp-json\/wp\/v2\/media\/20939"}],"wp:attachment":[{"href":"https:\/\/www.notibras.com\/site\/wp-json\/wp\/v2\/media?parent=20938"}],"wp:term":[{"taxonomy":"category","embeddable":true,"href":"https:\/\/www.notibras.com\/site\/wp-json\/wp\/v2\/categories?post=20938"},{"taxonomy":"post_tag","embeddable":true,"href":"https:\/\/www.notibras.com\/site\/wp-json\/wp\/v2\/tags?post=20938"}],"curies":[{"name":"wp","href":"https:\/\/api.w.org\/{rel}","templated":true}]}}