{"id":20942,"date":"2014-08-28T09:06:26","date_gmt":"2014-08-28T12:06:26","guid":{"rendered":"http:\/\/www.notibras.com\/site\/?p=20942"},"modified":"2014-08-28T11:14:22","modified_gmt":"2014-08-28T14:14:22","slug":"gilmar-cita-tribunal-nazista-e-arruda-confiante-decide-ir-ao-supremo","status":"publish","type":"post","link":"https:\/\/www.notibras.com\/site\/gilmar-cita-tribunal-nazista-e-arruda-confiante-decide-ir-ao-supremo\/","title":{"rendered":"Gilmar cita &#8216;tribunal nazista&#8217;, e Arruda, confiante, decide ir ao STF"},"content":{"rendered":"<p>O vice-presidente do Tribunal Superior Eleitoral (TSE), Gilmar Mendes, criticou nesta quarta-feira (27) a decis\u00e3o tomada horas antes pela Corte, que foi contr\u00e1ria \u00e0 candidatura do ex-governador Jos\u00e9 Roberto Arruda (PR) a um retorno ao Pal\u00e1cio do Buriti. De acordo com ele, o TSE mudou a jurisprud\u00eancia no meio do processo eleitoral sem justificar.<\/p>\n<p>Pouco depois das declara\u00e7\u00f5es de Gilmar Mendes, o candidato do PR revelou, em entrevista \u00e0 Imprensa, a disposi\u00e7\u00e3o em recorrer at\u00e9 ao Supremo Tribunal Federal para fazer valer a candidatura.<\/p>\n<blockquote><p>&#8220;Todo tribunal tem escr\u00fapulo em mudar jurisprud\u00eancia. E justifica. Quem tem responsabilidade institucional justifica. Estou mudando por causa disso. E n\u00e3o faz de conta que, ontem eu estava votando assim, e hoje \u00e9 assado. Isso \u00e9 brincadeira de menino&#8221;, afirmou Mendes, o \u00fanico a votar no TSE a favor da candidatura de Arruda.<\/p><\/blockquote>\n<p>Para o vice do TSE, \u00e9 evidente que faltou uma justificativa. &#8220;Isso \u00e9 evidente. Agora, para este caso, eu voto assim. A gente n\u00e3o cria jurisprud\u00eancia ad hoc. Quem faz isso \u00e9 tribunal nazista n\u00e9?&#8221;, criticou. Antes do caso Arruda, o TSE entendia que as condi\u00e7\u00f5es de elegibilidade de um candidato deveriam ser verificadas no momento em que \u00e9 pedido o registro da candidatura. Agora, admitiu que essas circunst\u00e2ncias podem ser analisadas ap\u00f3s o pedido do registro.<\/p>\n<p>J\u00e1 Arruda, ao insistir em que manter\u00e1 a candidatura, ironizou a briga na Justi\u00e7a. &#8220;Quando saiu a decis\u00e3o do TRE, subimos nas pesquisas. Quem sabe agora, com a decis\u00e3o do TSE, passamos dos 40%&#8221;, disse o candidato.<\/p>\n","protected":false},"excerpt":{"rendered":"<p>O vice-presidente do Tribunal Superior Eleitoral (TSE), Gilmar Mendes, criticou nesta quarta-feira (27) a decis\u00e3o tomada horas antes pela Corte, que foi contr\u00e1ria \u00e0 candidatura do ex-governador Jos\u00e9 Roberto Arruda (PR) a um retorno ao Pal\u00e1cio do Buriti. De acordo com ele, o TSE mudou a jurisprud\u00eancia no meio do processo eleitoral sem justificar. Pouco [&hellip;]<\/p>\n","protected":false},"author":2,"featured_media":20943,"comment_status":"open","ping_status":"closed","sticky":false,"template":"","format":"standard","meta":{"_acf_changed":false,"footnotes":""},"categories":[33],"tags":[],"class_list":["post-20942","post","type-post","status-publish","format-standard","has-post-thumbnail","hentry","category-eleicoes-2014"],"acf":[],"_links":{"self":[{"href":"https:\/\/www.notibras.com\/site\/wp-json\/wp\/v2\/posts\/20942","targetHints":{"allow":["GET"]}}],"collection":[{"href":"https:\/\/www.notibras.com\/site\/wp-json\/wp\/v2\/posts"}],"about":[{"href":"https:\/\/www.notibras.com\/site\/wp-json\/wp\/v2\/types\/post"}],"author":[{"embeddable":true,"href":"https:\/\/www.notibras.com\/site\/wp-json\/wp\/v2\/users\/2"}],"replies":[{"embeddable":true,"href":"https:\/\/www.notibras.com\/site\/wp-json\/wp\/v2\/comments?post=20942"}],"version-history":[{"count":0,"href":"https:\/\/www.notibras.com\/site\/wp-json\/wp\/v2\/posts\/20942\/revisions"}],"wp:featuredmedia":[{"embeddable":true,"href":"https:\/\/www.notibras.com\/site\/wp-json\/wp\/v2\/media\/20943"}],"wp:attachment":[{"href":"https:\/\/www.notibras.com\/site\/wp-json\/wp\/v2\/media?parent=20942"}],"wp:term":[{"taxonomy":"category","embeddable":true,"href":"https:\/\/www.notibras.com\/site\/wp-json\/wp\/v2\/categories?post=20942"},{"taxonomy":"post_tag","embeddable":true,"href":"https:\/\/www.notibras.com\/site\/wp-json\/wp\/v2\/tags?post=20942"}],"curies":[{"name":"wp","href":"https:\/\/api.w.org\/{rel}","templated":true}]}}