{"id":20954,"date":"2014-08-28T13:17:49","date_gmt":"2014-08-28T16:17:49","guid":{"rendered":"http:\/\/www.notibras.com\/site\/?p=20954"},"modified":"2014-08-28T13:17:49","modified_gmt":"2014-08-28T16:17:49","slug":"marina-tsunami-eleitoral-deixa-os-comites-dos-adversarios-perplexos","status":"publish","type":"post","link":"https:\/\/www.notibras.com\/site\/marina-tsunami-eleitoral-deixa-os-comites-dos-adversarios-perplexos\/","title":{"rendered":"Marina, tsunami eleitoral, deixa os comit\u00eas dos advers\u00e1rios perplexos"},"content":{"rendered":"<p>Entre cardeais do PT e no\u00a0 \u2018\u2019ninho dos tucanos\u2019\u2019 o grande temor \u00e9 que a candidata Marina Silva se transforme num enorme tsunami eleitoral. Que repita o fen\u00f4meno Tiririca nas elei\u00e7\u00f5es de S\u00e3o Paulo, em 2010.<\/p>\n<p>Tudo est\u00e1 indicando que ela vai ser o desaguadouro dos votos de um bom n\u00famero de desiludidos com as administra\u00e7\u00f5es de oito anos de FHC e doze anos do PT \u2013 oito de\u00a0 Lula e quatro de Dilma. Soma\u2013se a eles parte dos que pretendem\u00a0 votar em branco, anular o voto ou que est\u00e3o em cima do muro. S\u00e3o os eleitores cansados da velha pol\u00edtica e que querem mudan\u00e7as. S\u00e3o aqueles que n\u00e3o aceitam mais a polariza\u00e7\u00e3o entre PT e PSDB, que domina o cen\u00e1rio pol\u00edtico nacional h\u00e1 vinte anos.<\/p>\n<p>Ao contr\u00e1rio do que apregoam\u00a0 alguns pol\u00edticos, Marina agregar\u00e1 mais votos do que perder\u00e1\u00a0 com sua decis\u00e3o de n\u00e3o subir em palanques de determinados pol\u00edticos e partidos, em diversas regi\u00f5es do pa\u00eds. E mais votos ter\u00e1 com a n\u00e3o aceita\u00e7\u00e3o de doa\u00e7\u00f5es de empresas de bebidas, fumo e agrot\u00f3xicos. \u00c9 o reflexo do rep\u00fadio que sentem hoje pelos pol\u00edticos e ao sistema pol\u00edtico-eleitoral vigente. Esse sentimento gravita em torno de cerca de 70% dos eleitores brasileiros, conforme revelam recentes pesquisas.<\/p>\n<p>Lembramos ainda que Marina entra na disputa presidencial com 20 milh\u00f5es de votos que obteve nas elei\u00e7\u00f5es presidenciais de 2010.<\/p>\n<p>Tentar diminu\u00ed-la com o argumento de que n\u00e3o est\u00e1 preparada para assumir a Presid\u00eancia da Rep\u00fablica n\u00e3o vai funcionar. Lula, eleito presidente duas vezes, \u00e9 menos preparado que Marina. E a fama de gerentona da Dilma est\u00e1 sendo desconstru\u00eddo.<\/p>\n<p>Os presidenci\u00e1veis Dilma e A\u00e9cio v\u00e3o ter que trabalhar muito, muito mesmo, para barrar o turbilh\u00e3o Marina,\u00a0 que desponta no horizonte do cen\u00e1rio pol\u00edtico\u2013eleitoral do Brasil. Ela tamb\u00e9m \u00e9 carism\u00e1tica, evang\u00e9lica, tem postura messi\u00e2nica, semblante de mulher sofrida, marcada por doen\u00e7as adquiridas nas florestas do Acre, como mal\u00e1ria e febre amarela, al\u00e9m de problemas al\u00e9rgicos. Sabe se comunicar. Portanto, uma barreira de dif\u00edcil supera\u00e7\u00e3o.<\/p>\n<p>Essa enorme pedreira foi confirmada pela pesquisa IBOPE divulgada ter\u00e7a-feira, \u00e0 noite, mostrando que haver\u00e1\u00a0 um segundo turno para a escolha do futuro presidente da Rep\u00fablica. Dilma Rousseff (PT)\u00a0 aparece em primeiro lugar, com 34% das inten\u00e7\u00f5es de voto, seguida por Marina Silva (PSB), com 29%, e A\u00e9cio Neves (PSDB) em terceiro, com 19%.<\/p>\n<p>No segundo turno, a pesquisa revela que Marina dispara e abre nove pontos percentuais em rela\u00e7\u00e3o a Dilma. Marina aparece com 45% das inten\u00e7\u00f5es de voto e Dilma com 36%.<\/p>\n<p><strong>Cl\u00e1udio Coletti<\/strong><\/p>\n","protected":false},"excerpt":{"rendered":"<p>Entre cardeais do PT e no\u00a0 \u2018\u2019ninho dos tucanos\u2019\u2019 o grande temor \u00e9 que a candidata Marina Silva se transforme num enorme tsunami eleitoral. Que repita o fen\u00f4meno Tiririca nas elei\u00e7\u00f5es de S\u00e3o Paulo, em 2010. Tudo est\u00e1 indicando que ela vai ser o desaguadouro dos votos de um bom n\u00famero de desiludidos com as [&hellip;]<\/p>\n","protected":false},"author":2,"featured_media":20955,"comment_status":"open","ping_status":"closed","sticky":false,"template":"","format":"standard","meta":{"_acf_changed":false,"footnotes":""},"categories":[25],"tags":[],"class_list":["post-20954","post","type-post","status-publish","format-standard","has-post-thumbnail","hentry","category-opina-ai"],"acf":[],"yoast_head":"<!-- This site is optimized with the Yoast SEO plugin v27.5 - https:\/\/yoast.com\/product\/yoast-seo-wordpress\/ -->\n<title>Marina, tsunami eleitoral, deixa os comit\u00eas dos advers\u00e1rios perplexos - Notibras<\/title>\n<meta name=\"robots\" content=\"index, follow, max-snippet:-1, max-image-preview:large, max-video-preview:-1\" \/>\n<link rel=\"canonical\" href=\"https:\/\/www.notibras.com\/site\/marina-tsunami-eleitoral-deixa-os-comites-dos-adversarios-perplexos\/\" \/>\n<meta property=\"og:locale\" content=\"pt_BR\" \/>\n<meta property=\"og:type\" content=\"article\" \/>\n<meta property=\"og:title\" content=\"Marina, tsunami eleitoral, deixa os comit\u00eas dos advers\u00e1rios perplexos - Notibras\" \/>\n<meta property=\"og:description\" content=\"Entre cardeais do PT e no\u00a0 \u2018\u2019ninho dos tucanos\u2019\u2019 o grande temor \u00e9 que a candidata Marina Silva se transforme num enorme tsunami eleitoral. Que repita o fen\u00f4meno Tiririca nas elei\u00e7\u00f5es de S\u00e3o Paulo, em 2010. Tudo est\u00e1 indicando que ela vai ser o desaguadouro dos votos de um bom n\u00famero de desiludidos com as [&hellip;]\" \/>\n<meta property=\"og:url\" content=\"https:\/\/www.notibras.com\/site\/marina-tsunami-eleitoral-deixa-os-comites-dos-adversarios-perplexos\/\" \/>\n<meta property=\"og:site_name\" content=\"Notibras\" \/>\n<meta property=\"article:publisher\" content=\"https:\/\/www.facebook.com\/notibras\/\" \/>\n<meta property=\"article:published_time\" content=\"2014-08-28T16:17:49+00:00\" \/>\n<meta property=\"og:image\" content=\"https:\/\/www.notibras.com\/site\/wp-content\/uploads\/2014\/08\/marina-silva-politica-20111104-08-size-598.jpg\" \/>\n\t<meta property=\"og:image:width\" content=\"597\" \/>\n\t<meta property=\"og:image:height\" content=\"336\" \/>\n\t<meta property=\"og:image:type\" content=\"image\/jpeg\" \/>\n<meta name=\"author\" content=\"Reda\u00e7\u00e3o\" \/>\n<meta name=\"twitter:card\" content=\"summary_large_image\" \/>\n<meta name=\"twitter:creator\" content=\"@Notibras\" \/>\n<meta name=\"twitter:site\" content=\"@Notibras\" \/>\n<meta name=\"twitter:label1\" content=\"Escrito por\" \/>\n\t<meta name=\"twitter:data1\" content=\"Reda\u00e7\u00e3o\" \/>\n\t<meta name=\"twitter:label2\" content=\"Est. tempo de leitura\" \/>\n\t<meta name=\"twitter:data2\" content=\"2 minutos\" \/>\n<script type=\"application\/ld+json\" class=\"yoast-schema-graph\">{\"@context\":\"https:\\\/\\\/schema.org\",\"@graph\":[{\"@type\":\"Article\",\"@id\":\"https:\\\/\\\/www.notibras.com\\\/site\\\/marina-tsunami-eleitoral-deixa-os-comites-dos-adversarios-perplexos\\\/#article\",\"isPartOf\":{\"@id\":\"https:\\\/\\\/www.notibras.com\\\/site\\\/marina-tsunami-eleitoral-deixa-os-comites-dos-adversarios-perplexos\\\/\"},\"author\":{\"name\":\"Reda\u00e7\u00e3o\",\"@id\":\"https:\\\/\\\/www.notibras.com\\\/site\\\/#\\\/schema\\\/person\\\/36ab0979449956132d3e5b517ea76ac8\"},\"headline\":\"Marina, tsunami eleitoral, deixa os comit\u00eas dos advers\u00e1rios perplexos\",\"datePublished\":\"2014-08-28T16:17:49+00:00\",\"mainEntityOfPage\":{\"@id\":\"https:\\\/\\\/www.notibras.com\\\/site\\\/marina-tsunami-eleitoral-deixa-os-comites-dos-adversarios-perplexos\\\/\"},\"wordCount\":472,\"commentCount\":0,\"publisher\":{\"@id\":\"https:\\\/\\\/www.notibras.com\\\/site\\\/#organization\"},\"image\":{\"@id\":\"https:\\\/\\\/www.notibras.com\\\/site\\\/marina-tsunami-eleitoral-deixa-os-comites-dos-adversarios-perplexos\\\/#primaryimage\"},\"thumbnailUrl\":\"https:\\\/\\\/www.notibras.com\\\/site\\\/wp-content\\\/uploads\\\/2014\\\/08\\\/marina-silva-politica-20111104-08-size-598.jpg\",\"articleSection\":[\"Opina a\u00ed\"],\"inLanguage\":\"pt-BR\",\"potentialAction\":[{\"@type\":\"CommentAction\",\"name\":\"Comment\",\"target\":[\"https:\\\/\\\/www.notibras.com\\\/site\\\/marina-tsunami-eleitoral-deixa-os-comites-dos-adversarios-perplexos\\\/#respond\"]}]},{\"@type\":\"WebPage\",\"@id\":\"https:\\\/\\\/www.notibras.com\\\/site\\\/marina-tsunami-eleitoral-deixa-os-comites-dos-adversarios-perplexos\\\/\",\"url\":\"https:\\\/\\\/www.notibras.com\\\/site\\\/marina-tsunami-eleitoral-deixa-os-comites-dos-adversarios-perplexos\\\/\",\"name\":\"Marina, tsunami eleitoral, deixa os comit\u00eas dos advers\u00e1rios perplexos - Notibras\",\"isPartOf\":{\"@id\":\"https:\\\/\\\/www.notibras.com\\\/site\\\/#website\"},\"primaryImageOfPage\":{\"@id\":\"https:\\\/\\\/www.notibras.com\\\/site\\\/marina-tsunami-eleitoral-deixa-os-comites-dos-adversarios-perplexos\\\/#primaryimage\"},\"image\":{\"@id\":\"https:\\\/\\\/www.notibras.com\\\/site\\\/marina-tsunami-eleitoral-deixa-os-comites-dos-adversarios-perplexos\\\/#primaryimage\"},\"thumbnailUrl\":\"https:\\\/\\\/www.notibras.com\\\/site\\\/wp-content\\\/uploads\\\/2014\\\/08\\\/marina-silva-politica-20111104-08-size-598.jpg\",\"datePublished\":\"2014-08-28T16:17:49+00:00\",\"breadcrumb\":{\"@id\":\"https:\\\/\\\/www.notibras.com\\\/site\\\/marina-tsunami-eleitoral-deixa-os-comites-dos-adversarios-perplexos\\\/#breadcrumb\"},\"inLanguage\":\"pt-BR\",\"potentialAction\":[{\"@type\":\"ReadAction\",\"target\":[\"https:\\\/\\\/www.notibras.com\\\/site\\\/marina-tsunami-eleitoral-deixa-os-comites-dos-adversarios-perplexos\\\/\"]}]},{\"@type\":\"ImageObject\",\"inLanguage\":\"pt-BR\",\"@id\":\"https:\\\/\\\/www.notibras.com\\\/site\\\/marina-tsunami-eleitoral-deixa-os-comites-dos-adversarios-perplexos\\\/#primaryimage\",\"url\":\"https:\\\/\\\/www.notibras.com\\\/site\\\/wp-content\\\/uploads\\\/2014\\\/08\\\/marina-silva-politica-20111104-08-size-598.jpg\",\"contentUrl\":\"https:\\\/\\\/www.notibras.com\\\/site\\\/wp-content\\\/uploads\\\/2014\\\/08\\\/marina-silva-politica-20111104-08-size-598.jpg\",\"width\":597,\"height\":336},{\"@type\":\"BreadcrumbList\",\"@id\":\"https:\\\/\\\/www.notibras.com\\\/site\\\/marina-tsunami-eleitoral-deixa-os-comites-dos-adversarios-perplexos\\\/#breadcrumb\",\"itemListElement\":[{\"@type\":\"ListItem\",\"position\":1,\"name\":\"In\u00edcio\",\"item\":\"https:\\\/\\\/www.notibras.com\\\/site\\\/\"},{\"@type\":\"ListItem\",\"position\":2,\"name\":\"Marina, tsunami eleitoral, deixa os comit\u00eas dos advers\u00e1rios perplexos\"}]},{\"@type\":\"WebSite\",\"@id\":\"https:\\\/\\\/www.notibras.com\\\/site\\\/#website\",\"url\":\"https:\\\/\\\/www.notibras.com\\\/site\\\/\",\"name\":\"Notibras\",\"description\":\"Not\u00edcias de Bras\u00edlia, do Brasil e do Mundo\",\"publisher\":{\"@id\":\"https:\\\/\\\/www.notibras.com\\\/site\\\/#organization\"},\"potentialAction\":[{\"@type\":\"SearchAction\",\"target\":{\"@type\":\"EntryPoint\",\"urlTemplate\":\"https:\\\/\\\/www.notibras.com\\\/site\\\/?s={search_term_string}\"},\"query-input\":{\"@type\":\"PropertyValueSpecification\",\"valueRequired\":true,\"valueName\":\"search_term_string\"}}],\"inLanguage\":\"pt-BR\"},{\"@type\":\"Organization\",\"@id\":\"https:\\\/\\\/www.notibras.com\\\/site\\\/#organization\",\"name\":\"Grupo Notibras de Comunica\u00e7\u00e3o\",\"url\":\"https:\\\/\\\/www.notibras.com\\\/site\\\/\",\"logo\":{\"@type\":\"ImageObject\",\"inLanguage\":\"pt-BR\",\"@id\":\"https:\\\/\\\/www.notibras.com\\\/site\\\/#\\\/schema\\\/logo\\\/image\\\/\",\"url\":\"https:\\\/\\\/www.notibras.com\\\/site\\\/wp-content\\\/uploads\\\/2023\\\/01\\\/notibras23.png\",\"contentUrl\":\"https:\\\/\\\/www.notibras.com\\\/site\\\/wp-content\\\/uploads\\\/2023\\\/01\\\/notibras23.png\",\"width\":350,\"height\":87,\"caption\":\"Grupo Notibras de Comunica\u00e7\u00e3o\"},\"image\":{\"@id\":\"https:\\\/\\\/www.notibras.com\\\/site\\\/#\\\/schema\\\/logo\\\/image\\\/\"},\"sameAs\":[\"https:\\\/\\\/www.facebook.com\\\/notibras\\\/\",\"https:\\\/\\\/x.com\\\/Notibras\",\"https:\\\/\\\/www.instagram.com\\\/notibras\\\/\"]},{\"@type\":\"Person\",\"@id\":\"https:\\\/\\\/www.notibras.com\\\/site\\\/#\\\/schema\\\/person\\\/36ab0979449956132d3e5b517ea76ac8\",\"name\":\"Reda\u00e7\u00e3o\",\"image\":{\"@type\":\"ImageObject\",\"inLanguage\":\"pt-BR\",\"@id\":\"https:\\\/\\\/secure.gravatar.com\\\/avatar\\\/e0a867bdedb85fd243eadf09663511f96fc81e0720a4a42581f334ad4303aa6b?s=96&d=mm&r=g\",\"url\":\"https:\\\/\\\/secure.gravatar.com\\\/avatar\\\/e0a867bdedb85fd243eadf09663511f96fc81e0720a4a42581f334ad4303aa6b?s=96&d=mm&r=g\",\"contentUrl\":\"https:\\\/\\\/secure.gravatar.com\\\/avatar\\\/e0a867bdedb85fd243eadf09663511f96fc81e0720a4a42581f334ad4303aa6b?s=96&d=mm&r=g\",\"caption\":\"Reda\u00e7\u00e3o\"}}]}<\/script>\n<!-- \/ Yoast SEO plugin. -->","yoast_head_json":{"title":"Marina, tsunami eleitoral, deixa os comit\u00eas dos advers\u00e1rios perplexos - Notibras","robots":{"index":"index","follow":"follow","max-snippet":"max-snippet:-1","max-image-preview":"max-image-preview:large","max-video-preview":"max-video-preview:-1"},"canonical":"https:\/\/www.notibras.com\/site\/marina-tsunami-eleitoral-deixa-os-comites-dos-adversarios-perplexos\/","og_locale":"pt_BR","og_type":"article","og_title":"Marina, tsunami eleitoral, deixa os comit\u00eas dos advers\u00e1rios perplexos - Notibras","og_description":"Entre cardeais do PT e no\u00a0 \u2018\u2019ninho dos tucanos\u2019\u2019 o grande temor \u00e9 que a candidata Marina Silva se transforme num enorme tsunami eleitoral. Que repita o fen\u00f4meno Tiririca nas elei\u00e7\u00f5es de S\u00e3o Paulo, em 2010. Tudo est\u00e1 indicando que ela vai ser o desaguadouro dos votos de um bom n\u00famero de desiludidos com as [&hellip;]","og_url":"https:\/\/www.notibras.com\/site\/marina-tsunami-eleitoral-deixa-os-comites-dos-adversarios-perplexos\/","og_site_name":"Notibras","article_publisher":"https:\/\/www.facebook.com\/notibras\/","article_published_time":"2014-08-28T16:17:49+00:00","og_image":[{"width":597,"height":336,"url":"https:\/\/www.notibras.com\/site\/wp-content\/uploads\/2014\/08\/marina-silva-politica-20111104-08-size-598.jpg","type":"image\/jpeg"}],"author":"Reda\u00e7\u00e3o","twitter_card":"summary_large_image","twitter_creator":"@Notibras","twitter_site":"@Notibras","twitter_misc":{"Escrito por":"Reda\u00e7\u00e3o","Est. tempo de leitura":"2 minutos"},"schema":{"@context":"https:\/\/schema.org","@graph":[{"@type":"Article","@id":"https:\/\/www.notibras.com\/site\/marina-tsunami-eleitoral-deixa-os-comites-dos-adversarios-perplexos\/#article","isPartOf":{"@id":"https:\/\/www.notibras.com\/site\/marina-tsunami-eleitoral-deixa-os-comites-dos-adversarios-perplexos\/"},"author":{"name":"Reda\u00e7\u00e3o","@id":"https:\/\/www.notibras.com\/site\/#\/schema\/person\/36ab0979449956132d3e5b517ea76ac8"},"headline":"Marina, tsunami eleitoral, deixa os comit\u00eas dos advers\u00e1rios perplexos","datePublished":"2014-08-28T16:17:49+00:00","mainEntityOfPage":{"@id":"https:\/\/www.notibras.com\/site\/marina-tsunami-eleitoral-deixa-os-comites-dos-adversarios-perplexos\/"},"wordCount":472,"commentCount":0,"publisher":{"@id":"https:\/\/www.notibras.com\/site\/#organization"},"image":{"@id":"https:\/\/www.notibras.com\/site\/marina-tsunami-eleitoral-deixa-os-comites-dos-adversarios-perplexos\/#primaryimage"},"thumbnailUrl":"https:\/\/www.notibras.com\/site\/wp-content\/uploads\/2014\/08\/marina-silva-politica-20111104-08-size-598.jpg","articleSection":["Opina a\u00ed"],"inLanguage":"pt-BR","potentialAction":[{"@type":"CommentAction","name":"Comment","target":["https:\/\/www.notibras.com\/site\/marina-tsunami-eleitoral-deixa-os-comites-dos-adversarios-perplexos\/#respond"]}]},{"@type":"WebPage","@id":"https:\/\/www.notibras.com\/site\/marina-tsunami-eleitoral-deixa-os-comites-dos-adversarios-perplexos\/","url":"https:\/\/www.notibras.com\/site\/marina-tsunami-eleitoral-deixa-os-comites-dos-adversarios-perplexos\/","name":"Marina, tsunami eleitoral, deixa os comit\u00eas dos advers\u00e1rios perplexos - Notibras","isPartOf":{"@id":"https:\/\/www.notibras.com\/site\/#website"},"primaryImageOfPage":{"@id":"https:\/\/www.notibras.com\/site\/marina-tsunami-eleitoral-deixa-os-comites-dos-adversarios-perplexos\/#primaryimage"},"image":{"@id":"https:\/\/www.notibras.com\/site\/marina-tsunami-eleitoral-deixa-os-comites-dos-adversarios-perplexos\/#primaryimage"},"thumbnailUrl":"https:\/\/www.notibras.com\/site\/wp-content\/uploads\/2014\/08\/marina-silva-politica-20111104-08-size-598.jpg","datePublished":"2014-08-28T16:17:49+00:00","breadcrumb":{"@id":"https:\/\/www.notibras.com\/site\/marina-tsunami-eleitoral-deixa-os-comites-dos-adversarios-perplexos\/#breadcrumb"},"inLanguage":"pt-BR","potentialAction":[{"@type":"ReadAction","target":["https:\/\/www.notibras.com\/site\/marina-tsunami-eleitoral-deixa-os-comites-dos-adversarios-perplexos\/"]}]},{"@type":"ImageObject","inLanguage":"pt-BR","@id":"https:\/\/www.notibras.com\/site\/marina-tsunami-eleitoral-deixa-os-comites-dos-adversarios-perplexos\/#primaryimage","url":"https:\/\/www.notibras.com\/site\/wp-content\/uploads\/2014\/08\/marina-silva-politica-20111104-08-size-598.jpg","contentUrl":"https:\/\/www.notibras.com\/site\/wp-content\/uploads\/2014\/08\/marina-silva-politica-20111104-08-size-598.jpg","width":597,"height":336},{"@type":"BreadcrumbList","@id":"https:\/\/www.notibras.com\/site\/marina-tsunami-eleitoral-deixa-os-comites-dos-adversarios-perplexos\/#breadcrumb","itemListElement":[{"@type":"ListItem","position":1,"name":"In\u00edcio","item":"https:\/\/www.notibras.com\/site\/"},{"@type":"ListItem","position":2,"name":"Marina, tsunami eleitoral, deixa os comit\u00eas dos advers\u00e1rios perplexos"}]},{"@type":"WebSite","@id":"https:\/\/www.notibras.com\/site\/#website","url":"https:\/\/www.notibras.com\/site\/","name":"Notibras","description":"Not\u00edcias de Bras\u00edlia, do Brasil e do Mundo","publisher":{"@id":"https:\/\/www.notibras.com\/site\/#organization"},"potentialAction":[{"@type":"SearchAction","target":{"@type":"EntryPoint","urlTemplate":"https:\/\/www.notibras.com\/site\/?s={search_term_string}"},"query-input":{"@type":"PropertyValueSpecification","valueRequired":true,"valueName":"search_term_string"}}],"inLanguage":"pt-BR"},{"@type":"Organization","@id":"https:\/\/www.notibras.com\/site\/#organization","name":"Grupo Notibras de Comunica\u00e7\u00e3o","url":"https:\/\/www.notibras.com\/site\/","logo":{"@type":"ImageObject","inLanguage":"pt-BR","@id":"https:\/\/www.notibras.com\/site\/#\/schema\/logo\/image\/","url":"https:\/\/www.notibras.com\/site\/wp-content\/uploads\/2023\/01\/notibras23.png","contentUrl":"https:\/\/www.notibras.com\/site\/wp-content\/uploads\/2023\/01\/notibras23.png","width":350,"height":87,"caption":"Grupo Notibras de Comunica\u00e7\u00e3o"},"image":{"@id":"https:\/\/www.notibras.com\/site\/#\/schema\/logo\/image\/"},"sameAs":["https:\/\/www.facebook.com\/notibras\/","https:\/\/x.com\/Notibras","https:\/\/www.instagram.com\/notibras\/"]},{"@type":"Person","@id":"https:\/\/www.notibras.com\/site\/#\/schema\/person\/36ab0979449956132d3e5b517ea76ac8","name":"Reda\u00e7\u00e3o","image":{"@type":"ImageObject","inLanguage":"pt-BR","@id":"https:\/\/secure.gravatar.com\/avatar\/e0a867bdedb85fd243eadf09663511f96fc81e0720a4a42581f334ad4303aa6b?s=96&d=mm&r=g","url":"https:\/\/secure.gravatar.com\/avatar\/e0a867bdedb85fd243eadf09663511f96fc81e0720a4a42581f334ad4303aa6b?s=96&d=mm&r=g","contentUrl":"https:\/\/secure.gravatar.com\/avatar\/e0a867bdedb85fd243eadf09663511f96fc81e0720a4a42581f334ad4303aa6b?s=96&d=mm&r=g","caption":"Reda\u00e7\u00e3o"}}]}},"amp_enabled":true,"_links":{"self":[{"href":"https:\/\/www.notibras.com\/site\/wp-json\/wp\/v2\/posts\/20954","targetHints":{"allow":["GET"]}}],"collection":[{"href":"https:\/\/www.notibras.com\/site\/wp-json\/wp\/v2\/posts"}],"about":[{"href":"https:\/\/www.notibras.com\/site\/wp-json\/wp\/v2\/types\/post"}],"author":[{"embeddable":true,"href":"https:\/\/www.notibras.com\/site\/wp-json\/wp\/v2\/users\/2"}],"replies":[{"embeddable":true,"href":"https:\/\/www.notibras.com\/site\/wp-json\/wp\/v2\/comments?post=20954"}],"version-history":[{"count":0,"href":"https:\/\/www.notibras.com\/site\/wp-json\/wp\/v2\/posts\/20954\/revisions"}],"wp:featuredmedia":[{"embeddable":true,"href":"https:\/\/www.notibras.com\/site\/wp-json\/wp\/v2\/media\/20955"}],"wp:attachment":[{"href":"https:\/\/www.notibras.com\/site\/wp-json\/wp\/v2\/media?parent=20954"}],"wp:term":[{"taxonomy":"category","embeddable":true,"href":"https:\/\/www.notibras.com\/site\/wp-json\/wp\/v2\/categories?post=20954"},{"taxonomy":"post_tag","embeddable":true,"href":"https:\/\/www.notibras.com\/site\/wp-json\/wp\/v2\/tags?post=20954"}],"curies":[{"name":"wp","href":"https:\/\/api.w.org\/{rel}","templated":true}]}}