{"id":20980,"date":"2014-08-28T21:53:11","date_gmt":"2014-08-29T00:53:11","guid":{"rendered":"http:\/\/www.notibras.com\/site\/?p=20980"},"modified":"2014-08-28T22:56:44","modified_gmt":"2014-08-29T01:56:44","slug":"criancas-emprestam-solidariedade-aos-grevistas-da-usp","status":"publish","type":"post","link":"https:\/\/www.notibras.com\/site\/criancas-emprestam-solidariedade-aos-grevistas-da-usp\/","title":{"rendered":"Crian\u00e7as se solidarizam com movimento grevista da USP"},"content":{"rendered":"<p>H\u00e1 tr\u00eas meses, tr\u00eas casais de S\u00e3o Paulo se revezam na estrat\u00e9gia batizada de \u201cCreche-Crise\u201d \u2013 \u201cCreche Residencial Itinerante Solid\u00e1ria e Experimental\u201d: cada um deles cuida, a cada dia da semana, de dois filhos dos outros dois pares, al\u00e9m de seus pr\u00f3prios, para que nenhuma das crian\u00e7as, de um ano e meio a quatro anos, fique sozinha enquanto os adultos trabalham.<\/p>\n<p>A iniciativa, revela o Terra, foi uma maneira que a professora de artes Kelly Sabino, de 30 anos, encontrou para lidar com a suspens\u00e3o dos trabalhos da creche da Universidade de S\u00e3o Paulo, em greve desde o \u00faltimo dia 27 de maio.<\/p>\n<p class=\"text\">Kelly \u00e9 docente na institui\u00e7\u00e3o e integrou nesta quinta-feira um grupo de pais e m\u00e3es de alunos das creches da USP, na capital e n o interior, que realizaram uma passeata com os beb\u00eas pelo campus em S\u00e3o Paulo. Segundo a guarda universit\u00e1ria, cerca de 200 pessoas participaram do ato \u2013metade delas, pequenos \u2013que come\u00e7ou na creche central e terminou em frente \u00e0 reitoria. Estudantes, funcion\u00e1rios e professores, representantes ou n\u00e3o do movimento grevista, se juntaram ao protesto.<\/p>\n<blockquote>\n<p class=\"text\">Tanto a professora quanto outros pais e m\u00e3es se disseram afrontados com as declara\u00e7\u00f5es do reitor, semanas atr\u00e1s, \u00e0 r\u00e1dio CBN. Em entrevista, Zago disse que, at\u00e9 aquela data (8 de agosto), o impacto da greve na sociedade era \u201cnenhum\u201d. \u201cN\u00e3o \u00e9 a greve que tem impacto, mas os atos ilegais praticados por grevistas\u201d, definira. Dias depois, o Tribunal Regional do Trabalho da 2\u00aa Regi\u00e3o (TRT-2) negaria liminar \u00e0 universidade, que pleiteava a declara\u00e7\u00e3o de ilegalidade da paralisa\u00e7\u00e3o.<\/p>\n<\/blockquote>\n<p>\u201cComo que o reitor afirma que n\u00e3o h\u00e1 impacto com a greve, se trabalhamos e n\u00e3o temos a creche para deixar nossos filhos? Meu trabalho na universidade n\u00e3o parou\u201d, reclamou a professora, que tem dois filhos pequenos na creche central. \u201cN\u00e3o \u00e9 apenas a creche fechada: \u00e9 um projeto educacional bacana que \u00e9 interrompido; s\u00e3o crian\u00e7as que, sabemos, hoje brincam sozinhas e chegam ao ponto de criar amigos imagin\u00e1rios. Est\u00e1 muito dif\u00edcil.\u201d<\/p>\n","protected":false},"excerpt":{"rendered":"<p>H\u00e1 tr\u00eas meses, tr\u00eas casais de S\u00e3o Paulo se revezam na estrat\u00e9gia batizada de \u201cCreche-Crise\u201d \u2013 \u201cCreche Residencial Itinerante Solid\u00e1ria e Experimental\u201d: cada um deles cuida, a cada dia da semana, de dois filhos dos outros dois pares, al\u00e9m de seus pr\u00f3prios, para que nenhuma das crian\u00e7as, de um ano e meio a quatro anos, [&hellip;]<\/p>\n","protected":false},"author":2,"featured_media":20981,"comment_status":"open","ping_status":"closed","sticky":false,"template":"","format":"standard","meta":{"_acf_changed":false,"footnotes":""},"categories":[16],"tags":[],"class_list":["post-20980","post","type-post","status-publish","format-standard","has-post-thumbnail","hentry","category-brasil"],"acf":[],"_links":{"self":[{"href":"https:\/\/www.notibras.com\/site\/wp-json\/wp\/v2\/posts\/20980","targetHints":{"allow":["GET"]}}],"collection":[{"href":"https:\/\/www.notibras.com\/site\/wp-json\/wp\/v2\/posts"}],"about":[{"href":"https:\/\/www.notibras.com\/site\/wp-json\/wp\/v2\/types\/post"}],"author":[{"embeddable":true,"href":"https:\/\/www.notibras.com\/site\/wp-json\/wp\/v2\/users\/2"}],"replies":[{"embeddable":true,"href":"https:\/\/www.notibras.com\/site\/wp-json\/wp\/v2\/comments?post=20980"}],"version-history":[{"count":0,"href":"https:\/\/www.notibras.com\/site\/wp-json\/wp\/v2\/posts\/20980\/revisions"}],"wp:featuredmedia":[{"embeddable":true,"href":"https:\/\/www.notibras.com\/site\/wp-json\/wp\/v2\/media\/20981"}],"wp:attachment":[{"href":"https:\/\/www.notibras.com\/site\/wp-json\/wp\/v2\/media?parent=20980"}],"wp:term":[{"taxonomy":"category","embeddable":true,"href":"https:\/\/www.notibras.com\/site\/wp-json\/wp\/v2\/categories?post=20980"},{"taxonomy":"post_tag","embeddable":true,"href":"https:\/\/www.notibras.com\/site\/wp-json\/wp\/v2\/tags?post=20980"}],"curies":[{"name":"wp","href":"https:\/\/api.w.org\/{rel}","templated":true}]}}