{"id":21011,"date":"2014-08-29T11:08:04","date_gmt":"2014-08-29T14:08:04","guid":{"rendered":"http:\/\/www.notibras.com\/site\/?p=21011"},"modified":"2014-08-29T14:12:29","modified_gmt":"2014-08-29T17:12:29","slug":"lula-aponta-a-artilharia-para-marina-evita-nome-e-faz-apologia-a-derrota","status":"publish","type":"post","link":"https:\/\/www.notibras.com\/site\/lula-aponta-a-artilharia-para-marina-evita-nome-e-faz-apologia-a-derrota\/","title":{"rendered":"Lula aponta a artilharia para Marina, evita nome e faz apologia \u00e0 derrota"},"content":{"rendered":"<p>O ex-presidente Luiz In\u00e1cio Lula da Silva referiu-se na quinta-feira (28) pela primeira vez \u00e0 candidatura de sua ex-ministra e atual candidata pelo PSB \u00e0 Presid\u00eancia da Rep\u00fablica, Marina Silva, dizendo que os eleitores n\u00e3o devem acreditar em quem faz a apologia da n\u00e3o pol\u00edtica.<\/p>\n<p>Sem citar o nome de Marina uma \u00fanica vez, Lula partiu para o ataque: &#8220;\u00c9 imposs\u00edvel governar fora da pol\u00edtica, pois quem for eleito presidente da Rep\u00fablica tem que conversar com o Congresso Nacional. N\u00e3o est\u00e1 na hora de negar a pol\u00edtica.&#8221;<\/p>\n<p>As afirma\u00e7\u00f5es de Lula, feitas em cima de um carro de som, na cidade de S\u00e3o Jos\u00e9 dos Campos, no Vale do Para\u00edba, em S\u00e3o Paulo, em ato de campanha de seu afilhado pol\u00edtico e candidato do PT ao governo de S\u00e3o Paulo, Alexandre Padilha, s\u00e3o uma resposta a uma das principais bandeiras de campanha de Marina Silva, a apologia da n\u00e3o pol\u00edtica.<\/p>\n<blockquote><p>A candidata que foi al\u00e7ada \u00e0 cabe\u00e7a de chapa do PSB ap\u00f3s a morte do governador Eduardo Campos vem ganhando a ades\u00e3o do eleitorado justamente pelo discurso de que pretende romper com o que ela classifica de pol\u00edtica tradicional.<\/p><\/blockquote>\n<p>Al\u00e9m disso, Marina foi uma da poucas pol\u00edticas que se beneficiaram dos movimentos de rua deflagrados em todo o Pa\u00eds do ano passado, pelo fato de ter conseguido passar uma imagem de que n\u00e3o compactua com a atual pol\u00edtica.<\/p>\n<p>As cr\u00edticas indiretas de Lula \u00e0 sua antiga aliada foram feitas em um momento em que o PT e a assessores da presidente Dilma Rousseff se mobilizaram para recha\u00e7ar um v\u00eddeo divulgado na internet em que Lula pede voto para a candidata do PT ao Senado por Goi\u00e1s, Marina Sant&#8217;Anna, mas que passou por montagem para dar a impress\u00e3o que pede votos \u00e0 Marina Silva. No palanque ao lado de Padilha, Lula fez quest\u00e3o de pedir votos \u00e0 candidata \u00e0 reelei\u00e7\u00e3o Dilma Rousseff, deixando claro sua prefer\u00eancia.<\/p>\n","protected":false},"excerpt":{"rendered":"<p>O ex-presidente Luiz In\u00e1cio Lula da Silva referiu-se na quinta-feira (28) pela primeira vez \u00e0 candidatura de sua ex-ministra e atual candidata pelo PSB \u00e0 Presid\u00eancia da Rep\u00fablica, Marina Silva, dizendo que os eleitores n\u00e3o devem acreditar em quem faz a apologia da n\u00e3o pol\u00edtica. Sem citar o nome de Marina uma \u00fanica vez, Lula [&hellip;]<\/p>\n","protected":false},"author":2,"featured_media":21012,"comment_status":"open","ping_status":"closed","sticky":false,"template":"","format":"standard","meta":{"_acf_changed":false,"footnotes":""},"categories":[33],"tags":[],"class_list":["post-21011","post","type-post","status-publish","format-standard","has-post-thumbnail","hentry","category-eleicoes-2014"],"acf":[],"_links":{"self":[{"href":"https:\/\/www.notibras.com\/site\/wp-json\/wp\/v2\/posts\/21011","targetHints":{"allow":["GET"]}}],"collection":[{"href":"https:\/\/www.notibras.com\/site\/wp-json\/wp\/v2\/posts"}],"about":[{"href":"https:\/\/www.notibras.com\/site\/wp-json\/wp\/v2\/types\/post"}],"author":[{"embeddable":true,"href":"https:\/\/www.notibras.com\/site\/wp-json\/wp\/v2\/users\/2"}],"replies":[{"embeddable":true,"href":"https:\/\/www.notibras.com\/site\/wp-json\/wp\/v2\/comments?post=21011"}],"version-history":[{"count":0,"href":"https:\/\/www.notibras.com\/site\/wp-json\/wp\/v2\/posts\/21011\/revisions"}],"wp:featuredmedia":[{"embeddable":true,"href":"https:\/\/www.notibras.com\/site\/wp-json\/wp\/v2\/media\/21012"}],"wp:attachment":[{"href":"https:\/\/www.notibras.com\/site\/wp-json\/wp\/v2\/media?parent=21011"}],"wp:term":[{"taxonomy":"category","embeddable":true,"href":"https:\/\/www.notibras.com\/site\/wp-json\/wp\/v2\/categories?post=21011"},{"taxonomy":"post_tag","embeddable":true,"href":"https:\/\/www.notibras.com\/site\/wp-json\/wp\/v2\/tags?post=21011"}],"curies":[{"name":"wp","href":"https:\/\/api.w.org\/{rel}","templated":true}]}}