{"id":21014,"date":"2014-08-29T04:12:52","date_gmt":"2014-08-29T07:12:52","guid":{"rendered":"http:\/\/www.notibras.com\/site\/?p=21014"},"modified":"2014-08-29T14:18:08","modified_gmt":"2014-08-29T17:18:08","slug":"aliado-de-marina-cristovam-pede-votos-para-oposicao-em-pernambuco","status":"publish","type":"post","link":"https:\/\/www.notibras.com\/site\/aliado-de-marina-cristovam-pede-votos-para-oposicao-em-pernambuco\/","title":{"rendered":"Aliado de Marina, Cristovam pede votos para oposi\u00e7\u00e3o no Recife"},"content":{"rendered":"<p style=\"text-align: justify;\">O senador Cristovam Buarque (PDT) aparece em um v\u00eddeo pedindo voto para o seu colega de Senado Armando Monteiro Neto (PTB) para o Governo de Pernambuco. A n\u00edvel federal, o senador brasiliense \u00e9 aliado de Marina Silva.<\/p>\n<p style=\"text-align: justify;\">Armando tem como vice o deputado federal Paulo Rubem, do PDT. Mesmo assim, parte dos pedetistas, como o prefeito de Caruaru, Jos\u00e9 Queiroz, e o presidente da Assembleia Legislativa, Guilherme Uchoa, apoiam Paulo C\u00e2mara (PSB).<\/p>\n<blockquote>\n<p style=\"text-align: justify;\">\u201cEle pensa o futuro. E ao pensar o futuro, ele pensa o conjunto. O conjunto da sociedade. E esse conjunto na sua din\u00e2mica, na sua evolu\u00e7\u00e3o, no seu progresso\u201d, afirma Cristovam, sobre o petebista. \u201cEu vejo Armando como um inovador. Exatamente porque est\u00e1 olhando o futuro do conjunto do Pa\u00eds. E n\u00e3o o presente da reparti\u00e7\u00e3o do que n\u00f3s temos hoje no Brasil\u201d, diz.<\/p>\n<\/blockquote>\n<p style=\"text-align: justify;\">Nascido no Recife, Cristovam era muito pr\u00f3ximo do ex-governador de Pernambuco Eduardo Campos. O pedetista, conhecido pela defesa da Educa\u00e7\u00e3o no Pa\u00eds, j\u00e1 disputou a Presid\u00eancia em 2006. Na \u00e9poca, atingiu apenas 2,4% dos votos.<\/p>\n","protected":false},"excerpt":{"rendered":"<p>O senador Cristovam Buarque (PDT) aparece em um v\u00eddeo pedindo voto para o seu colega de Senado Armando Monteiro Neto (PTB) para o Governo de Pernambuco. A n\u00edvel federal, o senador brasiliense \u00e9 aliado de Marina Silva. Armando tem como vice o deputado federal Paulo Rubem, do PDT. Mesmo assim, parte dos pedetistas, como o [&hellip;]<\/p>\n","protected":false},"author":2,"featured_media":21015,"comment_status":"open","ping_status":"closed","sticky":false,"template":"","format":"standard","meta":{"_acf_changed":false,"footnotes":""},"categories":[33],"tags":[],"class_list":["post-21014","post","type-post","status-publish","format-standard","has-post-thumbnail","hentry","category-eleicoes-2014"],"acf":[],"_links":{"self":[{"href":"https:\/\/www.notibras.com\/site\/wp-json\/wp\/v2\/posts\/21014","targetHints":{"allow":["GET"]}}],"collection":[{"href":"https:\/\/www.notibras.com\/site\/wp-json\/wp\/v2\/posts"}],"about":[{"href":"https:\/\/www.notibras.com\/site\/wp-json\/wp\/v2\/types\/post"}],"author":[{"embeddable":true,"href":"https:\/\/www.notibras.com\/site\/wp-json\/wp\/v2\/users\/2"}],"replies":[{"embeddable":true,"href":"https:\/\/www.notibras.com\/site\/wp-json\/wp\/v2\/comments?post=21014"}],"version-history":[{"count":0,"href":"https:\/\/www.notibras.com\/site\/wp-json\/wp\/v2\/posts\/21014\/revisions"}],"wp:featuredmedia":[{"embeddable":true,"href":"https:\/\/www.notibras.com\/site\/wp-json\/wp\/v2\/media\/21015"}],"wp:attachment":[{"href":"https:\/\/www.notibras.com\/site\/wp-json\/wp\/v2\/media?parent=21014"}],"wp:term":[{"taxonomy":"category","embeddable":true,"href":"https:\/\/www.notibras.com\/site\/wp-json\/wp\/v2\/categories?post=21014"},{"taxonomy":"post_tag","embeddable":true,"href":"https:\/\/www.notibras.com\/site\/wp-json\/wp\/v2\/tags?post=21014"}],"curies":[{"name":"wp","href":"https:\/\/api.w.org\/{rel}","templated":true}]}}