{"id":21018,"date":"2014-08-29T00:18:22","date_gmt":"2014-08-29T03:18:22","guid":{"rendered":"http:\/\/www.notibras.com\/site\/?p=21018"},"modified":"2014-08-29T14:22:36","modified_gmt":"2014-08-29T17:22:36","slug":"angela-filha-de-chico-mendes-sai-em-defesa-da-candidatura-de-dilma","status":"publish","type":"post","link":"https:\/\/www.notibras.com\/site\/angela-filha-de-chico-mendes-sai-em-defesa-da-candidatura-de-dilma\/","title":{"rendered":"\u00c2ngela, filha de Chico Mendes, sai em defesa da candidatura de Dilma"},"content":{"rendered":"<p>\u00c2ngela Mendes, filha do ex-l\u00edder seringueiro Chico Mendes, publicou texto em seu perfil no Facebook declarando apoio \u00e0 reelei\u00e7\u00e3o da presidente Dilma Rousseff (PT) e classifica a candidata Marina Silva (PSB), que come\u00e7ou sua trajet\u00f3ria pol\u00edtica ao lado de seu pai, como um \u201cenorme ponto de interroga\u00e7\u00e3o\u201d.<\/p>\n<p>Eleitora de Marina no primeiro turno e de Dilma no segundo, em 2010, \u00c2ngela qualificou como \u201cinfeliz compara\u00e7\u00e3o\u201d a declara\u00e7\u00e3o da ex-senadora, feita durante o debate entre os presidenci\u00e1veis na Band na \u00faltima ter\u00e7a-feira (27), de que Chico Mendes tamb\u00e9m fazia parte da \u201celite\u201d.<\/p>\n<blockquote><p>A compara\u00e7\u00e3o feita por Marina tamb\u00e9m foi rebatida pelo Sindicato dos Trabalhadores e Trabalhadoras Rurais de Xapuri (Acre). Em nota, o sindicato afirmou n\u00e3o concordar com a pol\u00edtica ambiental defendida pela ex-ministra do Meio Ambiente e defendida por ela nos dias atuais.<\/p><\/blockquote>\n<p>Na mensagem publicada no Facebook, \u00c2ngela diz respeitar e admirar a trajet\u00f3ria de vida e o esfor\u00e7o da ex-senadora do Acre, que, alfabetizada apenas aos 16 anos, tornou-se uma das principais refer\u00eancias mundiais na quest\u00e3o ambiental. Mas isso, por si s\u00f3, segundo a filha de Chico Mendes, n\u00e3o credencia a ex-ministra do Meio Ambiente a governar o pa\u00eds. Ela critica as decis\u00f5es tomadas por Marina desde que deixou o PT.<\/p>\n<p>\u201cMarina pra mim ainda \u00e9 um enorme ponto de interroga\u00e7\u00e3o, pra come\u00e7ar: desistiu do PT (utopia do passado) quando poderia ter resistido como fazem hoje tantos PTistas hist\u00f3ricos mesmo n\u00e3o tendo o mesmo espa\u00e7o que a elite que tenta dominar o partido, n\u00e3o resistiu \u00e0 press\u00e3o enquanto ministra quem me garante que vai resistir \u00e0 press\u00f5es ainda mais forte se eleita presidente?\u201d, questiona.<\/p>\n<p>\u00c2ngela tamb\u00e9m questiona as \u201cconcess\u00f5es\u201d feitas pela c\u00fapula do PSB para alavancar a candidatura de Marina. \u201cTer\u00e1 ela realmente liberdade pra governar? N\u00e3o sei, como ser\u00e1 esse mandato em rede, apenas com os melhores? Quem s\u00e3o esses melhores e quais crit\u00e9rios ser\u00e3o utilizados pra escolha desses \u2018melhores\u2019?\u201d<\/p>\n<p>A filha do ex-l\u00edder seringueiro assassinado em 1988 em Xapuri, no Acre, diz que suas \u201cd\u00favidas\u201d s\u00e3o para Marina e suas \u201cesperan\u00e7as\u201d, para Dilma. Na elei\u00e7\u00e3o de 2010, \u00c2ngela chegou a gravar um v\u00eddeo divulgado na internet em que dizia ter votado em Marina, ent\u00e3o candidata pelo PV \u00e0 Presid\u00eancia, no primeiro turno. \u201cVotei na Marina por lealdade \u00e0 hist\u00f3ria dela com o meu pai\u201d, declarou \u00e0 \u00e9poca. Mas cobrava apoio da ex-ministra do Meio Ambiente \u00e0 candidatura de Dilma no segundo turno.<\/p>\n","protected":false},"excerpt":{"rendered":"<p>\u00c2ngela Mendes, filha do ex-l\u00edder seringueiro Chico Mendes, publicou texto em seu perfil no Facebook declarando apoio \u00e0 reelei\u00e7\u00e3o da presidente Dilma Rousseff (PT) e classifica a candidata Marina Silva (PSB), que come\u00e7ou sua trajet\u00f3ria pol\u00edtica ao lado de seu pai, como um \u201cenorme ponto de interroga\u00e7\u00e3o\u201d. Eleitora de Marina no primeiro turno e de [&hellip;]<\/p>\n","protected":false},"author":2,"featured_media":21019,"comment_status":"open","ping_status":"closed","sticky":false,"template":"","format":"standard","meta":{"_acf_changed":false,"footnotes":""},"categories":[33],"tags":[],"class_list":["post-21018","post","type-post","status-publish","format-standard","has-post-thumbnail","hentry","category-eleicoes-2014"],"acf":[],"_links":{"self":[{"href":"https:\/\/www.notibras.com\/site\/wp-json\/wp\/v2\/posts\/21018","targetHints":{"allow":["GET"]}}],"collection":[{"href":"https:\/\/www.notibras.com\/site\/wp-json\/wp\/v2\/posts"}],"about":[{"href":"https:\/\/www.notibras.com\/site\/wp-json\/wp\/v2\/types\/post"}],"author":[{"embeddable":true,"href":"https:\/\/www.notibras.com\/site\/wp-json\/wp\/v2\/users\/2"}],"replies":[{"embeddable":true,"href":"https:\/\/www.notibras.com\/site\/wp-json\/wp\/v2\/comments?post=21018"}],"version-history":[{"count":0,"href":"https:\/\/www.notibras.com\/site\/wp-json\/wp\/v2\/posts\/21018\/revisions"}],"wp:featuredmedia":[{"embeddable":true,"href":"https:\/\/www.notibras.com\/site\/wp-json\/wp\/v2\/media\/21019"}],"wp:attachment":[{"href":"https:\/\/www.notibras.com\/site\/wp-json\/wp\/v2\/media?parent=21018"}],"wp:term":[{"taxonomy":"category","embeddable":true,"href":"https:\/\/www.notibras.com\/site\/wp-json\/wp\/v2\/categories?post=21018"},{"taxonomy":"post_tag","embeddable":true,"href":"https:\/\/www.notibras.com\/site\/wp-json\/wp\/v2\/tags?post=21018"}],"curies":[{"name":"wp","href":"https:\/\/api.w.org\/{rel}","templated":true}]}}