{"id":21021,"date":"2014-08-29T14:45:18","date_gmt":"2014-08-29T17:45:18","guid":{"rendered":"http:\/\/www.notibras.com\/site\/?p=21021"},"modified":"2014-08-30T12:57:27","modified_gmt":"2014-08-30T15:57:27","slug":"mantega-culpa-copa-seca-e-mercado-externo-pela-derrocada-da-economia","status":"publish","type":"post","link":"https:\/\/www.notibras.com\/site\/mantega-culpa-copa-seca-e-mercado-externo-pela-derrocada-da-economia\/","title":{"rendered":"Mantega culpa Copa, seca e mercado externo pela derrocada da economia"},"content":{"rendered":"<p>O ministro da Fazenda, Guido Mantega, atribuiu o fraco desempenho do Produto Interno Bruto (PIB) no segundo trimestre \u2013 com queda de 0,6% em rela\u00e7\u00e3o ao per\u00edodo anterior &#8211; \u00e0 baixa demanda no com\u00e9rcio internacional e tamb\u00e9m a problemas conjunturais internos, como os efeitos da estiagem &#8211; que levou ao aumento do custo da energia el\u00e9trica &#8211; e ao menor n\u00famero de dias \u00fateis em junho, devido aos dias de jogos da Copa do Mundo.<\/p>\n<p>Na avalia\u00e7\u00e3o de Mantega, mesmo com o fato de ter ocorrido dois trimestres seguidos de queda no PIB &#8211; que j\u00e1 havia ca\u00eddo 0,2% no trimestre anterior &#8211; seriam necess\u00e1rios mais resultados negativos para se ter certeza de que o pa\u00eds entrou em recess\u00e3o. Ele assinalou que os primeiros indicativos da produ\u00e7\u00e3o industrial para o terceiro trimestre j\u00e1 mostram recupera\u00e7\u00e3o do crescimento econ\u00f4mico. Ele ainda enfatizou que a infla\u00e7\u00e3o tamb\u00e9m j\u00e1 deu sinais de acomoda\u00e7\u00e3o, e a massa salarial permanece em alta.<\/p>\n<p>&#8220;Na minha opini\u00e3o, n\u00e3o d\u00e1 para falar em recess\u00e3o. Recess\u00e3o \u00e9 uma parada prolongada, como ocorreu com os pa\u00edses europeus e ocorre quando h\u00e1 desemprego&#8221;, avaliou. Ele disse que, no primeiro semestre, o Brasil conseguiu criar 500 mil novas vagas de trabalho.<\/p>\n<p>Para o ministro, o mercado consumidor interno tamb\u00e9m deve reagir com a libera\u00e7\u00e3o de dep\u00f3sitos compuls\u00f3rios e outras medidas anunciadas na semana passada pelo Banco Central, com a entrada de mais recursos para financiamento de bens dur\u00e1veis. \u201cTemos um mercado consumidor crescendo e a inadimpl\u00eancia caindo, com possibilidade de aumentar a demanda\u201d, avaliou o ministro.<\/p>\n<p>Como o resultado do PIB ficou aqu\u00e9m do esperado, Mantega disse que, muito provavelmente, o governo vai ter que rever a meta de crescimento de 1,8% prevista para este ano, mas ele manifestou expectativa de que a revis\u00e3o do resultado pelo Instituto Brasileiro de Geografia e Estat\u00edstica (IBGE) n\u00e3o confirme a queda. Mantega falou no escrit\u00f3rio regional da Presid\u00eancia da Rep\u00fablica em S\u00e3o Paulo.<\/p>\n<p>O ministro disse que a produ\u00e7\u00e3o do super\u00e1vit prim\u00e1rio foi afetada com o cen\u00e1rio internacional desfavor\u00e1vel, mas ele mostrou confian\u00e7a sobre a melhoria no resultado de julho divulgado hoje pelo Tesouro Nacional, que registrou o pior desempenho da s\u00e9rie hist\u00f3rica, iniciada em 1997. De acordo com Mantega, os dados indicados pelo BNDES mostram aumento das vendas de m\u00e1quinas e equipamentos no segundo trimestre e que isso deve repercutir no m\u00e9dio prazo. \u201cN\u00f3s temos um dos maiores super\u00e1vits do mundo e h\u00e1 condi\u00e7\u00f5es de fazermos um maior ainda\u201d, garantiu.<\/p>\n<p><strong>\u00a0Marli Moreira, ABr<\/strong><\/p>\n","protected":false},"excerpt":{"rendered":"<p>O ministro da Fazenda, Guido Mantega, atribuiu o fraco desempenho do Produto Interno Bruto (PIB) no segundo trimestre \u2013 com queda de 0,6% em rela\u00e7\u00e3o ao per\u00edodo anterior &#8211; \u00e0 baixa demanda no com\u00e9rcio internacional e tamb\u00e9m a problemas conjunturais internos, como os efeitos da estiagem &#8211; que levou ao aumento do custo da energia [&hellip;]<\/p>\n","protected":false},"author":2,"featured_media":21022,"comment_status":"open","ping_status":"closed","sticky":false,"template":"","format":"standard","meta":{"_acf_changed":false,"footnotes":""},"categories":[16],"tags":[],"class_list":["post-21021","post","type-post","status-publish","format-standard","has-post-thumbnail","hentry","category-brasil"],"acf":[],"_links":{"self":[{"href":"https:\/\/www.notibras.com\/site\/wp-json\/wp\/v2\/posts\/21021","targetHints":{"allow":["GET"]}}],"collection":[{"href":"https:\/\/www.notibras.com\/site\/wp-json\/wp\/v2\/posts"}],"about":[{"href":"https:\/\/www.notibras.com\/site\/wp-json\/wp\/v2\/types\/post"}],"author":[{"embeddable":true,"href":"https:\/\/www.notibras.com\/site\/wp-json\/wp\/v2\/users\/2"}],"replies":[{"embeddable":true,"href":"https:\/\/www.notibras.com\/site\/wp-json\/wp\/v2\/comments?post=21021"}],"version-history":[{"count":0,"href":"https:\/\/www.notibras.com\/site\/wp-json\/wp\/v2\/posts\/21021\/revisions"}],"wp:featuredmedia":[{"embeddable":true,"href":"https:\/\/www.notibras.com\/site\/wp-json\/wp\/v2\/media\/21022"}],"wp:attachment":[{"href":"https:\/\/www.notibras.com\/site\/wp-json\/wp\/v2\/media?parent=21021"}],"wp:term":[{"taxonomy":"category","embeddable":true,"href":"https:\/\/www.notibras.com\/site\/wp-json\/wp\/v2\/categories?post=21021"},{"taxonomy":"post_tag","embeddable":true,"href":"https:\/\/www.notibras.com\/site\/wp-json\/wp\/v2\/tags?post=21021"}],"curies":[{"name":"wp","href":"https:\/\/api.w.org\/{rel}","templated":true}]}}