{"id":21025,"date":"2014-08-29T14:52:00","date_gmt":"2014-08-29T17:52:00","guid":{"rendered":"http:\/\/www.notibras.com\/site\/?p=21025"},"modified":"2014-08-29T14:52:53","modified_gmt":"2014-08-29T17:52:53","slug":"caixa-do-governo-tem-deficit-de-22-bi-o-pior-desde-1997","status":"publish","type":"post","link":"https:\/\/www.notibras.com\/site\/caixa-do-governo-tem-deficit-de-22-bi-o-pior-desde-1997\/","title":{"rendered":"Caixa do governo tem d\u00e9ficit de 2,2 bilh\u00f5es, o pior desde 1997"},"content":{"rendered":"<p>O Governo Central (Banco Central, Tesouro Nacional e Previd\u00eancia Social) registra, em julho, o pior resultado prim\u00e1rio da s\u00e9rie hist\u00f3rica, iniciada em 1997. No m\u00eas, o resultado ficou negativo em R$ 2,2 bilh\u00f5es, ante o d\u00e9ficit de R$ 1,9 bilh\u00e3o de junho. Os n\u00fameros foram divulgados hoje (29) pelo Tesouro Nacional.<\/p>\n<p>Em 2014, at\u00e9 julho, o super\u00e1vit prim\u00e1rio do Governo Central somou R$ 15,2 bilh\u00f5es \u2013 o equivalente a 0,52% do Produto Interno Bruto (PIB). Entre outros, a receita do setor apresentou acr\u00e9scimo de 8,5% relativamente ao m\u00eas anterior, devido, principalmente, ao recolhimento, no m\u00eas de julho, da primeira cota ou cota \u00fanica do Imposto de Renda da Pessoa Jur\u00eddica (IRPJ), da Contribui\u00e7\u00e3o Social sobre o Lucro L\u00edquido (CSLL) e da participa\u00e7\u00e3o especial de parte das compensa\u00e7\u00f5es financeiras, apurada trimestralmente.<\/p>\n<blockquote><p>No m\u00eas, as despesas do Governo Central aumentaram R$ 9,9 bilh\u00f5es (12,3%). O aumento \u00e9 explicado pelo Tesouro Nacional como consequ\u00eancia da antecipa\u00e7\u00e3o da gratifica\u00e7\u00e3o natalina dos servidores do Poder Executivo, in\u00edcio do pagamento do benef\u00edcio do abono salarial (FAT) e acr\u00e9scimo dos investimentos no Programa de Acelera\u00e7\u00e3o do Crescimento (PAC).<\/p><\/blockquote>\n","protected":false},"excerpt":{"rendered":"<p>O Governo Central (Banco Central, Tesouro Nacional e Previd\u00eancia Social) registra, em julho, o pior resultado prim\u00e1rio da s\u00e9rie hist\u00f3rica, iniciada em 1997. No m\u00eas, o resultado ficou negativo em R$ 2,2 bilh\u00f5es, ante o d\u00e9ficit de R$ 1,9 bilh\u00e3o de junho. Os n\u00fameros foram divulgados hoje (29) pelo Tesouro Nacional. Em 2014, at\u00e9 julho, [&hellip;]<\/p>\n","protected":false},"author":2,"featured_media":21026,"comment_status":"open","ping_status":"closed","sticky":false,"template":"","format":"standard","meta":{"_acf_changed":false,"footnotes":""},"categories":[16],"tags":[],"class_list":["post-21025","post","type-post","status-publish","format-standard","has-post-thumbnail","hentry","category-brasil"],"acf":[],"_links":{"self":[{"href":"https:\/\/www.notibras.com\/site\/wp-json\/wp\/v2\/posts\/21025","targetHints":{"allow":["GET"]}}],"collection":[{"href":"https:\/\/www.notibras.com\/site\/wp-json\/wp\/v2\/posts"}],"about":[{"href":"https:\/\/www.notibras.com\/site\/wp-json\/wp\/v2\/types\/post"}],"author":[{"embeddable":true,"href":"https:\/\/www.notibras.com\/site\/wp-json\/wp\/v2\/users\/2"}],"replies":[{"embeddable":true,"href":"https:\/\/www.notibras.com\/site\/wp-json\/wp\/v2\/comments?post=21025"}],"version-history":[{"count":0,"href":"https:\/\/www.notibras.com\/site\/wp-json\/wp\/v2\/posts\/21025\/revisions"}],"wp:featuredmedia":[{"embeddable":true,"href":"https:\/\/www.notibras.com\/site\/wp-json\/wp\/v2\/media\/21026"}],"wp:attachment":[{"href":"https:\/\/www.notibras.com\/site\/wp-json\/wp\/v2\/media?parent=21025"}],"wp:term":[{"taxonomy":"category","embeddable":true,"href":"https:\/\/www.notibras.com\/site\/wp-json\/wp\/v2\/categories?post=21025"},{"taxonomy":"post_tag","embeddable":true,"href":"https:\/\/www.notibras.com\/site\/wp-json\/wp\/v2\/tags?post=21025"}],"curies":[{"name":"wp","href":"https:\/\/api.w.org\/{rel}","templated":true}]}}