{"id":21030,"date":"2014-08-29T19:11:49","date_gmt":"2014-08-29T22:11:49","guid":{"rendered":"http:\/\/www.notibras.com\/site\/?p=21030"},"modified":"2014-08-29T19:11:49","modified_gmt":"2014-08-29T22:11:49","slug":"voluntarios-do-bem-por-dias-melhores-por-uma-vida-melhor","status":"publish","type":"post","link":"https:\/\/www.notibras.com\/site\/voluntarios-do-bem-por-dias-melhores-por-uma-vida-melhor\/","title":{"rendered":"Volunt\u00e1rios do Bem, por dias melhores, por uma vida melhor"},"content":{"rendered":"<p>&#8220;O que fazemos por n\u00f3s mesmos morre conosco, o que fazemos pelos outros permanece e \u00e9 eterno.&#8221;<\/p>\n<p>No mundo atual, moderno pela tecnologia de informa\u00e7\u00e3o, muitas atividades ganham uma din\u00e2mica melhor se os produtos e servi\u00e7os tiverem, al\u00e9m da original seriedade, uma abrang\u00eancia infinita de parceiros.<\/p>\n<p>Pela internet \u00e9 poss\u00edvel se nutrir de redes de voluntariado, cuja finalidade \u00e9 propiciar uma variedade de atividades com enfoque absoluto ao bem-estar da humanidade. Na medida em que uma ferramenta de primeiros socorros ou r\u00e1pidas informa\u00e7\u00f5es \u00e9 disponibilizada economiza-se energia e se ganha tempo na resolu\u00e7\u00e3o dos problemas.<\/p>\n<p>De f\u00e1cil manipula\u00e7\u00e3o e utiliza\u00e7\u00e3o, o Planeta Volunt\u00e1rios nasceu com a premissa de fortalecer parcerias, agregar conhecimento e dissemin\u00e1-lo, seja no eixo social, cultural, cient\u00edfico ou beneficente.<\/p>\n<p>Cada atividade \u00e9 desenvolvida com a determina\u00e7\u00e3o de se buscar caminhos retos e r\u00e1pidos, com o prop\u00f3sito de atuar na imediata resolu\u00e7\u00e3o, pois muitas vezes, uma resposta, uma alternativa ou mesmo ou uma sugest\u00e3o, por simples que seja, pode estar a quil\u00f4metros de dist\u00e2ncia. Com os parceiros e colaboradores se forma um expressivo banco de dados e em poucos minutos se pode atuar na pr\u00e1tica atrav\u00e9s da permuta comunit\u00e1ria. \u00c9 a forma instant\u00e2nea de agir e reagir.<\/p>\n<p>Na \u00faltima d\u00e9cada grandes avan\u00e7os se consolidaram pelas atua\u00e7\u00f5es da m\u00eddia eletr\u00f4nica. Muitos casos considerados dif\u00edceis foram resolvidos. Encontraram-se pessoas h\u00e1 muito tempo procuradas; dividiram-se ajudas coletivas em prol de v\u00edtimas de cat\u00e1strofes e consegui-se repassar \u00e0 boa e importante informa\u00e7\u00e3o. \u00c9 bem verdade que h\u00e1 muitos instrumentos servindo v\u00e1rias popula\u00e7\u00f5es hoje em dia. No caso do Planeta Volunt\u00e1rios, al\u00e9m de se caracterizar como uma organiza\u00e7\u00e3o que prima pela absoluta benevol\u00eancia, h\u00e1 na espinha dorsal dos objetivos um imensur\u00e1vel potencial profissional, utilizando a rede para ser e n\u00e3o para ter.<\/p>\n<p>Paradoxalmente muitas pessoas acreditam que a internet e suas deriva\u00e7\u00f5es servem para afastar as pessoas. O Plante Volunt\u00e1rios n\u00e3o. Nossa miss\u00e3o \u00e9 aproxim\u00e1-las para com efeito somat\u00f3rio dividirmos o que de bem se precisa para que as pessoas tenham dias melhores, anos melhores, uma vida melhor.<\/p>\n<p><strong>Marcio Demari, fundador e presidente do Portal Planeta Volunt\u00e1rios<\/strong><\/p>\n","protected":false},"excerpt":{"rendered":"<p>&#8220;O que fazemos por n\u00f3s mesmos morre conosco, o que fazemos pelos outros permanece e \u00e9 eterno.&#8221; No mundo atual, moderno pela tecnologia de informa\u00e7\u00e3o, muitas atividades ganham uma din\u00e2mica melhor se os produtos e servi\u00e7os tiverem, al\u00e9m da original seriedade, uma abrang\u00eancia infinita de parceiros. Pela internet \u00e9 poss\u00edvel se nutrir de redes de [&hellip;]<\/p>\n","protected":false},"author":2,"featured_media":21031,"comment_status":"open","ping_status":"closed","sticky":false,"template":"","format":"standard","meta":{"_acf_changed":false,"footnotes":""},"categories":[25],"tags":[],"class_list":["post-21030","post","type-post","status-publish","format-standard","has-post-thumbnail","hentry","category-opina-ai"],"acf":[],"yoast_head":"<!-- This site is optimized with the Yoast SEO plugin v27.5 - https:\/\/yoast.com\/product\/yoast-seo-wordpress\/ -->\n<title>Volunt\u00e1rios do Bem, por dias melhores, por uma vida melhor - Notibras<\/title>\n<meta name=\"robots\" content=\"index, follow, max-snippet:-1, max-image-preview:large, max-video-preview:-1\" \/>\n<link rel=\"canonical\" href=\"https:\/\/www.notibras.com\/site\/voluntarios-do-bem-por-dias-melhores-por-uma-vida-melhor\/\" \/>\n<meta property=\"og:locale\" content=\"pt_BR\" \/>\n<meta property=\"og:type\" content=\"article\" \/>\n<meta property=\"og:title\" content=\"Volunt\u00e1rios do Bem, por dias melhores, por uma vida melhor - Notibras\" \/>\n<meta property=\"og:description\" content=\"&#8220;O que fazemos por n\u00f3s mesmos morre conosco, o que fazemos pelos outros permanece e \u00e9 eterno.&#8221; No mundo atual, moderno pela tecnologia de informa\u00e7\u00e3o, muitas atividades ganham uma din\u00e2mica melhor se os produtos e servi\u00e7os tiverem, al\u00e9m da original seriedade, uma abrang\u00eancia infinita de parceiros. Pela internet \u00e9 poss\u00edvel se nutrir de redes de [&hellip;]\" \/>\n<meta property=\"og:url\" content=\"https:\/\/www.notibras.com\/site\/voluntarios-do-bem-por-dias-melhores-por-uma-vida-melhor\/\" \/>\n<meta property=\"og:site_name\" content=\"Notibras\" \/>\n<meta property=\"article:publisher\" content=\"https:\/\/www.facebook.com\/notibras\/\" \/>\n<meta property=\"article:published_time\" content=\"2014-08-29T22:11:49+00:00\" \/>\n<meta property=\"og:image\" content=\"https:\/\/www.notibras.com\/site\/wp-content\/uploads\/2014\/08\/redimensiona.php_.jpeg\" \/>\n\t<meta property=\"og:image:width\" content=\"600\" \/>\n\t<meta property=\"og:image:height\" content=\"401\" \/>\n\t<meta property=\"og:image:type\" content=\"image\/jpeg\" \/>\n<meta name=\"author\" content=\"Reda\u00e7\u00e3o\" \/>\n<meta name=\"twitter:card\" content=\"summary_large_image\" \/>\n<meta name=\"twitter:creator\" content=\"@Notibras\" \/>\n<meta name=\"twitter:site\" content=\"@Notibras\" \/>\n<meta name=\"twitter:label1\" content=\"Escrito por\" \/>\n\t<meta name=\"twitter:data1\" content=\"Reda\u00e7\u00e3o\" \/>\n\t<meta name=\"twitter:label2\" content=\"Est. tempo de leitura\" \/>\n\t<meta name=\"twitter:data2\" content=\"2 minutos\" \/>\n<script type=\"application\/ld+json\" class=\"yoast-schema-graph\">{\"@context\":\"https:\\\/\\\/schema.org\",\"@graph\":[{\"@type\":\"Article\",\"@id\":\"https:\\\/\\\/www.notibras.com\\\/site\\\/voluntarios-do-bem-por-dias-melhores-por-uma-vida-melhor\\\/#article\",\"isPartOf\":{\"@id\":\"https:\\\/\\\/www.notibras.com\\\/site\\\/voluntarios-do-bem-por-dias-melhores-por-uma-vida-melhor\\\/\"},\"author\":{\"name\":\"Reda\u00e7\u00e3o\",\"@id\":\"https:\\\/\\\/www.notibras.com\\\/site\\\/#\\\/schema\\\/person\\\/36ab0979449956132d3e5b517ea76ac8\"},\"headline\":\"Volunt\u00e1rios do Bem, por dias melhores, por uma vida melhor\",\"datePublished\":\"2014-08-29T22:11:49+00:00\",\"mainEntityOfPage\":{\"@id\":\"https:\\\/\\\/www.notibras.com\\\/site\\\/voluntarios-do-bem-por-dias-melhores-por-uma-vida-melhor\\\/\"},\"wordCount\":397,\"commentCount\":0,\"publisher\":{\"@id\":\"https:\\\/\\\/www.notibras.com\\\/site\\\/#organization\"},\"image\":{\"@id\":\"https:\\\/\\\/www.notibras.com\\\/site\\\/voluntarios-do-bem-por-dias-melhores-por-uma-vida-melhor\\\/#primaryimage\"},\"thumbnailUrl\":\"https:\\\/\\\/www.notibras.com\\\/site\\\/wp-content\\\/uploads\\\/2014\\\/08\\\/redimensiona.php_.jpeg\",\"articleSection\":[\"Opina a\u00ed\"],\"inLanguage\":\"pt-BR\",\"potentialAction\":[{\"@type\":\"CommentAction\",\"name\":\"Comment\",\"target\":[\"https:\\\/\\\/www.notibras.com\\\/site\\\/voluntarios-do-bem-por-dias-melhores-por-uma-vida-melhor\\\/#respond\"]}]},{\"@type\":\"WebPage\",\"@id\":\"https:\\\/\\\/www.notibras.com\\\/site\\\/voluntarios-do-bem-por-dias-melhores-por-uma-vida-melhor\\\/\",\"url\":\"https:\\\/\\\/www.notibras.com\\\/site\\\/voluntarios-do-bem-por-dias-melhores-por-uma-vida-melhor\\\/\",\"name\":\"Volunt\u00e1rios do Bem, por dias melhores, por uma vida melhor - Notibras\",\"isPartOf\":{\"@id\":\"https:\\\/\\\/www.notibras.com\\\/site\\\/#website\"},\"primaryImageOfPage\":{\"@id\":\"https:\\\/\\\/www.notibras.com\\\/site\\\/voluntarios-do-bem-por-dias-melhores-por-uma-vida-melhor\\\/#primaryimage\"},\"image\":{\"@id\":\"https:\\\/\\\/www.notibras.com\\\/site\\\/voluntarios-do-bem-por-dias-melhores-por-uma-vida-melhor\\\/#primaryimage\"},\"thumbnailUrl\":\"https:\\\/\\\/www.notibras.com\\\/site\\\/wp-content\\\/uploads\\\/2014\\\/08\\\/redimensiona.php_.jpeg\",\"datePublished\":\"2014-08-29T22:11:49+00:00\",\"breadcrumb\":{\"@id\":\"https:\\\/\\\/www.notibras.com\\\/site\\\/voluntarios-do-bem-por-dias-melhores-por-uma-vida-melhor\\\/#breadcrumb\"},\"inLanguage\":\"pt-BR\",\"potentialAction\":[{\"@type\":\"ReadAction\",\"target\":[\"https:\\\/\\\/www.notibras.com\\\/site\\\/voluntarios-do-bem-por-dias-melhores-por-uma-vida-melhor\\\/\"]}]},{\"@type\":\"ImageObject\",\"inLanguage\":\"pt-BR\",\"@id\":\"https:\\\/\\\/www.notibras.com\\\/site\\\/voluntarios-do-bem-por-dias-melhores-por-uma-vida-melhor\\\/#primaryimage\",\"url\":\"https:\\\/\\\/www.notibras.com\\\/site\\\/wp-content\\\/uploads\\\/2014\\\/08\\\/redimensiona.php_.jpeg\",\"contentUrl\":\"https:\\\/\\\/www.notibras.com\\\/site\\\/wp-content\\\/uploads\\\/2014\\\/08\\\/redimensiona.php_.jpeg\",\"width\":600,\"height\":401},{\"@type\":\"BreadcrumbList\",\"@id\":\"https:\\\/\\\/www.notibras.com\\\/site\\\/voluntarios-do-bem-por-dias-melhores-por-uma-vida-melhor\\\/#breadcrumb\",\"itemListElement\":[{\"@type\":\"ListItem\",\"position\":1,\"name\":\"In\u00edcio\",\"item\":\"https:\\\/\\\/www.notibras.com\\\/site\\\/\"},{\"@type\":\"ListItem\",\"position\":2,\"name\":\"Volunt\u00e1rios do Bem, por dias melhores, por uma vida melhor\"}]},{\"@type\":\"WebSite\",\"@id\":\"https:\\\/\\\/www.notibras.com\\\/site\\\/#website\",\"url\":\"https:\\\/\\\/www.notibras.com\\\/site\\\/\",\"name\":\"Notibras\",\"description\":\"Not\u00edcias de Bras\u00edlia, do Brasil e do Mundo\",\"publisher\":{\"@id\":\"https:\\\/\\\/www.notibras.com\\\/site\\\/#organization\"},\"potentialAction\":[{\"@type\":\"SearchAction\",\"target\":{\"@type\":\"EntryPoint\",\"urlTemplate\":\"https:\\\/\\\/www.notibras.com\\\/site\\\/?s={search_term_string}\"},\"query-input\":{\"@type\":\"PropertyValueSpecification\",\"valueRequired\":true,\"valueName\":\"search_term_string\"}}],\"inLanguage\":\"pt-BR\"},{\"@type\":\"Organization\",\"@id\":\"https:\\\/\\\/www.notibras.com\\\/site\\\/#organization\",\"name\":\"Grupo Notibras de Comunica\u00e7\u00e3o\",\"url\":\"https:\\\/\\\/www.notibras.com\\\/site\\\/\",\"logo\":{\"@type\":\"ImageObject\",\"inLanguage\":\"pt-BR\",\"@id\":\"https:\\\/\\\/www.notibras.com\\\/site\\\/#\\\/schema\\\/logo\\\/image\\\/\",\"url\":\"https:\\\/\\\/www.notibras.com\\\/site\\\/wp-content\\\/uploads\\\/2023\\\/01\\\/notibras23.png\",\"contentUrl\":\"https:\\\/\\\/www.notibras.com\\\/site\\\/wp-content\\\/uploads\\\/2023\\\/01\\\/notibras23.png\",\"width\":350,\"height\":87,\"caption\":\"Grupo Notibras de Comunica\u00e7\u00e3o\"},\"image\":{\"@id\":\"https:\\\/\\\/www.notibras.com\\\/site\\\/#\\\/schema\\\/logo\\\/image\\\/\"},\"sameAs\":[\"https:\\\/\\\/www.facebook.com\\\/notibras\\\/\",\"https:\\\/\\\/x.com\\\/Notibras\",\"https:\\\/\\\/www.instagram.com\\\/notibras\\\/\"]},{\"@type\":\"Person\",\"@id\":\"https:\\\/\\\/www.notibras.com\\\/site\\\/#\\\/schema\\\/person\\\/36ab0979449956132d3e5b517ea76ac8\",\"name\":\"Reda\u00e7\u00e3o\",\"image\":{\"@type\":\"ImageObject\",\"inLanguage\":\"pt-BR\",\"@id\":\"https:\\\/\\\/secure.gravatar.com\\\/avatar\\\/e0a867bdedb85fd243eadf09663511f96fc81e0720a4a42581f334ad4303aa6b?s=96&d=mm&r=g\",\"url\":\"https:\\\/\\\/secure.gravatar.com\\\/avatar\\\/e0a867bdedb85fd243eadf09663511f96fc81e0720a4a42581f334ad4303aa6b?s=96&d=mm&r=g\",\"contentUrl\":\"https:\\\/\\\/secure.gravatar.com\\\/avatar\\\/e0a867bdedb85fd243eadf09663511f96fc81e0720a4a42581f334ad4303aa6b?s=96&d=mm&r=g\",\"caption\":\"Reda\u00e7\u00e3o\"}}]}<\/script>\n<!-- \/ Yoast SEO plugin. -->","yoast_head_json":{"title":"Volunt\u00e1rios do Bem, por dias melhores, por uma vida melhor - Notibras","robots":{"index":"index","follow":"follow","max-snippet":"max-snippet:-1","max-image-preview":"max-image-preview:large","max-video-preview":"max-video-preview:-1"},"canonical":"https:\/\/www.notibras.com\/site\/voluntarios-do-bem-por-dias-melhores-por-uma-vida-melhor\/","og_locale":"pt_BR","og_type":"article","og_title":"Volunt\u00e1rios do Bem, por dias melhores, por uma vida melhor - Notibras","og_description":"&#8220;O que fazemos por n\u00f3s mesmos morre conosco, o que fazemos pelos outros permanece e \u00e9 eterno.&#8221; No mundo atual, moderno pela tecnologia de informa\u00e7\u00e3o, muitas atividades ganham uma din\u00e2mica melhor se os produtos e servi\u00e7os tiverem, al\u00e9m da original seriedade, uma abrang\u00eancia infinita de parceiros. Pela internet \u00e9 poss\u00edvel se nutrir de redes de [&hellip;]","og_url":"https:\/\/www.notibras.com\/site\/voluntarios-do-bem-por-dias-melhores-por-uma-vida-melhor\/","og_site_name":"Notibras","article_publisher":"https:\/\/www.facebook.com\/notibras\/","article_published_time":"2014-08-29T22:11:49+00:00","og_image":[{"width":600,"height":401,"url":"https:\/\/www.notibras.com\/site\/wp-content\/uploads\/2014\/08\/redimensiona.php_.jpeg","type":"image\/jpeg"}],"author":"Reda\u00e7\u00e3o","twitter_card":"summary_large_image","twitter_creator":"@Notibras","twitter_site":"@Notibras","twitter_misc":{"Escrito por":"Reda\u00e7\u00e3o","Est. tempo de leitura":"2 minutos"},"schema":{"@context":"https:\/\/schema.org","@graph":[{"@type":"Article","@id":"https:\/\/www.notibras.com\/site\/voluntarios-do-bem-por-dias-melhores-por-uma-vida-melhor\/#article","isPartOf":{"@id":"https:\/\/www.notibras.com\/site\/voluntarios-do-bem-por-dias-melhores-por-uma-vida-melhor\/"},"author":{"name":"Reda\u00e7\u00e3o","@id":"https:\/\/www.notibras.com\/site\/#\/schema\/person\/36ab0979449956132d3e5b517ea76ac8"},"headline":"Volunt\u00e1rios do Bem, por dias melhores, por uma vida melhor","datePublished":"2014-08-29T22:11:49+00:00","mainEntityOfPage":{"@id":"https:\/\/www.notibras.com\/site\/voluntarios-do-bem-por-dias-melhores-por-uma-vida-melhor\/"},"wordCount":397,"commentCount":0,"publisher":{"@id":"https:\/\/www.notibras.com\/site\/#organization"},"image":{"@id":"https:\/\/www.notibras.com\/site\/voluntarios-do-bem-por-dias-melhores-por-uma-vida-melhor\/#primaryimage"},"thumbnailUrl":"https:\/\/www.notibras.com\/site\/wp-content\/uploads\/2014\/08\/redimensiona.php_.jpeg","articleSection":["Opina a\u00ed"],"inLanguage":"pt-BR","potentialAction":[{"@type":"CommentAction","name":"Comment","target":["https:\/\/www.notibras.com\/site\/voluntarios-do-bem-por-dias-melhores-por-uma-vida-melhor\/#respond"]}]},{"@type":"WebPage","@id":"https:\/\/www.notibras.com\/site\/voluntarios-do-bem-por-dias-melhores-por-uma-vida-melhor\/","url":"https:\/\/www.notibras.com\/site\/voluntarios-do-bem-por-dias-melhores-por-uma-vida-melhor\/","name":"Volunt\u00e1rios do Bem, por dias melhores, por uma vida melhor - Notibras","isPartOf":{"@id":"https:\/\/www.notibras.com\/site\/#website"},"primaryImageOfPage":{"@id":"https:\/\/www.notibras.com\/site\/voluntarios-do-bem-por-dias-melhores-por-uma-vida-melhor\/#primaryimage"},"image":{"@id":"https:\/\/www.notibras.com\/site\/voluntarios-do-bem-por-dias-melhores-por-uma-vida-melhor\/#primaryimage"},"thumbnailUrl":"https:\/\/www.notibras.com\/site\/wp-content\/uploads\/2014\/08\/redimensiona.php_.jpeg","datePublished":"2014-08-29T22:11:49+00:00","breadcrumb":{"@id":"https:\/\/www.notibras.com\/site\/voluntarios-do-bem-por-dias-melhores-por-uma-vida-melhor\/#breadcrumb"},"inLanguage":"pt-BR","potentialAction":[{"@type":"ReadAction","target":["https:\/\/www.notibras.com\/site\/voluntarios-do-bem-por-dias-melhores-por-uma-vida-melhor\/"]}]},{"@type":"ImageObject","inLanguage":"pt-BR","@id":"https:\/\/www.notibras.com\/site\/voluntarios-do-bem-por-dias-melhores-por-uma-vida-melhor\/#primaryimage","url":"https:\/\/www.notibras.com\/site\/wp-content\/uploads\/2014\/08\/redimensiona.php_.jpeg","contentUrl":"https:\/\/www.notibras.com\/site\/wp-content\/uploads\/2014\/08\/redimensiona.php_.jpeg","width":600,"height":401},{"@type":"BreadcrumbList","@id":"https:\/\/www.notibras.com\/site\/voluntarios-do-bem-por-dias-melhores-por-uma-vida-melhor\/#breadcrumb","itemListElement":[{"@type":"ListItem","position":1,"name":"In\u00edcio","item":"https:\/\/www.notibras.com\/site\/"},{"@type":"ListItem","position":2,"name":"Volunt\u00e1rios do Bem, por dias melhores, por uma vida melhor"}]},{"@type":"WebSite","@id":"https:\/\/www.notibras.com\/site\/#website","url":"https:\/\/www.notibras.com\/site\/","name":"Notibras","description":"Not\u00edcias de Bras\u00edlia, do Brasil e do Mundo","publisher":{"@id":"https:\/\/www.notibras.com\/site\/#organization"},"potentialAction":[{"@type":"SearchAction","target":{"@type":"EntryPoint","urlTemplate":"https:\/\/www.notibras.com\/site\/?s={search_term_string}"},"query-input":{"@type":"PropertyValueSpecification","valueRequired":true,"valueName":"search_term_string"}}],"inLanguage":"pt-BR"},{"@type":"Organization","@id":"https:\/\/www.notibras.com\/site\/#organization","name":"Grupo Notibras de Comunica\u00e7\u00e3o","url":"https:\/\/www.notibras.com\/site\/","logo":{"@type":"ImageObject","inLanguage":"pt-BR","@id":"https:\/\/www.notibras.com\/site\/#\/schema\/logo\/image\/","url":"https:\/\/www.notibras.com\/site\/wp-content\/uploads\/2023\/01\/notibras23.png","contentUrl":"https:\/\/www.notibras.com\/site\/wp-content\/uploads\/2023\/01\/notibras23.png","width":350,"height":87,"caption":"Grupo Notibras de Comunica\u00e7\u00e3o"},"image":{"@id":"https:\/\/www.notibras.com\/site\/#\/schema\/logo\/image\/"},"sameAs":["https:\/\/www.facebook.com\/notibras\/","https:\/\/x.com\/Notibras","https:\/\/www.instagram.com\/notibras\/"]},{"@type":"Person","@id":"https:\/\/www.notibras.com\/site\/#\/schema\/person\/36ab0979449956132d3e5b517ea76ac8","name":"Reda\u00e7\u00e3o","image":{"@type":"ImageObject","inLanguage":"pt-BR","@id":"https:\/\/secure.gravatar.com\/avatar\/e0a867bdedb85fd243eadf09663511f96fc81e0720a4a42581f334ad4303aa6b?s=96&d=mm&r=g","url":"https:\/\/secure.gravatar.com\/avatar\/e0a867bdedb85fd243eadf09663511f96fc81e0720a4a42581f334ad4303aa6b?s=96&d=mm&r=g","contentUrl":"https:\/\/secure.gravatar.com\/avatar\/e0a867bdedb85fd243eadf09663511f96fc81e0720a4a42581f334ad4303aa6b?s=96&d=mm&r=g","caption":"Reda\u00e7\u00e3o"}}]}},"amp_enabled":true,"_links":{"self":[{"href":"https:\/\/www.notibras.com\/site\/wp-json\/wp\/v2\/posts\/21030","targetHints":{"allow":["GET"]}}],"collection":[{"href":"https:\/\/www.notibras.com\/site\/wp-json\/wp\/v2\/posts"}],"about":[{"href":"https:\/\/www.notibras.com\/site\/wp-json\/wp\/v2\/types\/post"}],"author":[{"embeddable":true,"href":"https:\/\/www.notibras.com\/site\/wp-json\/wp\/v2\/users\/2"}],"replies":[{"embeddable":true,"href":"https:\/\/www.notibras.com\/site\/wp-json\/wp\/v2\/comments?post=21030"}],"version-history":[{"count":0,"href":"https:\/\/www.notibras.com\/site\/wp-json\/wp\/v2\/posts\/21030\/revisions"}],"wp:featuredmedia":[{"embeddable":true,"href":"https:\/\/www.notibras.com\/site\/wp-json\/wp\/v2\/media\/21031"}],"wp:attachment":[{"href":"https:\/\/www.notibras.com\/site\/wp-json\/wp\/v2\/media?parent=21030"}],"wp:term":[{"taxonomy":"category","embeddable":true,"href":"https:\/\/www.notibras.com\/site\/wp-json\/wp\/v2\/categories?post=21030"},{"taxonomy":"post_tag","embeddable":true,"href":"https:\/\/www.notibras.com\/site\/wp-json\/wp\/v2\/tags?post=21030"}],"curies":[{"name":"wp","href":"https:\/\/api.w.org\/{rel}","templated":true}]}}