{"id":21044,"date":"2014-08-30T10:49:41","date_gmt":"2014-08-30T13:49:41","guid":{"rendered":"http:\/\/www.notibras.com\/site\/?p=21044"},"modified":"2014-08-30T10:51:16","modified_gmt":"2014-08-30T13:51:16","slug":"liberado-pelo-tribunal-ex-presidiario-quer-se-eleger-com-votos-da-rocinha","status":"publish","type":"post","link":"https:\/\/www.notibras.com\/site\/liberado-pelo-tribunal-ex-presidiario-quer-se-eleger-com-votos-da-rocinha\/","title":{"rendered":"Liberado pelo TRE, ex-presidi\u00e1rio sonha com os votos da Rocinha"},"content":{"rendered":"<p>O Tribunal Regional Eleitoral do Rio de Janeiro aprovou o registro de candidatura do l\u00edder comunit\u00e1rio William de Oliveira, o William da Rocinha. Ele \u00e9 do PRB e vai disputar o cargo de deputado estadual.<\/p>\n<p>A decis\u00e3o foi em resposta a um recurso movido pelo candidato, cujo registro havia sido cassado por falta de quita\u00e7\u00e3o eleitoral. William n\u00e3o estava em dia com a Justi\u00e7a Eleitoral porque n\u00e3o tinha justificado a aus\u00eancia nas elei\u00e7\u00f5es de 2012. Ele justificou que, na\u00a0\u00e9poca, ele estava preso cumprindo pena por tr\u00e1fico de armas.<\/p>\n<p class=\"text\">No \u00faltimo dia do prazo para recorrer, o concorrente conseguiu v\u00e1rios documentos provando que naquele ano estava detido. Desta forma, n\u00e3o teria como justificar aus\u00eancia. O TRE reconheceu o argumento e liberou a candidatura de William, nesta quarta-feira.<\/p>\n<blockquote>\n<p class=\"text\">A pr\u00f3xima briga do candidato ser\u00e1 com\u00a0o PRB de Marcelo Crivella,\u00a0candidato ao governo do Estado. William da Rocinha acusa o partido de t\u00ea-lo abandonado sob alega\u00e7\u00e3o de que sua candidatura prejudicaria o concorrente majorit\u00e1rio. \u201cEu espero que o partido agora abrace a minha candidatura. Estou muito feliz. Desde o dia 25 de julho come\u00e7ou essa batalha (na Justi\u00e7a Eleitoral). Foi um desgaste f\u00edsico e mental\u201d,\u00a0afirmou.<\/p>\n<\/blockquote>\n<p class=\"text\">A hist\u00f3ria de William da Rocinha \u00e9 emblem\u00e1tica. Ele foi parar na cadeia, em dezembro de 2011, pois havia sido flagrado em um v\u00eddeo supostamente vendendo um fuzil para o traficante Antonio Bonfim Lopes, o Nem \u2013 \u00e0 \u00e9poca, chefe do tr\u00e1fico na comunidade.<\/p>\n<p class=\"text\">No entanto, o caso sofreu uma reviravolta quando uma testemunha dep\u00f4s dizendo que tudo n\u00e3o passava\u00a0de arma\u00e7\u00e3o e que o v\u00eddeo fora editado para prejudicar William. Em maio de 2013, o l\u00edder comunit\u00e1rio foi solto, depois de cumprir um ano e meio de pena. \u201cEu fui injusti\u00e7ado. Sofri muita discrimina\u00e7\u00e3o, mas agora estou muito feliz\u201d, disse.<\/p>\n","protected":false},"excerpt":{"rendered":"<p>O Tribunal Regional Eleitoral do Rio de Janeiro aprovou o registro de candidatura do l\u00edder comunit\u00e1rio William de Oliveira, o William da Rocinha. Ele \u00e9 do PRB e vai disputar o cargo de deputado estadual. A decis\u00e3o foi em resposta a um recurso movido pelo candidato, cujo registro havia sido cassado por falta de quita\u00e7\u00e3o [&hellip;]<\/p>\n","protected":false},"author":2,"featured_media":21045,"comment_status":"open","ping_status":"closed","sticky":false,"template":"","format":"standard","meta":{"_acf_changed":false,"footnotes":""},"categories":[33],"tags":[],"class_list":["post-21044","post","type-post","status-publish","format-standard","has-post-thumbnail","hentry","category-eleicoes-2014"],"acf":[],"_links":{"self":[{"href":"https:\/\/www.notibras.com\/site\/wp-json\/wp\/v2\/posts\/21044","targetHints":{"allow":["GET"]}}],"collection":[{"href":"https:\/\/www.notibras.com\/site\/wp-json\/wp\/v2\/posts"}],"about":[{"href":"https:\/\/www.notibras.com\/site\/wp-json\/wp\/v2\/types\/post"}],"author":[{"embeddable":true,"href":"https:\/\/www.notibras.com\/site\/wp-json\/wp\/v2\/users\/2"}],"replies":[{"embeddable":true,"href":"https:\/\/www.notibras.com\/site\/wp-json\/wp\/v2\/comments?post=21044"}],"version-history":[{"count":0,"href":"https:\/\/www.notibras.com\/site\/wp-json\/wp\/v2\/posts\/21044\/revisions"}],"wp:featuredmedia":[{"embeddable":true,"href":"https:\/\/www.notibras.com\/site\/wp-json\/wp\/v2\/media\/21045"}],"wp:attachment":[{"href":"https:\/\/www.notibras.com\/site\/wp-json\/wp\/v2\/media?parent=21044"}],"wp:term":[{"taxonomy":"category","embeddable":true,"href":"https:\/\/www.notibras.com\/site\/wp-json\/wp\/v2\/categories?post=21044"},{"taxonomy":"post_tag","embeddable":true,"href":"https:\/\/www.notibras.com\/site\/wp-json\/wp\/v2\/tags?post=21044"}],"curies":[{"name":"wp","href":"https:\/\/api.w.org\/{rel}","templated":true}]}}