{"id":21050,"date":"2014-08-30T04:53:30","date_gmt":"2014-08-30T07:53:30","guid":{"rendered":"http:\/\/www.notibras.com\/site\/?p=21050"},"modified":"2014-08-30T11:00:42","modified_gmt":"2014-08-30T14:00:42","slug":"gilberto-carvalho-subestima-marina-uma-candidata-diz-emplumada","status":"publish","type":"post","link":"https:\/\/www.notibras.com\/site\/gilberto-carvalho-subestima-marina-uma-candidata-diz-emplumada\/","title":{"rendered":"Gilberto Carvalho subestima Marina, uma candidata, diz, emplumada"},"content":{"rendered":"<p>Na mesma noite em que o Jornal Nacional divulgou nova pesquisa Datafolha apontando um crescimento vertiginoso de Marina Silva, em empate t\u00e9cnico com Dilma, o ministro-chefe da Secretaria-Geral da Presid\u00eancia da Rep\u00fablica Gilberto Carvalho, aproveitou um evento do PT para criticar a advers\u00e1ria socialista.<\/p>\n<p>No Recife, Gilberto Carvalho disse que Marina copiava o programa dos tucanos. O programa de Marina foi lan\u00e7ado nesta sexta-feira. Gilberto Carvalho participou de plen\u00e1ria com integrantes de movimentos sociais do Estado.<\/p>\n<p>Al\u00e9m do ministro, as presen\u00e7as do l\u00edder do PT Senado, Humberto Costa, e representantes de entidades como a CUT e Fetape.<\/p>\n<p>Segundo o senador, coordenador da campanha da petista no Estado, a vinda do ministro segue uma estrat\u00e9gia da campanha de refor\u00e7ar a presen\u00e7a candidatura de Dilma em Pernambuco.<\/p>\n<blockquote><p>\u201cEssa \u00e9 uma agenda importante. N\u00f3s sabemos que o PT tem uma hist\u00f3ria de di\u00e1logo e debate com a sociedade. Essa a\u00e7\u00e3o \u00e9 um exemplo disso. Queremos continuar ampliando este espa\u00e7o no pr\u00f3ximo governo\u201d, afirmou o parlamentar.<\/p><\/blockquote>\n<p>\u201cA nossa expectativa \u00e9 que acontecem outras plen\u00e1rias como esta com a presen\u00e7a de membros do governo para que a gente possa apresentar o que fizemos e o que ainda vamos fazer\u201d, afirmou Humberto.<\/p>\n","protected":false},"excerpt":{"rendered":"<p>Na mesma noite em que o Jornal Nacional divulgou nova pesquisa Datafolha apontando um crescimento vertiginoso de Marina Silva, em empate t\u00e9cnico com Dilma, o ministro-chefe da Secretaria-Geral da Presid\u00eancia da Rep\u00fablica Gilberto Carvalho, aproveitou um evento do PT para criticar a advers\u00e1ria socialista. No Recife, Gilberto Carvalho disse que Marina copiava o programa dos [&hellip;]<\/p>\n","protected":false},"author":2,"featured_media":21051,"comment_status":"open","ping_status":"closed","sticky":false,"template":"","format":"standard","meta":{"_acf_changed":false,"footnotes":""},"categories":[33],"tags":[],"class_list":["post-21050","post","type-post","status-publish","format-standard","has-post-thumbnail","hentry","category-eleicoes-2014"],"acf":[],"_links":{"self":[{"href":"https:\/\/www.notibras.com\/site\/wp-json\/wp\/v2\/posts\/21050","targetHints":{"allow":["GET"]}}],"collection":[{"href":"https:\/\/www.notibras.com\/site\/wp-json\/wp\/v2\/posts"}],"about":[{"href":"https:\/\/www.notibras.com\/site\/wp-json\/wp\/v2\/types\/post"}],"author":[{"embeddable":true,"href":"https:\/\/www.notibras.com\/site\/wp-json\/wp\/v2\/users\/2"}],"replies":[{"embeddable":true,"href":"https:\/\/www.notibras.com\/site\/wp-json\/wp\/v2\/comments?post=21050"}],"version-history":[{"count":0,"href":"https:\/\/www.notibras.com\/site\/wp-json\/wp\/v2\/posts\/21050\/revisions"}],"wp:featuredmedia":[{"embeddable":true,"href":"https:\/\/www.notibras.com\/site\/wp-json\/wp\/v2\/media\/21051"}],"wp:attachment":[{"href":"https:\/\/www.notibras.com\/site\/wp-json\/wp\/v2\/media?parent=21050"}],"wp:term":[{"taxonomy":"category","embeddable":true,"href":"https:\/\/www.notibras.com\/site\/wp-json\/wp\/v2\/categories?post=21050"},{"taxonomy":"post_tag","embeddable":true,"href":"https:\/\/www.notibras.com\/site\/wp-json\/wp\/v2\/tags?post=21050"}],"curies":[{"name":"wp","href":"https:\/\/api.w.org\/{rel}","templated":true}]}}