{"id":21053,"date":"2014-08-30T09:01:24","date_gmt":"2014-08-30T12:01:24","guid":{"rendered":"http:\/\/www.notibras.com\/site\/?p=21053"},"modified":"2014-08-30T11:19:59","modified_gmt":"2014-08-30T14:19:59","slug":"heredeiros-de-lobao-e-renan-esquecem-os-pais-e-pregam-renovacao","status":"publish","type":"post","link":"https:\/\/www.notibras.com\/site\/heredeiros-de-lobao-e-renan-esquecem-os-pais-e-pregam-renovacao\/","title":{"rendered":"Herdeiros de Lob\u00e3o e Renan se afastam dos pais por renova\u00e7\u00e3o"},"content":{"rendered":"<p>Os\u00a0 herdeiros de duas lideran\u00e7as nordestinas do PMDB, Renan Filho e Lob\u00e3o Filho carregam nos nomes o DNA do presidente do Senado, Renan Calheiros, e do ministro de Minas e Energia, Edson Lob\u00e3o.<\/p>\n<p>Mas com o mote de &#8220;renova\u00e7\u00e3o pol\u00edtica&#8221;, eles praticamente abriram m\u00e3o da participa\u00e7\u00e3o dos pais nas campanhas aos governos de Alagoas e Maranh\u00e3o, respectivamente.<\/p>\n<p>Segundo o Uol, s\u00e3o raros os atos p\u00fablicos ou apari\u00e7\u00f5es dos progenitores em programas de r\u00e1dio e TV. Calheiros e Edson Lob\u00e3o, por\u00e9m, atuam de forma intensa nos bastidores.<\/p>\n<blockquote><p>Em ambos os casos, o PT n\u00e3o tem candidato pr\u00f3prio e apoia os peemedebistas. Os acordos de coliga\u00e7\u00e3o foram costurados pelo diret\u00f3rio nacional do PT, com participa\u00e7\u00e3o decisiva de Calheiros e dos Sarney &#8211;que apoiam Lob\u00e3o Filho. Os dois acordos tiveram resist\u00eancia entre os militantes petistas nos Estados, que eram contra a uni\u00e3o.<\/p><\/blockquote>\n<p>No caso maranhense, os petistas dissidentes chegaram a montar um comit\u00ea de apoio ao candidato concorrente de Lob\u00e3o Filho, Fl\u00e1vio Dino (PCdoB). Poucos dias depois, no entanto, o ex-presidente Luiz In\u00e1cio Lula da Silva gravou v\u00eddeo pedindo votos para Lob\u00e3o Filho.<\/p>\n","protected":false},"excerpt":{"rendered":"<p>Os\u00a0 herdeiros de duas lideran\u00e7as nordestinas do PMDB, Renan Filho e Lob\u00e3o Filho carregam nos nomes o DNA do presidente do Senado, Renan Calheiros, e do ministro de Minas e Energia, Edson Lob\u00e3o. Mas com o mote de &#8220;renova\u00e7\u00e3o pol\u00edtica&#8221;, eles praticamente abriram m\u00e3o da participa\u00e7\u00e3o dos pais nas campanhas aos governos de Alagoas e [&hellip;]<\/p>\n","protected":false},"author":2,"featured_media":21054,"comment_status":"open","ping_status":"closed","sticky":false,"template":"","format":"standard","meta":{"_acf_changed":false,"footnotes":""},"categories":[33],"tags":[],"class_list":["post-21053","post","type-post","status-publish","format-standard","has-post-thumbnail","hentry","category-eleicoes-2014"],"acf":[],"_links":{"self":[{"href":"https:\/\/www.notibras.com\/site\/wp-json\/wp\/v2\/posts\/21053","targetHints":{"allow":["GET"]}}],"collection":[{"href":"https:\/\/www.notibras.com\/site\/wp-json\/wp\/v2\/posts"}],"about":[{"href":"https:\/\/www.notibras.com\/site\/wp-json\/wp\/v2\/types\/post"}],"author":[{"embeddable":true,"href":"https:\/\/www.notibras.com\/site\/wp-json\/wp\/v2\/users\/2"}],"replies":[{"embeddable":true,"href":"https:\/\/www.notibras.com\/site\/wp-json\/wp\/v2\/comments?post=21053"}],"version-history":[{"count":0,"href":"https:\/\/www.notibras.com\/site\/wp-json\/wp\/v2\/posts\/21053\/revisions"}],"wp:featuredmedia":[{"embeddable":true,"href":"https:\/\/www.notibras.com\/site\/wp-json\/wp\/v2\/media\/21054"}],"wp:attachment":[{"href":"https:\/\/www.notibras.com\/site\/wp-json\/wp\/v2\/media?parent=21053"}],"wp:term":[{"taxonomy":"category","embeddable":true,"href":"https:\/\/www.notibras.com\/site\/wp-json\/wp\/v2\/categories?post=21053"},{"taxonomy":"post_tag","embeddable":true,"href":"https:\/\/www.notibras.com\/site\/wp-json\/wp\/v2\/tags?post=21053"}],"curies":[{"name":"wp","href":"https:\/\/api.w.org\/{rel}","templated":true}]}}