{"id":21078,"date":"2014-08-30T13:03:04","date_gmt":"2014-08-30T16:03:04","guid":{"rendered":"http:\/\/www.notibras.com\/site\/?p=21078"},"modified":"2014-08-30T13:09:21","modified_gmt":"2014-08-30T16:09:21","slug":"pai-e-madrasta-sao-presos-por-espancarem-crianca-de-um-ano","status":"publish","type":"post","link":"https:\/\/www.notibras.com\/site\/pai-e-madrasta-sao-presos-por-espancarem-crianca-de-um-ano\/","title":{"rendered":"Pai e madrasta s\u00e3o presos por espancarem crian\u00e7a de 1 ano"},"content":{"rendered":"<p>Um homem, de 43 anos,\u00a0foi preso em Santa Maria (RS), na sexta-feira 29, acusado\u00a0de espancar\u00a0a pr\u00f3pria filha de um ano e oito meses, junto com a madrasta da crian\u00e7a.<\/p>\n<p>A menina foi levada ao pronto-socorro do Patronato com hematomas no rosto, pesco\u00e7o e o bra\u00e7o direito quebrado.<\/p>\n<p class=\"text\">De acordo com o Batalh\u00e3o\u00a0de Opera\u00e7\u00f5es Especiais (BOE), que atendeu a ocorr\u00eancia, a m\u00e3e\u00a0da crian\u00e7a foi avisada por uma vizinha do pai que a menina\u00a0estava gritando, aparentemente por agress\u00e3o.<\/p>\n<p class=\"text\">A m\u00e3e foi at\u00e9 a casa em que ambos estavam, no bairro Quil\u00f4metro 2, e encontrou a filha no colo do pai, com hematomas por todo o corpo.<\/p>\n<blockquote>\n<p class=\"text\">Ela levou a crian\u00e7a ao pronto-socorro, mas avisou do espancamento aos policiais que faziam patrulha no local. Na casa, estavam o pai\u00a0e a madrasta, de 52 anos. O pai disse aos policiais que a madrasta era quem mais agredia a crian\u00e7a, enquanto ele estava no trabalho.<\/p>\n<\/blockquote>\n<p class=\"text\">Levados para a Delegacia de Pol\u00edcia de Pronto-Atendimento (DPPA), ambos foram presos por maus tratos. Ele foi levado para a Penitenci\u00e1ria Estadual de Santa Maria e ela para o Pres\u00eddio Regional de Santa Maria.<\/p>\n","protected":false},"excerpt":{"rendered":"<p>Um homem, de 43 anos,\u00a0foi preso em Santa Maria (RS), na sexta-feira 29, acusado\u00a0de espancar\u00a0a pr\u00f3pria filha de um ano e oito meses, junto com a madrasta da crian\u00e7a. A menina foi levada ao pronto-socorro do Patronato com hematomas no rosto, pesco\u00e7o e o bra\u00e7o direito quebrado. De acordo com o Batalh\u00e3o\u00a0de Opera\u00e7\u00f5es Especiais (BOE), [&hellip;]<\/p>\n","protected":false},"author":2,"featured_media":21079,"comment_status":"open","ping_status":"closed","sticky":false,"template":"","format":"standard","meta":{"_acf_changed":false,"footnotes":""},"categories":[16],"tags":[],"class_list":["post-21078","post","type-post","status-publish","format-standard","has-post-thumbnail","hentry","category-brasil"],"acf":[],"_links":{"self":[{"href":"https:\/\/www.notibras.com\/site\/wp-json\/wp\/v2\/posts\/21078","targetHints":{"allow":["GET"]}}],"collection":[{"href":"https:\/\/www.notibras.com\/site\/wp-json\/wp\/v2\/posts"}],"about":[{"href":"https:\/\/www.notibras.com\/site\/wp-json\/wp\/v2\/types\/post"}],"author":[{"embeddable":true,"href":"https:\/\/www.notibras.com\/site\/wp-json\/wp\/v2\/users\/2"}],"replies":[{"embeddable":true,"href":"https:\/\/www.notibras.com\/site\/wp-json\/wp\/v2\/comments?post=21078"}],"version-history":[{"count":0,"href":"https:\/\/www.notibras.com\/site\/wp-json\/wp\/v2\/posts\/21078\/revisions"}],"wp:featuredmedia":[{"embeddable":true,"href":"https:\/\/www.notibras.com\/site\/wp-json\/wp\/v2\/media\/21079"}],"wp:attachment":[{"href":"https:\/\/www.notibras.com\/site\/wp-json\/wp\/v2\/media?parent=21078"}],"wp:term":[{"taxonomy":"category","embeddable":true,"href":"https:\/\/www.notibras.com\/site\/wp-json\/wp\/v2\/categories?post=21078"},{"taxonomy":"post_tag","embeddable":true,"href":"https:\/\/www.notibras.com\/site\/wp-json\/wp\/v2\/tags?post=21078"}],"curies":[{"name":"wp","href":"https:\/\/api.w.org\/{rel}","templated":true}]}}