{"id":21081,"date":"2014-08-30T13:07:46","date_gmt":"2014-08-30T16:07:46","guid":{"rendered":"http:\/\/www.notibras.com\/site\/?p=21081"},"modified":"2014-08-30T17:56:24","modified_gmt":"2014-08-30T20:56:24","slug":"motorista-bebado-mata-quatro-e-pega-92-anos-de-cadeia","status":"publish","type":"post","link":"https:\/\/www.notibras.com\/site\/motorista-bebado-mata-quatro-e-pega-92-anos-de-cadeia\/","title":{"rendered":"Motorista b\u00eabado bate carro, mata quatro e pega 92 anos"},"content":{"rendered":"<p>Um motorista foi condenado a 92 anos de pris\u00e3o em regime fechado por dirigir b\u00eabado e causar um acidente que resultou em quatro mortes e ferimentos graves em duas pessoas. A condena\u00e7\u00e3o foi proferia pelo juiz Caio C\u00e9sar Melluso, da 5a Vara Criminal de S\u00e3o Jos\u00e9 do Rio Preto, ap\u00f3s nove horas e meia de julgamento pelo Tribunal do J\u00fari.<\/p>\n<p class=\"text\">Segundo o Minist\u00e9rio P\u00fablico Estadual, a pena possivelmente \u00e9 a maior j\u00e1 aplicada a um motorista infrator no Pa\u00eds. Ela foi poss\u00edvel porque a Justi\u00e7a desclassificou a legisla\u00e7\u00e3o de tr\u00e2nsito e usou apenas o C\u00f3digo Penal para condenar Luciano Rosa Macedo, causador do acidente, por quatro homic\u00eddios qualificados e duas tentativas de homic\u00eddio qualificados com agravantes de dolo eventual para cada crime.<\/p>\n<p class=\"text\">Se fosse julgado pelo C\u00f3digo de Tr\u00e2nsito, Macedo seria condenado por homic\u00eddio na condu\u00e7\u00e3o de ve\u00edculo automotor, sem dolo, e por les\u00f5es corporais, cujas penas seriam bem menores.<\/p>\n<p class=\"text\">De acordo com a pron\u00fancia da Justi\u00e7a, Macedo estava dirigindo b\u00eabado e em alta velocidade, quando, em 27 de maio de 2012, com mais cinco pessoas em seu ve\u00edculo\u00a0Gol, tentou uma ultrapassagem em local proibido, no km 57,5, de um trecho urbano da rodovia Transbrasiliana (BR-153), em Rio Preto. Sem conseguir ultrapassar um caminh\u00e3o, o carro bateu de frente em um Chevrolet Corsa, que vinha na pista contr\u00e1ria.<\/p>\n<blockquote>\n<p class=\"text\">No Gol estavam a companheira de Macedo, Idalina Alves de Jesus, 40 anos, um enteado, Hevilasio Coelho Alves Barbosa, 14, e mais tr\u00eas primos deste, os irm\u00e3os Caio Henrique Duarte, 12,\u00a0Cristov\u00e3o Alves Duarte, 10, e Tiago de Souza Andrade, de 23. S\u00f3 Macedo, Hevil\u00e1sio e o condutor do Corsa, Felipe Eloy Ronda, na \u00e9poca com 18 anos, sobreviveram.<\/p>\n<\/blockquote>\n<p class=\"text\">O Tribunal do J\u00fari considerou Macedo culpado pelo acidente e o juiz aceitou a tese da acusa\u00e7\u00e3o, condenando o r\u00e9u por quatro homic\u00eddios qualificados (dolo eventual no tr\u00e2nsito) e duas tentativas de homic\u00eddios qualificados (tamb\u00e9m por dolo eventual no tr\u00e2nsito). \u201cO MP est\u00e1 satisfeito com a pena, que deve ser a mais alta do Pa\u00eds, e n\u00e3o vai recorrer\u201d, afirmou o promotor Jos\u00e9 Heitor dos Santos, que atuou na acusa\u00e7\u00e3o.<\/p>\n","protected":false},"excerpt":{"rendered":"<p>Um motorista foi condenado a 92 anos de pris\u00e3o em regime fechado por dirigir b\u00eabado e causar um acidente que resultou em quatro mortes e ferimentos graves em duas pessoas. A condena\u00e7\u00e3o foi proferia pelo juiz Caio C\u00e9sar Melluso, da 5a Vara Criminal de S\u00e3o Jos\u00e9 do Rio Preto, ap\u00f3s nove horas e meia de [&hellip;]<\/p>\n","protected":false},"author":2,"featured_media":21082,"comment_status":"open","ping_status":"closed","sticky":false,"template":"","format":"standard","meta":{"_acf_changed":false,"footnotes":""},"categories":[16],"tags":[],"class_list":["post-21081","post","type-post","status-publish","format-standard","has-post-thumbnail","hentry","category-brasil"],"acf":[],"_links":{"self":[{"href":"https:\/\/www.notibras.com\/site\/wp-json\/wp\/v2\/posts\/21081","targetHints":{"allow":["GET"]}}],"collection":[{"href":"https:\/\/www.notibras.com\/site\/wp-json\/wp\/v2\/posts"}],"about":[{"href":"https:\/\/www.notibras.com\/site\/wp-json\/wp\/v2\/types\/post"}],"author":[{"embeddable":true,"href":"https:\/\/www.notibras.com\/site\/wp-json\/wp\/v2\/users\/2"}],"replies":[{"embeddable":true,"href":"https:\/\/www.notibras.com\/site\/wp-json\/wp\/v2\/comments?post=21081"}],"version-history":[{"count":0,"href":"https:\/\/www.notibras.com\/site\/wp-json\/wp\/v2\/posts\/21081\/revisions"}],"wp:featuredmedia":[{"embeddable":true,"href":"https:\/\/www.notibras.com\/site\/wp-json\/wp\/v2\/media\/21082"}],"wp:attachment":[{"href":"https:\/\/www.notibras.com\/site\/wp-json\/wp\/v2\/media?parent=21081"}],"wp:term":[{"taxonomy":"category","embeddable":true,"href":"https:\/\/www.notibras.com\/site\/wp-json\/wp\/v2\/categories?post=21081"},{"taxonomy":"post_tag","embeddable":true,"href":"https:\/\/www.notibras.com\/site\/wp-json\/wp\/v2\/tags?post=21081"}],"curies":[{"name":"wp","href":"https:\/\/api.w.org\/{rel}","templated":true}]}}