{"id":21086,"date":"2014-08-30T11:10:41","date_gmt":"2014-08-30T14:10:41","guid":{"rendered":"http:\/\/www.notibras.com\/site\/?p=21086"},"modified":"2014-08-30T13:12:41","modified_gmt":"2014-08-30T16:12:41","slug":"lei-proibe-o-uso-de-mascaras-em-protestos-em-sao-paulo","status":"publish","type":"post","link":"https:\/\/www.notibras.com\/site\/lei-proibe-o-uso-de-mascaras-em-protestos-em-sao-paulo\/","title":{"rendered":"Lei pro\u00edbe o uso de m\u00e1scaras em protestos em S\u00e3o Paulo"},"content":{"rendered":"<p>O governador Geraldo Alckmin (PSDB) sancionou nesta sexta-feira a lei que pro\u00edbe o uso de m\u00e1scaras por manifestantes em protestos de rua no Estado de S\u00e3o Paulo. Para ter efic\u00e1cia, a nova lei precisa ser regulamentada, e o prazo legal para isso \u00e9 de 180 dias.<\/p>\n<p>O governador, contudo, disse que n\u00e3o pretende esgotar o prazo e afirma que o detalhamento de como a Pol\u00edcia Militar dever\u00e1 agir pode sair ainda neste ano.<\/p>\n<p>O governo quer ouvir sugest\u00f5es da Ordem dos Advogados do Brasil (OAB), da sociedade civil e das associa\u00e7\u00f5es de jornalistas para definir a regulamenta\u00e7\u00e3o. O uso das m\u00e1scaras, contudo, n\u00e3o ser\u00e1 crime. \u201cA lei n\u00e3o estabelece crime, ela estabelece que n\u00e3o pode usar m\u00e1scara\u201d, disse o governador em entrevista coletiva no Pal\u00e1cio dos Bandeirantes, em S\u00e3o Paulo.<\/p>\n<blockquote>\n<p class=\"text\">De acordo com o comandante-geral da Pol\u00edcia Militar, coronel Benedito Meira, que participou da coletiva, a\u00a0regulamenta\u00e7\u00e3o dever\u00e1 estabelecer que os manifestantes mascarados retirem suas m\u00e1scaras. \u201cA pol\u00edcia tem que dar uma ordem para a pessoa retirar (<em>a m\u00e1scara<\/em>). Se\u00a0n\u00e3o retirar, obviamente, qual \u00e9 o crime? Desobedi\u00eancia. Desobedi\u00eancia a uma ordem legal, uma lei\u201d, afirmou.<\/p>\n<\/blockquote>\n<p class=\"text\">O secret\u00e1rio estadual da Seguran\u00e7a P\u00fablica, Fernando Grella, tamb\u00e9m presente na coletiva, disse que o objetivo da lei \u00e9 \u201cpreservar a ordem p\u00fablica e garantir o direito de manifesta\u00e7\u00e3o\u201d e que s\u00f3 a partir da\u00a0regulamenta\u00e7\u00e3o \u00e9 que a pol\u00edcia vai construir o seu &#8220;procedimento operacional padr\u00e3o&#8221; para aplicar a lei.<\/p>\n","protected":false},"excerpt":{"rendered":"<p>O governador Geraldo Alckmin (PSDB) sancionou nesta sexta-feira a lei que pro\u00edbe o uso de m\u00e1scaras por manifestantes em protestos de rua no Estado de S\u00e3o Paulo. Para ter efic\u00e1cia, a nova lei precisa ser regulamentada, e o prazo legal para isso \u00e9 de 180 dias. O governador, contudo, disse que n\u00e3o pretende esgotar o [&hellip;]<\/p>\n","protected":false},"author":2,"featured_media":21087,"comment_status":"open","ping_status":"closed","sticky":false,"template":"","format":"standard","meta":{"_acf_changed":false,"footnotes":""},"categories":[16],"tags":[],"class_list":["post-21086","post","type-post","status-publish","format-standard","has-post-thumbnail","hentry","category-brasil"],"acf":[],"_links":{"self":[{"href":"https:\/\/www.notibras.com\/site\/wp-json\/wp\/v2\/posts\/21086","targetHints":{"allow":["GET"]}}],"collection":[{"href":"https:\/\/www.notibras.com\/site\/wp-json\/wp\/v2\/posts"}],"about":[{"href":"https:\/\/www.notibras.com\/site\/wp-json\/wp\/v2\/types\/post"}],"author":[{"embeddable":true,"href":"https:\/\/www.notibras.com\/site\/wp-json\/wp\/v2\/users\/2"}],"replies":[{"embeddable":true,"href":"https:\/\/www.notibras.com\/site\/wp-json\/wp\/v2\/comments?post=21086"}],"version-history":[{"count":0,"href":"https:\/\/www.notibras.com\/site\/wp-json\/wp\/v2\/posts\/21086\/revisions"}],"wp:featuredmedia":[{"embeddable":true,"href":"https:\/\/www.notibras.com\/site\/wp-json\/wp\/v2\/media\/21087"}],"wp:attachment":[{"href":"https:\/\/www.notibras.com\/site\/wp-json\/wp\/v2\/media?parent=21086"}],"wp:term":[{"taxonomy":"category","embeddable":true,"href":"https:\/\/www.notibras.com\/site\/wp-json\/wp\/v2\/categories?post=21086"},{"taxonomy":"post_tag","embeddable":true,"href":"https:\/\/www.notibras.com\/site\/wp-json\/wp\/v2\/tags?post=21086"}],"curies":[{"name":"wp","href":"https:\/\/api.w.org\/{rel}","templated":true}]}}