{"id":21089,"date":"2014-08-30T13:20:19","date_gmt":"2014-08-30T16:20:19","guid":{"rendered":"http:\/\/www.notibras.com\/site\/?p=21089"},"modified":"2014-08-30T13:20:19","modified_gmt":"2014-08-30T16:20:19","slug":"brasil-televisivo-vive-ao-deus-dara-em-anos-de-campanha-eleitoral","status":"publish","type":"post","link":"https:\/\/www.notibras.com\/site\/brasil-televisivo-vive-ao-deus-dara-em-anos-de-campanha-eleitoral\/","title":{"rendered":"Brasil televisivo vive ao &#8216;Deus dar\u00e1&#8217; em anos de campanha eleitoral"},"content":{"rendered":"<p>Meio Popular de Comunica\u00e7\u00e3o, a Televis\u00e3o brasileira, Objeto de Concess\u00e3o P\u00fablica, portanto, \u201cUngida\u201d pelo Pal\u00e1cio do Planalto, pelo Governante de Plant\u00e3o, regulamentada por Ag\u00eancias Reguladoras,\u201d Tipo Anatel\u201d (Dentel), que, de acordo com o Melhor, ou Pior Humor, distribuem tais Alvar\u00e1s Licenciat\u00f3rios, em conformidade com o \u201cApoio\u201d que o Governo recebe na C\u00e2mara ou Senado da Rep\u00fablica, diferente da Tev\u00ea P\u00fablica, no Brasil, quase inexistente, destinada \u00e0 Programas \u201cMenores\u201d, na maior parte das vezes Educativos, de cunho Pedag\u00f3gico, sem qualquer apelo Comercial ou Audi\u00eancia, bem como n\u00e3o o deveria ser, ao contr\u00e1rio dos Programas das Tev\u00eas Privadas, tipo Record, Globo, Band e SBT, atreladas, geralmente, \u00e0 Mandatos Pol\u00edticos, formados por sua Rede de Apoio e Retransmiss\u00e3o, distribu\u00eddas pelas diferentes Unidades da Federa\u00e7\u00e3o, em Tempos Eleitorais, no entanto, buscando uma inating\u00edvel \u201cIsen\u00e7\u00e3o\u201d, nesses termos imposs\u00edvel, visto o atrelamento com o \u201cPoder\u201d, afora o Programa Eleitoral Gratuito, chato e mon\u00f3tono, de cunho Obrigat\u00f3rio, na pratica, muito pouco\u00a0 Isenta \u00e9, no tocante \u00e0 Campanha Eleitoral.<\/p>\n<p>Assim \u00e9 que, por mais que busquem, as diferentes Redes, tratarem, aparentemente, igualitariamente os Candidatos, partindo dos tr\u00eas ou quatro, com maior pontua\u00e7\u00e3o no Ibope \u2013 Instituto de Pesquisa Oficial, do Governo, ou similares, Datafolha, pertencentes \u00e0 pr\u00f3pria Imprensa, conferindo, eventualmente, \u201cCobertura\u201d an\u00e1loga, reservando tempo de exposi\u00e7\u00e3o na Televis\u00e3o assemelhado, quanto \u00e0 esses tr\u00eas ou quatro candidatos, limitando-se a discorrer sobre o seu \u201cDia de Campanha\u201d, onde estiveram e o que falaram, numa \u201cPrograma\u00e7\u00e3o\u201d meio que, gen\u00e9rica, aparentemente pr\u00e9-agendada com os respectivos Comit\u00eas de Campanha Eleitoral de cada Candidato, o que se v\u00ea, no entanto, \u00e9 uma concertina de Cobertura, mais ou menos, Tendenciosa, nas entrelinhas do Jornal Nacional ou da Band, geralmente, em que s\u00e3o apresentadas tais Campanhas, no \u201cdemais\u201d da Programa\u00e7\u00e3o e na Cobertura Jornal\u00edstica subjacente, o que mais se v\u00ea \u00e9 a \u201cClara\u201d Op\u00e7\u00e3o Editorial de uma \u201cEmissora\u201d, ou outra, por Esse, ou Aquele Candidato, demonstrando a \u201cLinha Pol\u00edtica\u201d adotada, ou os Interesses particulares que defende o\u201d Jornal\u201d, via de regra, os seus Grupos Pol\u00edticos, a que eventualmente pertencem, tornando o quesito \u201cImparcialidade\u201d algo imposs\u00edvel.<\/p>\n<p>Dessa forma, por exemplo, a \u201cBateria\u201d de entrevistas. com cerca de quinze minutos, apresentada no Jornal Nacional, da Rede Globo, considerada pela Situa\u00e7\u00e3o, diga-se PT \u2013 Partido dos Trabalhadores, quanto \u00e0 A\u00e9cio Neves, do PSDB \u2013 Partido da Social Democracia Brasileiro, uma \u201cMea Culpa\u201d, verdadeira \u201cConfiss\u00e3o de Crime\u201d, qual seja, em que Inquirido pelo \u201cEntrevistador\u201d, o Candidato consumiu boa parte do seu tempo defendendo-se da acusa\u00e7\u00e3o de beneficiar a fam\u00edlia no \u201cCaso do Aeroporto em Claudio\/MG\u201d, o que causou retumbantes vivas da Situa\u00e7\u00e3o, dos Correligion\u00e1rios de Dilma Ruimssef, no \u201cCaso de Dilma\u201d, por seu turno, quando entrevistada, e tendo sido enumerados por William Boner, da Globo, Minist\u00e9rio por Minist\u00e9rio, de um numero de quase Quarenta, do Governo Dilma, onde eclodiram casos de Corrup\u00e7\u00e3o, e em que a President\u201da\u201d Candidata \u00e0 Reelei\u00e7\u00e3o foi interrompida por diversas vezes, verdadeiro \u201cMassacre\u201d da Imprensa, inadmiss\u00edvel, quando, noutro \u00e2mbito, n\u00e3o\u00a0 consideraram, os seus Correligion\u00e1rios do PT, \u201cOportuna\u201d, nem Isenta, a Reportagem, a participa\u00e7\u00e3o da \u201cM\u00eddia\u201d no Processo Eleitoral brasileiro, \u00e9, no m\u00ednimo, Pol\u00eamica, como de fato.<\/p>\n<blockquote><p>Tema que, fatalmente, redundar\u00e1 em \u201cPropostas\u201d de Modifica\u00e7\u00e3o, no Regime de Concess\u00f5es de Canal de Televis\u00e3o, e R\u00e1dio, P\u00fablicos, no Brasil, bem como, tornara-se, inadi\u00e1vel, tratar sobre a \u201cLamban\u00e7a\u201d, que s\u00e3o as Campanhas Publicitarias Institucionais do Governo, Milion\u00e1rias, orquestradas pelo Governante de \u201cPlant\u00e3o\u201d em exerc\u00edcio, seja ele do PT ou do PSDB, em Bras\u00edlia, ou nos Estados, geralmente tocados com a \u201cLibera\u00e7\u00e3o\u201d astron\u00f4mica de Verbas Publicit\u00e1rias, cujo destino final s\u00e3o as \u201cEmpresas de M\u00eddia\u201d, aptas a comprar-lhes o \u201cApoio\u201d, ou, pelo menos, a N\u00e3o-critica, como se d\u00e1 no Brasil, dando origem a fen\u00f4menos at\u00edpicos, como o foi Marcos Val\u00e9rio, e o pr\u00f3prio Mensal\u00e3o, oportunidade em que o Governo divulga sua \u201cAdministra\u00e7\u00e3o\u201d, via Gigantes, que, sequer precisam de Divulga\u00e7\u00e3o, como o centen\u00e1rio Banco do Brasil (\u201cUm Banco de Todos\u201d)e Caixa Econ\u00f4mica Federal (\u201cVem pra Caixa voc\u00ea tamb\u00e9m\u201d), bem como Correios e Petrobras, cujo \u00fanico pretexto, \u00e9, invariavelmente, Abrir os Cofres das Verbas P\u00fablicas, pr\u00f3prias \u00e0 \u201cCalar a Imprensa\u201d, tal \u201cTema\u201d ser\u00e1, sempre discutido, mas, t\u00e3o logo se instale o Novo Governo, adequada, e convenientemente, o assunto sempre \u00e9 engavetado,,,<\/p><\/blockquote>\n<p>Permanecendo, assim, o atual Regime, desigual e pol\u00edtico, na \u201cConcess\u00e3o\u201d de Canais de R\u00e1dio e Televis\u00e3o brasileiros, transformam o Congresso Nacional, como o \u00e9, de fato, em um verdadeiro \u201cBalc\u00e3o de Oportunidades\u201d Pol\u00edtico-eleitorais\u00a0 na distribui\u00e7\u00e3o de Alvar\u00e1s de R\u00e1dio e Televis\u00e3o, nada est\u00e1 destinado \u00e0 mudar&#8230;<\/p>\n<p><strong>Pettersen Filho<\/strong><\/p>\n","protected":false},"excerpt":{"rendered":"<p>Meio Popular de Comunica\u00e7\u00e3o, a Televis\u00e3o brasileira, Objeto de Concess\u00e3o P\u00fablica, portanto, \u201cUngida\u201d pelo Pal\u00e1cio do Planalto, pelo Governante de Plant\u00e3o, regulamentada por Ag\u00eancias Reguladoras,\u201d Tipo Anatel\u201d (Dentel), que, de acordo com o Melhor, ou Pior Humor, distribuem tais Alvar\u00e1s Licenciat\u00f3rios, em conformidade com o \u201cApoio\u201d que o Governo recebe na C\u00e2mara ou Senado da [&hellip;]<\/p>\n","protected":false},"author":2,"featured_media":21090,"comment_status":"open","ping_status":"closed","sticky":false,"template":"","format":"standard","meta":{"_acf_changed":false,"footnotes":""},"categories":[25],"tags":[],"class_list":["post-21089","post","type-post","status-publish","format-standard","has-post-thumbnail","hentry","category-opina-ai"],"acf":[],"yoast_head":"<!-- This site is optimized with the Yoast SEO plugin v27.5 - https:\/\/yoast.com\/product\/yoast-seo-wordpress\/ -->\n<title>Brasil televisivo vive ao &#039;Deus dar\u00e1&#039; em anos de campanha eleitoral - Notibras<\/title>\n<meta name=\"robots\" content=\"index, follow, max-snippet:-1, max-image-preview:large, max-video-preview:-1\" \/>\n<link rel=\"canonical\" href=\"https:\/\/www.notibras.com\/site\/brasil-televisivo-vive-ao-deus-dara-em-anos-de-campanha-eleitoral\/\" \/>\n<meta property=\"og:locale\" content=\"pt_BR\" \/>\n<meta property=\"og:type\" content=\"article\" \/>\n<meta property=\"og:title\" content=\"Brasil televisivo vive ao &#039;Deus dar\u00e1&#039; em anos de campanha eleitoral - Notibras\" \/>\n<meta property=\"og:description\" content=\"Meio Popular de Comunica\u00e7\u00e3o, a Televis\u00e3o brasileira, Objeto de Concess\u00e3o P\u00fablica, portanto, \u201cUngida\u201d pelo Pal\u00e1cio do Planalto, pelo Governante de Plant\u00e3o, regulamentada por Ag\u00eancias Reguladoras,\u201d Tipo Anatel\u201d (Dentel), que, de acordo com o Melhor, ou Pior Humor, distribuem tais Alvar\u00e1s Licenciat\u00f3rios, em conformidade com o \u201cApoio\u201d que o Governo recebe na C\u00e2mara ou Senado da [&hellip;]\" \/>\n<meta property=\"og:url\" content=\"https:\/\/www.notibras.com\/site\/brasil-televisivo-vive-ao-deus-dara-em-anos-de-campanha-eleitoral\/\" \/>\n<meta property=\"og:site_name\" content=\"Notibras\" \/>\n<meta property=\"article:publisher\" content=\"https:\/\/www.facebook.com\/notibras\/\" \/>\n<meta property=\"article:published_time\" content=\"2014-08-30T16:20:19+00:00\" \/>\n<meta property=\"og:image\" content=\"https:\/\/www.notibras.com\/site\/wp-content\/uploads\/2014\/08\/televis\u00e3o.jpg\" \/>\n\t<meta property=\"og:image:width\" content=\"1600\" \/>\n\t<meta property=\"og:image:height\" content=\"1290\" \/>\n\t<meta property=\"og:image:type\" content=\"image\/jpeg\" \/>\n<meta name=\"author\" content=\"Reda\u00e7\u00e3o\" \/>\n<meta name=\"twitter:card\" content=\"summary_large_image\" \/>\n<meta name=\"twitter:creator\" content=\"@Notibras\" \/>\n<meta name=\"twitter:site\" content=\"@Notibras\" \/>\n<meta name=\"twitter:label1\" content=\"Escrito por\" \/>\n\t<meta name=\"twitter:data1\" content=\"Reda\u00e7\u00e3o\" \/>\n\t<meta name=\"twitter:label2\" content=\"Est. tempo de leitura\" \/>\n\t<meta name=\"twitter:data2\" content=\"4 minutos\" \/>\n<script type=\"application\/ld+json\" class=\"yoast-schema-graph\">{\"@context\":\"https:\\\/\\\/schema.org\",\"@graph\":[{\"@type\":\"Article\",\"@id\":\"https:\\\/\\\/www.notibras.com\\\/site\\\/brasil-televisivo-vive-ao-deus-dara-em-anos-de-campanha-eleitoral\\\/#article\",\"isPartOf\":{\"@id\":\"https:\\\/\\\/www.notibras.com\\\/site\\\/brasil-televisivo-vive-ao-deus-dara-em-anos-de-campanha-eleitoral\\\/\"},\"author\":{\"name\":\"Reda\u00e7\u00e3o\",\"@id\":\"https:\\\/\\\/www.notibras.com\\\/site\\\/#\\\/schema\\\/person\\\/36ab0979449956132d3e5b517ea76ac8\"},\"headline\":\"Brasil televisivo vive ao &#8216;Deus dar\u00e1&#8217; em anos de campanha eleitoral\",\"datePublished\":\"2014-08-30T16:20:19+00:00\",\"mainEntityOfPage\":{\"@id\":\"https:\\\/\\\/www.notibras.com\\\/site\\\/brasil-televisivo-vive-ao-deus-dara-em-anos-de-campanha-eleitoral\\\/\"},\"wordCount\":834,\"commentCount\":0,\"publisher\":{\"@id\":\"https:\\\/\\\/www.notibras.com\\\/site\\\/#organization\"},\"image\":{\"@id\":\"https:\\\/\\\/www.notibras.com\\\/site\\\/brasil-televisivo-vive-ao-deus-dara-em-anos-de-campanha-eleitoral\\\/#primaryimage\"},\"thumbnailUrl\":\"https:\\\/\\\/www.notibras.com\\\/site\\\/wp-content\\\/uploads\\\/2014\\\/08\\\/televis\u00e3o.jpg\",\"articleSection\":[\"Opina a\u00ed\"],\"inLanguage\":\"pt-BR\",\"potentialAction\":[{\"@type\":\"CommentAction\",\"name\":\"Comment\",\"target\":[\"https:\\\/\\\/www.notibras.com\\\/site\\\/brasil-televisivo-vive-ao-deus-dara-em-anos-de-campanha-eleitoral\\\/#respond\"]}]},{\"@type\":\"WebPage\",\"@id\":\"https:\\\/\\\/www.notibras.com\\\/site\\\/brasil-televisivo-vive-ao-deus-dara-em-anos-de-campanha-eleitoral\\\/\",\"url\":\"https:\\\/\\\/www.notibras.com\\\/site\\\/brasil-televisivo-vive-ao-deus-dara-em-anos-de-campanha-eleitoral\\\/\",\"name\":\"Brasil televisivo vive ao 'Deus dar\u00e1' em anos de campanha eleitoral - Notibras\",\"isPartOf\":{\"@id\":\"https:\\\/\\\/www.notibras.com\\\/site\\\/#website\"},\"primaryImageOfPage\":{\"@id\":\"https:\\\/\\\/www.notibras.com\\\/site\\\/brasil-televisivo-vive-ao-deus-dara-em-anos-de-campanha-eleitoral\\\/#primaryimage\"},\"image\":{\"@id\":\"https:\\\/\\\/www.notibras.com\\\/site\\\/brasil-televisivo-vive-ao-deus-dara-em-anos-de-campanha-eleitoral\\\/#primaryimage\"},\"thumbnailUrl\":\"https:\\\/\\\/www.notibras.com\\\/site\\\/wp-content\\\/uploads\\\/2014\\\/08\\\/televis\u00e3o.jpg\",\"datePublished\":\"2014-08-30T16:20:19+00:00\",\"breadcrumb\":{\"@id\":\"https:\\\/\\\/www.notibras.com\\\/site\\\/brasil-televisivo-vive-ao-deus-dara-em-anos-de-campanha-eleitoral\\\/#breadcrumb\"},\"inLanguage\":\"pt-BR\",\"potentialAction\":[{\"@type\":\"ReadAction\",\"target\":[\"https:\\\/\\\/www.notibras.com\\\/site\\\/brasil-televisivo-vive-ao-deus-dara-em-anos-de-campanha-eleitoral\\\/\"]}]},{\"@type\":\"ImageObject\",\"inLanguage\":\"pt-BR\",\"@id\":\"https:\\\/\\\/www.notibras.com\\\/site\\\/brasil-televisivo-vive-ao-deus-dara-em-anos-de-campanha-eleitoral\\\/#primaryimage\",\"url\":\"https:\\\/\\\/www.notibras.com\\\/site\\\/wp-content\\\/uploads\\\/2014\\\/08\\\/televis\u00e3o.jpg\",\"contentUrl\":\"https:\\\/\\\/www.notibras.com\\\/site\\\/wp-content\\\/uploads\\\/2014\\\/08\\\/televis\u00e3o.jpg\",\"width\":1600,\"height\":1290},{\"@type\":\"BreadcrumbList\",\"@id\":\"https:\\\/\\\/www.notibras.com\\\/site\\\/brasil-televisivo-vive-ao-deus-dara-em-anos-de-campanha-eleitoral\\\/#breadcrumb\",\"itemListElement\":[{\"@type\":\"ListItem\",\"position\":1,\"name\":\"In\u00edcio\",\"item\":\"https:\\\/\\\/www.notibras.com\\\/site\\\/\"},{\"@type\":\"ListItem\",\"position\":2,\"name\":\"Brasil televisivo vive ao &#8216;Deus dar\u00e1&#8217; em anos de campanha eleitoral\"}]},{\"@type\":\"WebSite\",\"@id\":\"https:\\\/\\\/www.notibras.com\\\/site\\\/#website\",\"url\":\"https:\\\/\\\/www.notibras.com\\\/site\\\/\",\"name\":\"Notibras\",\"description\":\"Not\u00edcias de Bras\u00edlia, do Brasil e do Mundo\",\"publisher\":{\"@id\":\"https:\\\/\\\/www.notibras.com\\\/site\\\/#organization\"},\"potentialAction\":[{\"@type\":\"SearchAction\",\"target\":{\"@type\":\"EntryPoint\",\"urlTemplate\":\"https:\\\/\\\/www.notibras.com\\\/site\\\/?s={search_term_string}\"},\"query-input\":{\"@type\":\"PropertyValueSpecification\",\"valueRequired\":true,\"valueName\":\"search_term_string\"}}],\"inLanguage\":\"pt-BR\"},{\"@type\":\"Organization\",\"@id\":\"https:\\\/\\\/www.notibras.com\\\/site\\\/#organization\",\"name\":\"Grupo Notibras de Comunica\u00e7\u00e3o\",\"url\":\"https:\\\/\\\/www.notibras.com\\\/site\\\/\",\"logo\":{\"@type\":\"ImageObject\",\"inLanguage\":\"pt-BR\",\"@id\":\"https:\\\/\\\/www.notibras.com\\\/site\\\/#\\\/schema\\\/logo\\\/image\\\/\",\"url\":\"https:\\\/\\\/www.notibras.com\\\/site\\\/wp-content\\\/uploads\\\/2023\\\/01\\\/notibras23.png\",\"contentUrl\":\"https:\\\/\\\/www.notibras.com\\\/site\\\/wp-content\\\/uploads\\\/2023\\\/01\\\/notibras23.png\",\"width\":350,\"height\":87,\"caption\":\"Grupo Notibras de Comunica\u00e7\u00e3o\"},\"image\":{\"@id\":\"https:\\\/\\\/www.notibras.com\\\/site\\\/#\\\/schema\\\/logo\\\/image\\\/\"},\"sameAs\":[\"https:\\\/\\\/www.facebook.com\\\/notibras\\\/\",\"https:\\\/\\\/x.com\\\/Notibras\",\"https:\\\/\\\/www.instagram.com\\\/notibras\\\/\"]},{\"@type\":\"Person\",\"@id\":\"https:\\\/\\\/www.notibras.com\\\/site\\\/#\\\/schema\\\/person\\\/36ab0979449956132d3e5b517ea76ac8\",\"name\":\"Reda\u00e7\u00e3o\",\"image\":{\"@type\":\"ImageObject\",\"inLanguage\":\"pt-BR\",\"@id\":\"https:\\\/\\\/secure.gravatar.com\\\/avatar\\\/e0a867bdedb85fd243eadf09663511f96fc81e0720a4a42581f334ad4303aa6b?s=96&d=mm&r=g\",\"url\":\"https:\\\/\\\/secure.gravatar.com\\\/avatar\\\/e0a867bdedb85fd243eadf09663511f96fc81e0720a4a42581f334ad4303aa6b?s=96&d=mm&r=g\",\"contentUrl\":\"https:\\\/\\\/secure.gravatar.com\\\/avatar\\\/e0a867bdedb85fd243eadf09663511f96fc81e0720a4a42581f334ad4303aa6b?s=96&d=mm&r=g\",\"caption\":\"Reda\u00e7\u00e3o\"}}]}<\/script>\n<!-- \/ Yoast SEO plugin. -->","yoast_head_json":{"title":"Brasil televisivo vive ao 'Deus dar\u00e1' em anos de campanha eleitoral - Notibras","robots":{"index":"index","follow":"follow","max-snippet":"max-snippet:-1","max-image-preview":"max-image-preview:large","max-video-preview":"max-video-preview:-1"},"canonical":"https:\/\/www.notibras.com\/site\/brasil-televisivo-vive-ao-deus-dara-em-anos-de-campanha-eleitoral\/","og_locale":"pt_BR","og_type":"article","og_title":"Brasil televisivo vive ao 'Deus dar\u00e1' em anos de campanha eleitoral - Notibras","og_description":"Meio Popular de Comunica\u00e7\u00e3o, a Televis\u00e3o brasileira, Objeto de Concess\u00e3o P\u00fablica, portanto, \u201cUngida\u201d pelo Pal\u00e1cio do Planalto, pelo Governante de Plant\u00e3o, regulamentada por Ag\u00eancias Reguladoras,\u201d Tipo Anatel\u201d (Dentel), que, de acordo com o Melhor, ou Pior Humor, distribuem tais Alvar\u00e1s Licenciat\u00f3rios, em conformidade com o \u201cApoio\u201d que o Governo recebe na C\u00e2mara ou Senado da [&hellip;]","og_url":"https:\/\/www.notibras.com\/site\/brasil-televisivo-vive-ao-deus-dara-em-anos-de-campanha-eleitoral\/","og_site_name":"Notibras","article_publisher":"https:\/\/www.facebook.com\/notibras\/","article_published_time":"2014-08-30T16:20:19+00:00","og_image":[{"width":1600,"height":1290,"url":"https:\/\/www.notibras.com\/site\/wp-content\/uploads\/2014\/08\/televis\u00e3o.jpg","type":"image\/jpeg"}],"author":"Reda\u00e7\u00e3o","twitter_card":"summary_large_image","twitter_creator":"@Notibras","twitter_site":"@Notibras","twitter_misc":{"Escrito por":"Reda\u00e7\u00e3o","Est. tempo de leitura":"4 minutos"},"schema":{"@context":"https:\/\/schema.org","@graph":[{"@type":"Article","@id":"https:\/\/www.notibras.com\/site\/brasil-televisivo-vive-ao-deus-dara-em-anos-de-campanha-eleitoral\/#article","isPartOf":{"@id":"https:\/\/www.notibras.com\/site\/brasil-televisivo-vive-ao-deus-dara-em-anos-de-campanha-eleitoral\/"},"author":{"name":"Reda\u00e7\u00e3o","@id":"https:\/\/www.notibras.com\/site\/#\/schema\/person\/36ab0979449956132d3e5b517ea76ac8"},"headline":"Brasil televisivo vive ao &#8216;Deus dar\u00e1&#8217; em anos de campanha eleitoral","datePublished":"2014-08-30T16:20:19+00:00","mainEntityOfPage":{"@id":"https:\/\/www.notibras.com\/site\/brasil-televisivo-vive-ao-deus-dara-em-anos-de-campanha-eleitoral\/"},"wordCount":834,"commentCount":0,"publisher":{"@id":"https:\/\/www.notibras.com\/site\/#organization"},"image":{"@id":"https:\/\/www.notibras.com\/site\/brasil-televisivo-vive-ao-deus-dara-em-anos-de-campanha-eleitoral\/#primaryimage"},"thumbnailUrl":"https:\/\/www.notibras.com\/site\/wp-content\/uploads\/2014\/08\/televis\u00e3o.jpg","articleSection":["Opina a\u00ed"],"inLanguage":"pt-BR","potentialAction":[{"@type":"CommentAction","name":"Comment","target":["https:\/\/www.notibras.com\/site\/brasil-televisivo-vive-ao-deus-dara-em-anos-de-campanha-eleitoral\/#respond"]}]},{"@type":"WebPage","@id":"https:\/\/www.notibras.com\/site\/brasil-televisivo-vive-ao-deus-dara-em-anos-de-campanha-eleitoral\/","url":"https:\/\/www.notibras.com\/site\/brasil-televisivo-vive-ao-deus-dara-em-anos-de-campanha-eleitoral\/","name":"Brasil televisivo vive ao 'Deus dar\u00e1' em anos de campanha eleitoral - Notibras","isPartOf":{"@id":"https:\/\/www.notibras.com\/site\/#website"},"primaryImageOfPage":{"@id":"https:\/\/www.notibras.com\/site\/brasil-televisivo-vive-ao-deus-dara-em-anos-de-campanha-eleitoral\/#primaryimage"},"image":{"@id":"https:\/\/www.notibras.com\/site\/brasil-televisivo-vive-ao-deus-dara-em-anos-de-campanha-eleitoral\/#primaryimage"},"thumbnailUrl":"https:\/\/www.notibras.com\/site\/wp-content\/uploads\/2014\/08\/televis\u00e3o.jpg","datePublished":"2014-08-30T16:20:19+00:00","breadcrumb":{"@id":"https:\/\/www.notibras.com\/site\/brasil-televisivo-vive-ao-deus-dara-em-anos-de-campanha-eleitoral\/#breadcrumb"},"inLanguage":"pt-BR","potentialAction":[{"@type":"ReadAction","target":["https:\/\/www.notibras.com\/site\/brasil-televisivo-vive-ao-deus-dara-em-anos-de-campanha-eleitoral\/"]}]},{"@type":"ImageObject","inLanguage":"pt-BR","@id":"https:\/\/www.notibras.com\/site\/brasil-televisivo-vive-ao-deus-dara-em-anos-de-campanha-eleitoral\/#primaryimage","url":"https:\/\/www.notibras.com\/site\/wp-content\/uploads\/2014\/08\/televis\u00e3o.jpg","contentUrl":"https:\/\/www.notibras.com\/site\/wp-content\/uploads\/2014\/08\/televis\u00e3o.jpg","width":1600,"height":1290},{"@type":"BreadcrumbList","@id":"https:\/\/www.notibras.com\/site\/brasil-televisivo-vive-ao-deus-dara-em-anos-de-campanha-eleitoral\/#breadcrumb","itemListElement":[{"@type":"ListItem","position":1,"name":"In\u00edcio","item":"https:\/\/www.notibras.com\/site\/"},{"@type":"ListItem","position":2,"name":"Brasil televisivo vive ao &#8216;Deus dar\u00e1&#8217; em anos de campanha eleitoral"}]},{"@type":"WebSite","@id":"https:\/\/www.notibras.com\/site\/#website","url":"https:\/\/www.notibras.com\/site\/","name":"Notibras","description":"Not\u00edcias de Bras\u00edlia, do Brasil e do Mundo","publisher":{"@id":"https:\/\/www.notibras.com\/site\/#organization"},"potentialAction":[{"@type":"SearchAction","target":{"@type":"EntryPoint","urlTemplate":"https:\/\/www.notibras.com\/site\/?s={search_term_string}"},"query-input":{"@type":"PropertyValueSpecification","valueRequired":true,"valueName":"search_term_string"}}],"inLanguage":"pt-BR"},{"@type":"Organization","@id":"https:\/\/www.notibras.com\/site\/#organization","name":"Grupo Notibras de Comunica\u00e7\u00e3o","url":"https:\/\/www.notibras.com\/site\/","logo":{"@type":"ImageObject","inLanguage":"pt-BR","@id":"https:\/\/www.notibras.com\/site\/#\/schema\/logo\/image\/","url":"https:\/\/www.notibras.com\/site\/wp-content\/uploads\/2023\/01\/notibras23.png","contentUrl":"https:\/\/www.notibras.com\/site\/wp-content\/uploads\/2023\/01\/notibras23.png","width":350,"height":87,"caption":"Grupo Notibras de Comunica\u00e7\u00e3o"},"image":{"@id":"https:\/\/www.notibras.com\/site\/#\/schema\/logo\/image\/"},"sameAs":["https:\/\/www.facebook.com\/notibras\/","https:\/\/x.com\/Notibras","https:\/\/www.instagram.com\/notibras\/"]},{"@type":"Person","@id":"https:\/\/www.notibras.com\/site\/#\/schema\/person\/36ab0979449956132d3e5b517ea76ac8","name":"Reda\u00e7\u00e3o","image":{"@type":"ImageObject","inLanguage":"pt-BR","@id":"https:\/\/secure.gravatar.com\/avatar\/e0a867bdedb85fd243eadf09663511f96fc81e0720a4a42581f334ad4303aa6b?s=96&d=mm&r=g","url":"https:\/\/secure.gravatar.com\/avatar\/e0a867bdedb85fd243eadf09663511f96fc81e0720a4a42581f334ad4303aa6b?s=96&d=mm&r=g","contentUrl":"https:\/\/secure.gravatar.com\/avatar\/e0a867bdedb85fd243eadf09663511f96fc81e0720a4a42581f334ad4303aa6b?s=96&d=mm&r=g","caption":"Reda\u00e7\u00e3o"}}]}},"amp_enabled":true,"_links":{"self":[{"href":"https:\/\/www.notibras.com\/site\/wp-json\/wp\/v2\/posts\/21089","targetHints":{"allow":["GET"]}}],"collection":[{"href":"https:\/\/www.notibras.com\/site\/wp-json\/wp\/v2\/posts"}],"about":[{"href":"https:\/\/www.notibras.com\/site\/wp-json\/wp\/v2\/types\/post"}],"author":[{"embeddable":true,"href":"https:\/\/www.notibras.com\/site\/wp-json\/wp\/v2\/users\/2"}],"replies":[{"embeddable":true,"href":"https:\/\/www.notibras.com\/site\/wp-json\/wp\/v2\/comments?post=21089"}],"version-history":[{"count":0,"href":"https:\/\/www.notibras.com\/site\/wp-json\/wp\/v2\/posts\/21089\/revisions"}],"wp:featuredmedia":[{"embeddable":true,"href":"https:\/\/www.notibras.com\/site\/wp-json\/wp\/v2\/media\/21090"}],"wp:attachment":[{"href":"https:\/\/www.notibras.com\/site\/wp-json\/wp\/v2\/media?parent=21089"}],"wp:term":[{"taxonomy":"category","embeddable":true,"href":"https:\/\/www.notibras.com\/site\/wp-json\/wp\/v2\/categories?post=21089"},{"taxonomy":"post_tag","embeddable":true,"href":"https:\/\/www.notibras.com\/site\/wp-json\/wp\/v2\/tags?post=21089"}],"curies":[{"name":"wp","href":"https:\/\/api.w.org\/{rel}","templated":true}]}}