{"id":2114,"date":"2014-02-18T22:02:43","date_gmt":"2014-02-19T01:02:43","guid":{"rendered":"http:\/\/www.notibras.com\/site\/?p=2114"},"modified":"2014-02-19T00:06:20","modified_gmt":"2014-02-19T03:06:20","slug":"magno-malta-avisa-ao-pr-que-esta-disposto-a-brigar-pelo-planalto","status":"publish","type":"post","link":"https:\/\/www.notibras.com\/site\/magno-malta-avisa-ao-pr-que-esta-disposto-a-brigar-pelo-planalto\/","title":{"rendered":"Magno Malta avisa ao PR que est\u00e1 disposto a brigar pelo Pal\u00e1cio do Planalto este ano"},"content":{"rendered":"<p>O senador Magno Malta (PR-ES) entregou nesta ter\u00e7a-feira uma carta ao presidente do PR, senador Alfredo Nascimento (AM), pedindo apoio para representar o partido nas elei\u00e7\u00f5es para presidente da Rep\u00fablica. O documento foi entregue no gabinete da lideran\u00e7a do PR no Senado, com a presen\u00e7a de pol\u00edticos, amigos e correligion\u00e1rios.<\/p>\n<p>Malta disse que est\u00e1 \u201c\u00e0 disposi\u00e7\u00e3o do partido para disputar a\u00a0Presid\u00eancia por v\u00e1rios motivos\u201d. \u00a0\u201cO primeiro \u00e9 para n\u00e3o ficar omisso, e depois n\u00e3o quero ficar arrependido por n\u00e3o ter pelo menos tentado de forma democr\u00e1tica e legal.\u201d<\/p>\n<p>Na carta entregue ao partido, o senador destaca que participou dos tr\u00eas \u00faltimos governos. \u201cDo senhor Fernando Henrique Cardoso, quando assisti o nascimento do Planto Renal, trazendo importantes transforma\u00e7\u00f5es para nossa economia, que hoje est\u00e1 dando sinais de estagna\u00e7\u00e3o, ao lado do senhor Luiz In\u00e1cio Lula da Silva aplaudi de p\u00e9 o Luz para Todos, Caminho do Campo e Bolsa Fam\u00edlia, uma a\u00e7\u00e3o concreta em favor da maioria carente, e com a senhora Dilma Rouseff, tamb\u00e9m testemunhei a luta pela continuidade da pol\u00edtica social e o lan\u00e7amento do Plano de Acelera\u00e7\u00e3o do Crescimento que beneficiou todos estados, principalmente os mais necessitados\u201d.<\/p>\n<p>\u201cSou conhecedor do piv\u00f4 mais dram\u00e1tico deste problema que aflige o povo brasileiro e emperra o desenvolvimento da nossa p\u00e1tria amada, mas sofrida pela desigualdade e pela dor da maioria que vive assustada e sem perspectiva de dias melhores\u201d, relata Malta.<\/p>\n<p>O PR faz parte da base aliada da presidente Dilma Rousseff. Atualmente, o partido comanda o Minist\u00e9rio dos Transportes, com C\u00e9sar Borges.<\/p>\n","protected":false},"excerpt":{"rendered":"<p>O senador Magno Malta (PR-ES) entregou nesta ter\u00e7a-feira uma carta ao presidente do PR, senador Alfredo Nascimento (AM), pedindo apoio para representar o partido nas elei\u00e7\u00f5es para presidente da Rep\u00fablica. O documento foi entregue no gabinete da lideran\u00e7a do PR no Senado, com a presen\u00e7a de pol\u00edticos, amigos e correligion\u00e1rios. Malta disse que est\u00e1 \u201c\u00e0 [&hellip;]<\/p>\n","protected":false},"author":2,"featured_media":2115,"comment_status":"open","ping_status":"closed","sticky":false,"template":"","format":"standard","meta":{"_acf_changed":false,"footnotes":""},"categories":[16],"tags":[],"class_list":["post-2114","post","type-post","status-publish","format-standard","has-post-thumbnail","hentry","category-brasil"],"acf":[],"yoast_head":"<!-- This site is optimized with the Yoast SEO plugin v27.2 - https:\/\/yoast.com\/product\/yoast-seo-wordpress\/ -->\n<title>Magno Malta avisa ao PR que est\u00e1 disposto a brigar pelo Pal\u00e1cio do Planalto este ano - Notibras<\/title>\n<meta name=\"robots\" content=\"index, follow, max-snippet:-1, max-image-preview:large, max-video-preview:-1\" \/>\n<link rel=\"canonical\" href=\"https:\/\/www.notibras.com\/site\/magno-malta-avisa-ao-pr-que-esta-disposto-a-brigar-pelo-planalto\/\" \/>\n<meta property=\"og:locale\" content=\"pt_BR\" \/>\n<meta property=\"og:type\" content=\"article\" \/>\n<meta property=\"og:title\" content=\"Magno Malta avisa ao PR que est\u00e1 disposto a brigar pelo Pal\u00e1cio do Planalto este ano - Notibras\" \/>\n<meta property=\"og:description\" content=\"O senador Magno Malta (PR-ES) entregou nesta ter\u00e7a-feira uma carta ao presidente do PR, senador Alfredo Nascimento (AM), pedindo apoio para representar o partido nas elei\u00e7\u00f5es para presidente da Rep\u00fablica. O documento foi entregue no gabinete da lideran\u00e7a do PR no Senado, com a presen\u00e7a de pol\u00edticos, amigos e correligion\u00e1rios. Malta disse que est\u00e1 \u201c\u00e0 [&hellip;]\" \/>\n<meta property=\"og:url\" content=\"https:\/\/www.notibras.com\/site\/magno-malta-avisa-ao-pr-que-esta-disposto-a-brigar-pelo-planalto\/\" \/>\n<meta property=\"og:site_name\" content=\"Notibras\" \/>\n<meta property=\"article:publisher\" content=\"https:\/\/www.facebook.com\/notibras\/\" \/>\n<meta property=\"article:published_time\" content=\"2014-02-19T01:02:43+00:00\" \/>\n<meta property=\"article:modified_time\" content=\"2014-02-19T03:06:20+00:00\" \/>\n<meta property=\"og:image\" content=\"https:\/\/www.notibras.com\/site\/wp-content\/uploads\/2014\/02\/20121030_02629mm.jpg\" \/>\n\t<meta property=\"og:image:width\" content=\"500\" \/>\n\t<meta property=\"og:image:height\" content=\"329\" \/>\n\t<meta property=\"og:image:type\" content=\"image\/jpeg\" \/>\n<meta name=\"author\" content=\"Reda\u00e7\u00e3o\" \/>\n<meta name=\"twitter:card\" content=\"summary_large_image\" \/>\n<meta name=\"twitter:creator\" content=\"@Notibras\" \/>\n<meta name=\"twitter:site\" content=\"@Notibras\" \/>\n<meta name=\"twitter:label1\" content=\"Escrito por\" \/>\n\t<meta name=\"twitter:data1\" content=\"Reda\u00e7\u00e3o\" \/>\n\t<meta name=\"twitter:label2\" content=\"Est. tempo de leitura\" \/>\n\t<meta name=\"twitter:data2\" content=\"1 minuto\" \/>\n<script type=\"application\/ld+json\" class=\"yoast-schema-graph\">{\"@context\":\"https:\/\/schema.org\",\"@graph\":[{\"@type\":\"Article\",\"@id\":\"https:\/\/www.notibras.com\/site\/magno-malta-avisa-ao-pr-que-esta-disposto-a-brigar-pelo-planalto\/#article\",\"isPartOf\":{\"@id\":\"https:\/\/www.notibras.com\/site\/magno-malta-avisa-ao-pr-que-esta-disposto-a-brigar-pelo-planalto\/\"},\"author\":{\"name\":\"Reda\u00e7\u00e3o\",\"@id\":\"https:\/\/www.notibras.com\/site\/#\/schema\/person\/36ab0979449956132d3e5b517ea76ac8\"},\"headline\":\"Magno Malta avisa ao PR que est\u00e1 disposto a brigar pelo Pal\u00e1cio do Planalto este ano\",\"datePublished\":\"2014-02-19T01:02:43+00:00\",\"dateModified\":\"2014-02-19T03:06:20+00:00\",\"mainEntityOfPage\":{\"@id\":\"https:\/\/www.notibras.com\/site\/magno-malta-avisa-ao-pr-que-esta-disposto-a-brigar-pelo-planalto\/\"},\"wordCount\":296,\"commentCount\":0,\"publisher\":{\"@id\":\"https:\/\/www.notibras.com\/site\/#organization\"},\"image\":{\"@id\":\"https:\/\/www.notibras.com\/site\/magno-malta-avisa-ao-pr-que-esta-disposto-a-brigar-pelo-planalto\/#primaryimage\"},\"thumbnailUrl\":\"https:\/\/www.notibras.com\/site\/wp-content\/uploads\/2014\/02\/20121030_02629mm.jpg\",\"articleSection\":[\"Brasil\"],\"inLanguage\":\"pt-BR\",\"potentialAction\":[{\"@type\":\"CommentAction\",\"name\":\"Comment\",\"target\":[\"https:\/\/www.notibras.com\/site\/magno-malta-avisa-ao-pr-que-esta-disposto-a-brigar-pelo-planalto\/#respond\"]}]},{\"@type\":\"WebPage\",\"@id\":\"https:\/\/www.notibras.com\/site\/magno-malta-avisa-ao-pr-que-esta-disposto-a-brigar-pelo-planalto\/\",\"url\":\"https:\/\/www.notibras.com\/site\/magno-malta-avisa-ao-pr-que-esta-disposto-a-brigar-pelo-planalto\/\",\"name\":\"Magno Malta avisa ao PR que est\u00e1 disposto a brigar pelo Pal\u00e1cio do Planalto este ano - Notibras\",\"isPartOf\":{\"@id\":\"https:\/\/www.notibras.com\/site\/#website\"},\"primaryImageOfPage\":{\"@id\":\"https:\/\/www.notibras.com\/site\/magno-malta-avisa-ao-pr-que-esta-disposto-a-brigar-pelo-planalto\/#primaryimage\"},\"image\":{\"@id\":\"https:\/\/www.notibras.com\/site\/magno-malta-avisa-ao-pr-que-esta-disposto-a-brigar-pelo-planalto\/#primaryimage\"},\"thumbnailUrl\":\"https:\/\/www.notibras.com\/site\/wp-content\/uploads\/2014\/02\/20121030_02629mm.jpg\",\"datePublished\":\"2014-02-19T01:02:43+00:00\",\"dateModified\":\"2014-02-19T03:06:20+00:00\",\"breadcrumb\":{\"@id\":\"https:\/\/www.notibras.com\/site\/magno-malta-avisa-ao-pr-que-esta-disposto-a-brigar-pelo-planalto\/#breadcrumb\"},\"inLanguage\":\"pt-BR\",\"potentialAction\":[{\"@type\":\"ReadAction\",\"target\":[\"https:\/\/www.notibras.com\/site\/magno-malta-avisa-ao-pr-que-esta-disposto-a-brigar-pelo-planalto\/\"]}]},{\"@type\":\"ImageObject\",\"inLanguage\":\"pt-BR\",\"@id\":\"https:\/\/www.notibras.com\/site\/magno-malta-avisa-ao-pr-que-esta-disposto-a-brigar-pelo-planalto\/#primaryimage\",\"url\":\"https:\/\/www.notibras.com\/site\/wp-content\/uploads\/2014\/02\/20121030_02629mm.jpg\",\"contentUrl\":\"https:\/\/www.notibras.com\/site\/wp-content\/uploads\/2014\/02\/20121030_02629mm.jpg\",\"width\":500,\"height\":329},{\"@type\":\"BreadcrumbList\",\"@id\":\"https:\/\/www.notibras.com\/site\/magno-malta-avisa-ao-pr-que-esta-disposto-a-brigar-pelo-planalto\/#breadcrumb\",\"itemListElement\":[{\"@type\":\"ListItem\",\"position\":1,\"name\":\"In\u00edcio\",\"item\":\"https:\/\/www.notibras.com\/site\/\"},{\"@type\":\"ListItem\",\"position\":2,\"name\":\"Magno Malta avisa ao PR que est\u00e1 disposto a brigar pelo Pal\u00e1cio do Planalto este ano\"}]},{\"@type\":\"WebSite\",\"@id\":\"https:\/\/www.notibras.com\/site\/#website\",\"url\":\"https:\/\/www.notibras.com\/site\/\",\"name\":\"Notibras\",\"description\":\"Not\u00edcias de Bras\u00edlia, do Brasil e do Mundo\",\"publisher\":{\"@id\":\"https:\/\/www.notibras.com\/site\/#organization\"},\"potentialAction\":[{\"@type\":\"SearchAction\",\"target\":{\"@type\":\"EntryPoint\",\"urlTemplate\":\"https:\/\/www.notibras.com\/site\/?s={search_term_string}\"},\"query-input\":{\"@type\":\"PropertyValueSpecification\",\"valueRequired\":true,\"valueName\":\"search_term_string\"}}],\"inLanguage\":\"pt-BR\"},{\"@type\":\"Organization\",\"@id\":\"https:\/\/www.notibras.com\/site\/#organization\",\"name\":\"Grupo Notibras de Comunica\u00e7\u00e3o\",\"url\":\"https:\/\/www.notibras.com\/site\/\",\"logo\":{\"@type\":\"ImageObject\",\"inLanguage\":\"pt-BR\",\"@id\":\"https:\/\/www.notibras.com\/site\/#\/schema\/logo\/image\/\",\"url\":\"https:\/\/www.notibras.com\/site\/wp-content\/uploads\/2023\/01\/notibras23.png\",\"contentUrl\":\"https:\/\/www.notibras.com\/site\/wp-content\/uploads\/2023\/01\/notibras23.png\",\"width\":350,\"height\":87,\"caption\":\"Grupo Notibras de Comunica\u00e7\u00e3o\"},\"image\":{\"@id\":\"https:\/\/www.notibras.com\/site\/#\/schema\/logo\/image\/\"},\"sameAs\":[\"https:\/\/www.facebook.com\/notibras\/\",\"https:\/\/x.com\/Notibras\",\"https:\/\/www.instagram.com\/notibras\/\"]},{\"@type\":\"Person\",\"@id\":\"https:\/\/www.notibras.com\/site\/#\/schema\/person\/36ab0979449956132d3e5b517ea76ac8\",\"name\":\"Reda\u00e7\u00e3o\",\"image\":{\"@type\":\"ImageObject\",\"inLanguage\":\"pt-BR\",\"@id\":\"https:\/\/secure.gravatar.com\/avatar\/e0a867bdedb85fd243eadf09663511f96fc81e0720a4a42581f334ad4303aa6b?s=96&d=mm&r=g\",\"url\":\"https:\/\/secure.gravatar.com\/avatar\/e0a867bdedb85fd243eadf09663511f96fc81e0720a4a42581f334ad4303aa6b?s=96&d=mm&r=g\",\"contentUrl\":\"https:\/\/secure.gravatar.com\/avatar\/e0a867bdedb85fd243eadf09663511f96fc81e0720a4a42581f334ad4303aa6b?s=96&d=mm&r=g\",\"caption\":\"Reda\u00e7\u00e3o\"}}]}<\/script>\n<!-- \/ Yoast SEO plugin. -->","yoast_head_json":{"title":"Magno Malta avisa ao PR que est\u00e1 disposto a brigar pelo Pal\u00e1cio do Planalto este ano - Notibras","robots":{"index":"index","follow":"follow","max-snippet":"max-snippet:-1","max-image-preview":"max-image-preview:large","max-video-preview":"max-video-preview:-1"},"canonical":"https:\/\/www.notibras.com\/site\/magno-malta-avisa-ao-pr-que-esta-disposto-a-brigar-pelo-planalto\/","og_locale":"pt_BR","og_type":"article","og_title":"Magno Malta avisa ao PR que est\u00e1 disposto a brigar pelo Pal\u00e1cio do Planalto este ano - Notibras","og_description":"O senador Magno Malta (PR-ES) entregou nesta ter\u00e7a-feira uma carta ao presidente do PR, senador Alfredo Nascimento (AM), pedindo apoio para representar o partido nas elei\u00e7\u00f5es para presidente da Rep\u00fablica. O documento foi entregue no gabinete da lideran\u00e7a do PR no Senado, com a presen\u00e7a de pol\u00edticos, amigos e correligion\u00e1rios. Malta disse que est\u00e1 \u201c\u00e0 [&hellip;]","og_url":"https:\/\/www.notibras.com\/site\/magno-malta-avisa-ao-pr-que-esta-disposto-a-brigar-pelo-planalto\/","og_site_name":"Notibras","article_publisher":"https:\/\/www.facebook.com\/notibras\/","article_published_time":"2014-02-19T01:02:43+00:00","article_modified_time":"2014-02-19T03:06:20+00:00","og_image":[{"width":500,"height":329,"url":"https:\/\/www.notibras.com\/site\/wp-content\/uploads\/2014\/02\/20121030_02629mm.jpg","type":"image\/jpeg"}],"author":"Reda\u00e7\u00e3o","twitter_card":"summary_large_image","twitter_creator":"@Notibras","twitter_site":"@Notibras","twitter_misc":{"Escrito por":"Reda\u00e7\u00e3o","Est. tempo de leitura":"1 minuto"},"schema":{"@context":"https:\/\/schema.org","@graph":[{"@type":"Article","@id":"https:\/\/www.notibras.com\/site\/magno-malta-avisa-ao-pr-que-esta-disposto-a-brigar-pelo-planalto\/#article","isPartOf":{"@id":"https:\/\/www.notibras.com\/site\/magno-malta-avisa-ao-pr-que-esta-disposto-a-brigar-pelo-planalto\/"},"author":{"name":"Reda\u00e7\u00e3o","@id":"https:\/\/www.notibras.com\/site\/#\/schema\/person\/36ab0979449956132d3e5b517ea76ac8"},"headline":"Magno Malta avisa ao PR que est\u00e1 disposto a brigar pelo Pal\u00e1cio do Planalto este ano","datePublished":"2014-02-19T01:02:43+00:00","dateModified":"2014-02-19T03:06:20+00:00","mainEntityOfPage":{"@id":"https:\/\/www.notibras.com\/site\/magno-malta-avisa-ao-pr-que-esta-disposto-a-brigar-pelo-planalto\/"},"wordCount":296,"commentCount":0,"publisher":{"@id":"https:\/\/www.notibras.com\/site\/#organization"},"image":{"@id":"https:\/\/www.notibras.com\/site\/magno-malta-avisa-ao-pr-que-esta-disposto-a-brigar-pelo-planalto\/#primaryimage"},"thumbnailUrl":"https:\/\/www.notibras.com\/site\/wp-content\/uploads\/2014\/02\/20121030_02629mm.jpg","articleSection":["Brasil"],"inLanguage":"pt-BR","potentialAction":[{"@type":"CommentAction","name":"Comment","target":["https:\/\/www.notibras.com\/site\/magno-malta-avisa-ao-pr-que-esta-disposto-a-brigar-pelo-planalto\/#respond"]}]},{"@type":"WebPage","@id":"https:\/\/www.notibras.com\/site\/magno-malta-avisa-ao-pr-que-esta-disposto-a-brigar-pelo-planalto\/","url":"https:\/\/www.notibras.com\/site\/magno-malta-avisa-ao-pr-que-esta-disposto-a-brigar-pelo-planalto\/","name":"Magno Malta avisa ao PR que est\u00e1 disposto a brigar pelo Pal\u00e1cio do Planalto este ano - Notibras","isPartOf":{"@id":"https:\/\/www.notibras.com\/site\/#website"},"primaryImageOfPage":{"@id":"https:\/\/www.notibras.com\/site\/magno-malta-avisa-ao-pr-que-esta-disposto-a-brigar-pelo-planalto\/#primaryimage"},"image":{"@id":"https:\/\/www.notibras.com\/site\/magno-malta-avisa-ao-pr-que-esta-disposto-a-brigar-pelo-planalto\/#primaryimage"},"thumbnailUrl":"https:\/\/www.notibras.com\/site\/wp-content\/uploads\/2014\/02\/20121030_02629mm.jpg","datePublished":"2014-02-19T01:02:43+00:00","dateModified":"2014-02-19T03:06:20+00:00","breadcrumb":{"@id":"https:\/\/www.notibras.com\/site\/magno-malta-avisa-ao-pr-que-esta-disposto-a-brigar-pelo-planalto\/#breadcrumb"},"inLanguage":"pt-BR","potentialAction":[{"@type":"ReadAction","target":["https:\/\/www.notibras.com\/site\/magno-malta-avisa-ao-pr-que-esta-disposto-a-brigar-pelo-planalto\/"]}]},{"@type":"ImageObject","inLanguage":"pt-BR","@id":"https:\/\/www.notibras.com\/site\/magno-malta-avisa-ao-pr-que-esta-disposto-a-brigar-pelo-planalto\/#primaryimage","url":"https:\/\/www.notibras.com\/site\/wp-content\/uploads\/2014\/02\/20121030_02629mm.jpg","contentUrl":"https:\/\/www.notibras.com\/site\/wp-content\/uploads\/2014\/02\/20121030_02629mm.jpg","width":500,"height":329},{"@type":"BreadcrumbList","@id":"https:\/\/www.notibras.com\/site\/magno-malta-avisa-ao-pr-que-esta-disposto-a-brigar-pelo-planalto\/#breadcrumb","itemListElement":[{"@type":"ListItem","position":1,"name":"In\u00edcio","item":"https:\/\/www.notibras.com\/site\/"},{"@type":"ListItem","position":2,"name":"Magno Malta avisa ao PR que est\u00e1 disposto a brigar pelo Pal\u00e1cio do Planalto este ano"}]},{"@type":"WebSite","@id":"https:\/\/www.notibras.com\/site\/#website","url":"https:\/\/www.notibras.com\/site\/","name":"Notibras","description":"Not\u00edcias de Bras\u00edlia, do Brasil e do Mundo","publisher":{"@id":"https:\/\/www.notibras.com\/site\/#organization"},"potentialAction":[{"@type":"SearchAction","target":{"@type":"EntryPoint","urlTemplate":"https:\/\/www.notibras.com\/site\/?s={search_term_string}"},"query-input":{"@type":"PropertyValueSpecification","valueRequired":true,"valueName":"search_term_string"}}],"inLanguage":"pt-BR"},{"@type":"Organization","@id":"https:\/\/www.notibras.com\/site\/#organization","name":"Grupo Notibras de Comunica\u00e7\u00e3o","url":"https:\/\/www.notibras.com\/site\/","logo":{"@type":"ImageObject","inLanguage":"pt-BR","@id":"https:\/\/www.notibras.com\/site\/#\/schema\/logo\/image\/","url":"https:\/\/www.notibras.com\/site\/wp-content\/uploads\/2023\/01\/notibras23.png","contentUrl":"https:\/\/www.notibras.com\/site\/wp-content\/uploads\/2023\/01\/notibras23.png","width":350,"height":87,"caption":"Grupo Notibras de Comunica\u00e7\u00e3o"},"image":{"@id":"https:\/\/www.notibras.com\/site\/#\/schema\/logo\/image\/"},"sameAs":["https:\/\/www.facebook.com\/notibras\/","https:\/\/x.com\/Notibras","https:\/\/www.instagram.com\/notibras\/"]},{"@type":"Person","@id":"https:\/\/www.notibras.com\/site\/#\/schema\/person\/36ab0979449956132d3e5b517ea76ac8","name":"Reda\u00e7\u00e3o","image":{"@type":"ImageObject","inLanguage":"pt-BR","@id":"https:\/\/secure.gravatar.com\/avatar\/e0a867bdedb85fd243eadf09663511f96fc81e0720a4a42581f334ad4303aa6b?s=96&d=mm&r=g","url":"https:\/\/secure.gravatar.com\/avatar\/e0a867bdedb85fd243eadf09663511f96fc81e0720a4a42581f334ad4303aa6b?s=96&d=mm&r=g","contentUrl":"https:\/\/secure.gravatar.com\/avatar\/e0a867bdedb85fd243eadf09663511f96fc81e0720a4a42581f334ad4303aa6b?s=96&d=mm&r=g","caption":"Reda\u00e7\u00e3o"}}]}},"amp_enabled":true,"_links":{"self":[{"href":"https:\/\/www.notibras.com\/site\/wp-json\/wp\/v2\/posts\/2114","targetHints":{"allow":["GET"]}}],"collection":[{"href":"https:\/\/www.notibras.com\/site\/wp-json\/wp\/v2\/posts"}],"about":[{"href":"https:\/\/www.notibras.com\/site\/wp-json\/wp\/v2\/types\/post"}],"author":[{"embeddable":true,"href":"https:\/\/www.notibras.com\/site\/wp-json\/wp\/v2\/users\/2"}],"replies":[{"embeddable":true,"href":"https:\/\/www.notibras.com\/site\/wp-json\/wp\/v2\/comments?post=2114"}],"version-history":[{"count":0,"href":"https:\/\/www.notibras.com\/site\/wp-json\/wp\/v2\/posts\/2114\/revisions"}],"wp:featuredmedia":[{"embeddable":true,"href":"https:\/\/www.notibras.com\/site\/wp-json\/wp\/v2\/media\/2115"}],"wp:attachment":[{"href":"https:\/\/www.notibras.com\/site\/wp-json\/wp\/v2\/media?parent=2114"}],"wp:term":[{"taxonomy":"category","embeddable":true,"href":"https:\/\/www.notibras.com\/site\/wp-json\/wp\/v2\/categories?post=2114"},{"taxonomy":"post_tag","embeddable":true,"href":"https:\/\/www.notibras.com\/site\/wp-json\/wp\/v2\/tags?post=2114"}],"curies":[{"name":"wp","href":"https:\/\/api.w.org\/{rel}","templated":true}]}}