{"id":21142,"date":"2014-08-31T09:37:58","date_gmt":"2014-08-31T12:37:58","guid":{"rendered":"http:\/\/www.notibras.com\/site\/?p=21142"},"modified":"2014-08-31T09:38:54","modified_gmt":"2014-08-31T12:38:54","slug":"padilha-quer-militancia-com-faca-nos-dentes-para-garantir-vitoria-petista","status":"publish","type":"post","link":"https:\/\/www.notibras.com\/site\/padilha-quer-militancia-com-faca-nos-dentes-para-garantir-vitoria-petista\/","title":{"rendered":"Padilha quer milit\u00e2ncia com &#8216;faca nos dentes&#8217; para garantir a vit\u00f3ria"},"content":{"rendered":"<p>O ex-ministro da Sa\u00fade Alexandre Padilha, candidato ao governo do Estado de S\u00e3o Paulo pelo PT, acredita que o empate t\u00e9cnico nas pesquisas entre Dilma Rousseff (PT) e Marina Silva (PSB) na corrida presidencial servir\u00e1 para \u201cesquentar\u201d a milit\u00e2ncia de seu partido.<\/p>\n<p>Padilha espera que os eleitores de Dilma saiam \u00e0s ruas com a \u201cfaca nos dentes\u201d para disparar na lideran\u00e7a, a candidata \u00e0 reelei\u00e7\u00e3o \u00e9 a \u201cmais preparada\u201d para continuar no cargo.<\/p>\n<p class=\"text\">Em pesquisa divulgada pelo Instituto Datafolha na \u00faltima sexta-feira, Dilma e Marina aparecem com 34% das inten\u00e7\u00f5es de voto para o primeiro turno, mas a candidata do PSB abre dez pontos de vantagem sobre a presidente &#8211; 50% a 40% &#8211; no segundo turno. J\u00e1 o candidato do PSDB, A\u00e9cio Neves, caiu de 20% para 15% das inten\u00e7\u00f5es de voto para o primeiro turno; e perderia para Dilma no segundo turno por 48% a 40%.<\/p>\n<blockquote>\n<p class=\"text\">\u201cIsso \u00e9 bom pra dar uma esquentada na milit\u00e2ncia. Acho que a milit\u00e2ncia vai botar a faca nos dentes e sair pras ruas para defender o legado da presidente Dilma, mas sobretudo para mostrar que ela \u00e9 a que est\u00e1 mais preparada para fazer com que o Brasil continue mudando diante da crise internacional que estamos enfrentando\u201d, afirmou Padilha, neste s\u00e1bado.<\/p>\n<\/blockquote>\n","protected":false},"excerpt":{"rendered":"<p>O ex-ministro da Sa\u00fade Alexandre Padilha, candidato ao governo do Estado de S\u00e3o Paulo pelo PT, acredita que o empate t\u00e9cnico nas pesquisas entre Dilma Rousseff (PT) e Marina Silva (PSB) na corrida presidencial servir\u00e1 para \u201cesquentar\u201d a milit\u00e2ncia de seu partido. Padilha espera que os eleitores de Dilma saiam \u00e0s ruas com a \u201cfaca [&hellip;]<\/p>\n","protected":false},"author":2,"featured_media":21143,"comment_status":"open","ping_status":"closed","sticky":false,"template":"","format":"standard","meta":{"_acf_changed":false,"footnotes":""},"categories":[33],"tags":[],"class_list":["post-21142","post","type-post","status-publish","format-standard","has-post-thumbnail","hentry","category-eleicoes-2014"],"acf":[],"_links":{"self":[{"href":"https:\/\/www.notibras.com\/site\/wp-json\/wp\/v2\/posts\/21142","targetHints":{"allow":["GET"]}}],"collection":[{"href":"https:\/\/www.notibras.com\/site\/wp-json\/wp\/v2\/posts"}],"about":[{"href":"https:\/\/www.notibras.com\/site\/wp-json\/wp\/v2\/types\/post"}],"author":[{"embeddable":true,"href":"https:\/\/www.notibras.com\/site\/wp-json\/wp\/v2\/users\/2"}],"replies":[{"embeddable":true,"href":"https:\/\/www.notibras.com\/site\/wp-json\/wp\/v2\/comments?post=21142"}],"version-history":[{"count":0,"href":"https:\/\/www.notibras.com\/site\/wp-json\/wp\/v2\/posts\/21142\/revisions"}],"wp:featuredmedia":[{"embeddable":true,"href":"https:\/\/www.notibras.com\/site\/wp-json\/wp\/v2\/media\/21143"}],"wp:attachment":[{"href":"https:\/\/www.notibras.com\/site\/wp-json\/wp\/v2\/media?parent=21142"}],"wp:term":[{"taxonomy":"category","embeddable":true,"href":"https:\/\/www.notibras.com\/site\/wp-json\/wp\/v2\/categories?post=21142"},{"taxonomy":"post_tag","embeddable":true,"href":"https:\/\/www.notibras.com\/site\/wp-json\/wp\/v2\/tags?post=21142"}],"curies":[{"name":"wp","href":"https:\/\/api.w.org\/{rel}","templated":true}]}}