{"id":21146,"date":"2014-08-31T09:41:45","date_gmt":"2014-08-31T12:41:45","guid":{"rendered":"http:\/\/www.notibras.com\/site\/?p=21146"},"modified":"2014-08-31T09:42:56","modified_gmt":"2014-08-31T12:42:56","slug":"ministerio-publico-investiga-o-programa-poupanca-jovem-de-aecio","status":"publish","type":"post","link":"https:\/\/www.notibras.com\/site\/ministerio-publico-investiga-o-programa-poupanca-jovem-de-aecio\/","title":{"rendered":"Minist\u00e9rio P\u00fablico investiga o Poupan\u00e7a Jovem, de A\u00e9cio Neves"},"content":{"rendered":"<p>Um dos programas do governo de A\u00e9cio Neves em Minas Gerais \u2013 e bandeira de sua campanha eleitoral \u00e0 presid\u00eancia \u2013 est\u00e1 sendo investigado pelo Minist\u00e9rio P\u00fablico Estadual desde 2009, por poss\u00edvel dano aos cofres p\u00fablicos e enriquecimento il\u00edcito em um conv\u00eanio. As informa\u00e7\u00f5es s\u00e3o do jornal Folha de S. Paulo.<\/p>\n<p class=\"text\">Criado em 2007, durante o segundo mandado de A\u00e9cio, o Poupan\u00e7a Jovem destina R$ 3 mil a estudantes da rede p\u00fablica caso cumpram requisitos como frequ\u00eancia em sala de aula e participa\u00e7\u00e3o em atividades extracurriculares no final do ensino m\u00e9dio.<\/p>\n<p class=\"text\">O alvo da investiga\u00e7\u00e3o \u00e9 a contrata\u00e7\u00e3o sem licita\u00e7\u00e3o do Inced (Instituto de Coopera\u00e7\u00e3o e Educa\u00e7\u00e3o ao Desenvolvimento), que n\u00e3o participa mais do projeto desde 2010, e coordenava o programa nas quatro cidades onde o \u201cPoupan\u00e7a Jovem\u201d atinge (apenas 1% dos 853 munic\u00edpios mineiros). O Inced tamb\u00e9m teria subcontratado empresas que forneciam servi\u00e7os como aulas, transporte e alimenta\u00e7\u00e3o.<\/p>\n<p class=\"text\">Outro problema \u00e9 a poss\u00edvel licita\u00e7\u00e3o dirigida, pois uma empresa que apresentou melhor pre\u00e7o n\u00e3o foi escolhida no processo.<\/p>\n<blockquote>\n<p class=\"text\">A\u00e9cio Neves prometeu, se eleito, ampliar o programa em todo o pa\u00eds. A investiga\u00e7\u00e3o ainda n\u00e3o teve conclus\u00f5es. O Inced nega irregularidades. O governo de Minas Gerais afirmou n\u00e3o ter conhecimento da investiga\u00e7\u00e3o. O candidato tucano n\u00e3o se manifestou, dizendo que se trata de um assunto do estado.<\/p>\n<\/blockquote>\n","protected":false},"excerpt":{"rendered":"<p>Um dos programas do governo de A\u00e9cio Neves em Minas Gerais \u2013 e bandeira de sua campanha eleitoral \u00e0 presid\u00eancia \u2013 est\u00e1 sendo investigado pelo Minist\u00e9rio P\u00fablico Estadual desde 2009, por poss\u00edvel dano aos cofres p\u00fablicos e enriquecimento il\u00edcito em um conv\u00eanio. As informa\u00e7\u00f5es s\u00e3o do jornal Folha de S. Paulo. Criado em 2007, durante [&hellip;]<\/p>\n","protected":false},"author":2,"featured_media":21147,"comment_status":"open","ping_status":"closed","sticky":false,"template":"","format":"standard","meta":{"_acf_changed":false,"footnotes":""},"categories":[33],"tags":[],"class_list":["post-21146","post","type-post","status-publish","format-standard","has-post-thumbnail","hentry","category-eleicoes-2014"],"acf":[],"_links":{"self":[{"href":"https:\/\/www.notibras.com\/site\/wp-json\/wp\/v2\/posts\/21146","targetHints":{"allow":["GET"]}}],"collection":[{"href":"https:\/\/www.notibras.com\/site\/wp-json\/wp\/v2\/posts"}],"about":[{"href":"https:\/\/www.notibras.com\/site\/wp-json\/wp\/v2\/types\/post"}],"author":[{"embeddable":true,"href":"https:\/\/www.notibras.com\/site\/wp-json\/wp\/v2\/users\/2"}],"replies":[{"embeddable":true,"href":"https:\/\/www.notibras.com\/site\/wp-json\/wp\/v2\/comments?post=21146"}],"version-history":[{"count":0,"href":"https:\/\/www.notibras.com\/site\/wp-json\/wp\/v2\/posts\/21146\/revisions"}],"wp:featuredmedia":[{"embeddable":true,"href":"https:\/\/www.notibras.com\/site\/wp-json\/wp\/v2\/media\/21147"}],"wp:attachment":[{"href":"https:\/\/www.notibras.com\/site\/wp-json\/wp\/v2\/media?parent=21146"}],"wp:term":[{"taxonomy":"category","embeddable":true,"href":"https:\/\/www.notibras.com\/site\/wp-json\/wp\/v2\/categories?post=21146"},{"taxonomy":"post_tag","embeddable":true,"href":"https:\/\/www.notibras.com\/site\/wp-json\/wp\/v2\/tags?post=21146"}],"curies":[{"name":"wp","href":"https:\/\/api.w.org\/{rel}","templated":true}]}}