{"id":21168,"date":"2014-08-31T21:58:47","date_gmt":"2014-09-01T00:58:47","guid":{"rendered":"http:\/\/www.notibras.com\/site\/?p=21168"},"modified":"2014-08-31T21:58:47","modified_gmt":"2014-09-01T00:58:47","slug":"gremio-se-recupera-em-casa-e-deixa-o-bahia-na-zona-da-degola","status":"publish","type":"post","link":"https:\/\/www.notibras.com\/site\/gremio-se-recupera-em-casa-e-deixa-o-bahia-na-zona-da-degola\/","title":{"rendered":"Gr\u00eamio se recupera em casa e deixa o Bahia na zona da degola"},"content":{"rendered":"<p>Se no meio de semana o Gr\u00eamio foi derrotado por 2 a 0 pelo Santos na Copa do Brasil em sua Arena, ao menos o time ga\u00facho tem sabido usar o fator casa no Campeonato Brasileiro. Neste domingo, a equipe de Luiz Felipe Scolari venceu o Bahia por 1 a 0 em Porto Alegre e embalou a segunda vit\u00f3ria seguida na competi\u00e7\u00e3o em seus dom\u00ednios, ap\u00f3s ter batido o Corinthians na \u00faltima rodada. Barcos foi o autor do gol gremista.<\/p>\n<p class=\"text\">O resultado levou os ga\u00fachos \u00e0 sexta coloca\u00e7\u00e3o, com 28 pontos, quatro de dist\u00e2ncia para o G-4 &#8211; o primeiro time dentro do grupo\u00a0de classifica\u00e7\u00e3o para a Libertadores \u00e9 o Corinthians, que soma 32. J\u00e1 o Bahia, que tinha a chance de deixar a zona do rebaixamento, se manteve com 16 pontos e na pen\u00faltima coloca\u00e7\u00e3o, \u00e0 frente apenas do rival Vit\u00f3ria, que tem 15.<\/p>\n<p class=\"text\">Barcos foi protagonista em dois dos tr\u00eas lances de perigo dos anfitri\u00f5es na Arena Gr\u00eamio, e aproveitou o segundo deles, desviando na linha do gol, aos 13min\u00a0do segundo tempo, ap\u00f3s finaliza\u00e7\u00e3o de Dudu em jogada de Giuliano. Fora isso, houve apenas um chute de Z\u00e9 Roberto bem rebatido por Marcelo Lomba.<\/p>\n<p class=\"text\">A abertura do placar, por\u00e9m, marcou o fim do per\u00edodo criativo do meio-campo gremista. O time preferiu garantir os tr\u00eas pontos at\u00e9 catimbando, como ficou comprovado com as ordens de Felip\u00e3o para que Mat\u00edas Rodriguez simulasse dores e segurasse o jogo ao ser substitu\u00eddo por Par\u00e1.<\/p>\n<p class=\"text\">Gilson Kleina, por sua vez, mandou o Bahia \u00e0 frente, enchendo a equipe de atacantes para se aproveitar da falta de troca de passes dos gremistas, mas continuava pecando nas falhas dos seus jogadores. Acabou mais pr\u00f3ximo de sofrer o segundo gol, em chute de Z\u00e9 Roberto bem espalmado por Lomba, aos 32min.<\/p>\n<p class=\"text\">No fim, o problema do Bahia foi sua dificuldade em acertar passes para se aproximar da zaga advers\u00e1ria.\u00a0\u00c0s 22h\u00a0(de Bras\u00edlia) de quarta-feira, em Salvador, o clube volta a campo pela Sul-Americana, para\u00a0defender vantagem de 2 a 0 na ida\u00a0diante do Internacional.<\/p>\n<p class=\"text\">J\u00e1 o Gr\u00eamio luta no Superior Tribunal de Justi\u00e7a Desportiva (STJD) para n\u00e3o ser eliminado da Copa do Brasil por conta dos atos racistas de seus torcedores\u00a0contra\u00a0Aranha, goleiro do Santos.\u00a0O\u00a0time volta a campo \u00e0s 18h30 de s\u00e1bado, visitando o Flamengo pelo Brasileiro.<\/p>\n","protected":false},"excerpt":{"rendered":"<p>Se no meio de semana o Gr\u00eamio foi derrotado por 2 a 0 pelo Santos na Copa do Brasil em sua Arena, ao menos o time ga\u00facho tem sabido usar o fator casa no Campeonato Brasileiro. Neste domingo, a equipe de Luiz Felipe Scolari venceu o Bahia por 1 a 0 em Porto Alegre e [&hellip;]<\/p>\n","protected":false},"author":2,"featured_media":21169,"comment_status":"open","ping_status":"closed","sticky":false,"template":"","format":"standard","meta":{"_acf_changed":false,"footnotes":""},"categories":[19,29],"tags":[],"class_list":["post-21168","post","type-post","status-publish","format-standard","has-post-thumbnail","hentry","category-esportes","category-futebol"],"acf":[],"yoast_head":"<!-- This site is optimized with the Yoast SEO plugin v27.2 - https:\/\/yoast.com\/product\/yoast-seo-wordpress\/ -->\n<title>Gr\u00eamio se recupera em casa e deixa o Bahia na zona da degola - Notibras<\/title>\n<meta name=\"robots\" content=\"index, follow, max-snippet:-1, max-image-preview:large, max-video-preview:-1\" \/>\n<link rel=\"canonical\" href=\"https:\/\/www.notibras.com\/site\/gremio-se-recupera-em-casa-e-deixa-o-bahia-na-zona-da-degola\/\" \/>\n<meta property=\"og:locale\" content=\"pt_BR\" \/>\n<meta property=\"og:type\" content=\"article\" \/>\n<meta property=\"og:title\" content=\"Gr\u00eamio se recupera em casa e deixa o Bahia na zona da degola - Notibras\" \/>\n<meta property=\"og:description\" content=\"Se no meio de semana o Gr\u00eamio foi derrotado por 2 a 0 pelo Santos na Copa do Brasil em sua Arena, ao menos o time ga\u00facho tem sabido usar o fator casa no Campeonato Brasileiro. Neste domingo, a equipe de Luiz Felipe Scolari venceu o Bahia por 1 a 0 em Porto Alegre e [&hellip;]\" \/>\n<meta property=\"og:url\" content=\"https:\/\/www.notibras.com\/site\/gremio-se-recupera-em-casa-e-deixa-o-bahia-na-zona-da-degola\/\" \/>\n<meta property=\"og:site_name\" content=\"Notibras\" \/>\n<meta property=\"article:publisher\" content=\"https:\/\/www.facebook.com\/notibras\/\" \/>\n<meta property=\"article:published_time\" content=\"2014-09-01T00:58:47+00:00\" \/>\n<meta property=\"og:image\" content=\"https:\/\/www.notibras.com\/site\/wp-content\/uploads\/2014\/08\/TR-Veranopolis-Barcos-Ricardo-Rimoli_LANIMA20130217_0023_26.jpg\" \/>\n\t<meta property=\"og:image:width\" content=\"650\" \/>\n\t<meta property=\"og:image:height\" content=\"471\" \/>\n\t<meta property=\"og:image:type\" content=\"image\/jpeg\" \/>\n<meta name=\"author\" content=\"Reda\u00e7\u00e3o\" \/>\n<meta name=\"twitter:card\" content=\"summary_large_image\" \/>\n<meta name=\"twitter:creator\" content=\"@Notibras\" \/>\n<meta name=\"twitter:site\" content=\"@Notibras\" \/>\n<meta name=\"twitter:label1\" content=\"Escrito por\" \/>\n\t<meta name=\"twitter:data1\" content=\"Reda\u00e7\u00e3o\" \/>\n\t<meta name=\"twitter:label2\" content=\"Est. tempo de leitura\" \/>\n\t<meta name=\"twitter:data2\" content=\"2 minutos\" \/>\n<script type=\"application\/ld+json\" class=\"yoast-schema-graph\">{\"@context\":\"https:\/\/schema.org\",\"@graph\":[{\"@type\":\"Article\",\"@id\":\"https:\/\/www.notibras.com\/site\/gremio-se-recupera-em-casa-e-deixa-o-bahia-na-zona-da-degola\/#article\",\"isPartOf\":{\"@id\":\"https:\/\/www.notibras.com\/site\/gremio-se-recupera-em-casa-e-deixa-o-bahia-na-zona-da-degola\/\"},\"author\":{\"name\":\"Reda\u00e7\u00e3o\",\"@id\":\"https:\/\/www.notibras.com\/site\/#\/schema\/person\/36ab0979449956132d3e5b517ea76ac8\"},\"headline\":\"Gr\u00eamio se recupera em casa e deixa o Bahia na zona da degola\",\"datePublished\":\"2014-09-01T00:58:47+00:00\",\"mainEntityOfPage\":{\"@id\":\"https:\/\/www.notibras.com\/site\/gremio-se-recupera-em-casa-e-deixa-o-bahia-na-zona-da-degola\/\"},\"wordCount\":419,\"commentCount\":0,\"publisher\":{\"@id\":\"https:\/\/www.notibras.com\/site\/#organization\"},\"image\":{\"@id\":\"https:\/\/www.notibras.com\/site\/gremio-se-recupera-em-casa-e-deixa-o-bahia-na-zona-da-degola\/#primaryimage\"},\"thumbnailUrl\":\"https:\/\/www.notibras.com\/site\/wp-content\/uploads\/2014\/08\/TR-Veranopolis-Barcos-Ricardo-Rimoli_LANIMA20130217_0023_26.jpg\",\"articleSection\":[\"Esportes\",\"Futebol\"],\"inLanguage\":\"pt-BR\",\"potentialAction\":[{\"@type\":\"CommentAction\",\"name\":\"Comment\",\"target\":[\"https:\/\/www.notibras.com\/site\/gremio-se-recupera-em-casa-e-deixa-o-bahia-na-zona-da-degola\/#respond\"]}]},{\"@type\":\"WebPage\",\"@id\":\"https:\/\/www.notibras.com\/site\/gremio-se-recupera-em-casa-e-deixa-o-bahia-na-zona-da-degola\/\",\"url\":\"https:\/\/www.notibras.com\/site\/gremio-se-recupera-em-casa-e-deixa-o-bahia-na-zona-da-degola\/\",\"name\":\"Gr\u00eamio se recupera em casa e deixa o Bahia na zona da degola - Notibras\",\"isPartOf\":{\"@id\":\"https:\/\/www.notibras.com\/site\/#website\"},\"primaryImageOfPage\":{\"@id\":\"https:\/\/www.notibras.com\/site\/gremio-se-recupera-em-casa-e-deixa-o-bahia-na-zona-da-degola\/#primaryimage\"},\"image\":{\"@id\":\"https:\/\/www.notibras.com\/site\/gremio-se-recupera-em-casa-e-deixa-o-bahia-na-zona-da-degola\/#primaryimage\"},\"thumbnailUrl\":\"https:\/\/www.notibras.com\/site\/wp-content\/uploads\/2014\/08\/TR-Veranopolis-Barcos-Ricardo-Rimoli_LANIMA20130217_0023_26.jpg\",\"datePublished\":\"2014-09-01T00:58:47+00:00\",\"breadcrumb\":{\"@id\":\"https:\/\/www.notibras.com\/site\/gremio-se-recupera-em-casa-e-deixa-o-bahia-na-zona-da-degola\/#breadcrumb\"},\"inLanguage\":\"pt-BR\",\"potentialAction\":[{\"@type\":\"ReadAction\",\"target\":[\"https:\/\/www.notibras.com\/site\/gremio-se-recupera-em-casa-e-deixa-o-bahia-na-zona-da-degola\/\"]}]},{\"@type\":\"ImageObject\",\"inLanguage\":\"pt-BR\",\"@id\":\"https:\/\/www.notibras.com\/site\/gremio-se-recupera-em-casa-e-deixa-o-bahia-na-zona-da-degola\/#primaryimage\",\"url\":\"https:\/\/www.notibras.com\/site\/wp-content\/uploads\/2014\/08\/TR-Veranopolis-Barcos-Ricardo-Rimoli_LANIMA20130217_0023_26.jpg\",\"contentUrl\":\"https:\/\/www.notibras.com\/site\/wp-content\/uploads\/2014\/08\/TR-Veranopolis-Barcos-Ricardo-Rimoli_LANIMA20130217_0023_26.jpg\",\"width\":650,\"height\":471},{\"@type\":\"BreadcrumbList\",\"@id\":\"https:\/\/www.notibras.com\/site\/gremio-se-recupera-em-casa-e-deixa-o-bahia-na-zona-da-degola\/#breadcrumb\",\"itemListElement\":[{\"@type\":\"ListItem\",\"position\":1,\"name\":\"In\u00edcio\",\"item\":\"https:\/\/www.notibras.com\/site\/\"},{\"@type\":\"ListItem\",\"position\":2,\"name\":\"Gr\u00eamio se recupera em casa e deixa o Bahia na zona da degola\"}]},{\"@type\":\"WebSite\",\"@id\":\"https:\/\/www.notibras.com\/site\/#website\",\"url\":\"https:\/\/www.notibras.com\/site\/\",\"name\":\"Notibras\",\"description\":\"Not\u00edcias de Bras\u00edlia, do Brasil e do Mundo\",\"publisher\":{\"@id\":\"https:\/\/www.notibras.com\/site\/#organization\"},\"potentialAction\":[{\"@type\":\"SearchAction\",\"target\":{\"@type\":\"EntryPoint\",\"urlTemplate\":\"https:\/\/www.notibras.com\/site\/?s={search_term_string}\"},\"query-input\":{\"@type\":\"PropertyValueSpecification\",\"valueRequired\":true,\"valueName\":\"search_term_string\"}}],\"inLanguage\":\"pt-BR\"},{\"@type\":\"Organization\",\"@id\":\"https:\/\/www.notibras.com\/site\/#organization\",\"name\":\"Grupo Notibras de Comunica\u00e7\u00e3o\",\"url\":\"https:\/\/www.notibras.com\/site\/\",\"logo\":{\"@type\":\"ImageObject\",\"inLanguage\":\"pt-BR\",\"@id\":\"https:\/\/www.notibras.com\/site\/#\/schema\/logo\/image\/\",\"url\":\"https:\/\/www.notibras.com\/site\/wp-content\/uploads\/2023\/01\/notibras23.png\",\"contentUrl\":\"https:\/\/www.notibras.com\/site\/wp-content\/uploads\/2023\/01\/notibras23.png\",\"width\":350,\"height\":87,\"caption\":\"Grupo Notibras de Comunica\u00e7\u00e3o\"},\"image\":{\"@id\":\"https:\/\/www.notibras.com\/site\/#\/schema\/logo\/image\/\"},\"sameAs\":[\"https:\/\/www.facebook.com\/notibras\/\",\"https:\/\/x.com\/Notibras\",\"https:\/\/www.instagram.com\/notibras\/\"]},{\"@type\":\"Person\",\"@id\":\"https:\/\/www.notibras.com\/site\/#\/schema\/person\/36ab0979449956132d3e5b517ea76ac8\",\"name\":\"Reda\u00e7\u00e3o\",\"image\":{\"@type\":\"ImageObject\",\"inLanguage\":\"pt-BR\",\"@id\":\"https:\/\/secure.gravatar.com\/avatar\/e0a867bdedb85fd243eadf09663511f96fc81e0720a4a42581f334ad4303aa6b?s=96&d=mm&r=g\",\"url\":\"https:\/\/secure.gravatar.com\/avatar\/e0a867bdedb85fd243eadf09663511f96fc81e0720a4a42581f334ad4303aa6b?s=96&d=mm&r=g\",\"contentUrl\":\"https:\/\/secure.gravatar.com\/avatar\/e0a867bdedb85fd243eadf09663511f96fc81e0720a4a42581f334ad4303aa6b?s=96&d=mm&r=g\",\"caption\":\"Reda\u00e7\u00e3o\"}}]}<\/script>\n<!-- \/ Yoast SEO plugin. -->","yoast_head_json":{"title":"Gr\u00eamio se recupera em casa e deixa o Bahia na zona da degola - Notibras","robots":{"index":"index","follow":"follow","max-snippet":"max-snippet:-1","max-image-preview":"max-image-preview:large","max-video-preview":"max-video-preview:-1"},"canonical":"https:\/\/www.notibras.com\/site\/gremio-se-recupera-em-casa-e-deixa-o-bahia-na-zona-da-degola\/","og_locale":"pt_BR","og_type":"article","og_title":"Gr\u00eamio se recupera em casa e deixa o Bahia na zona da degola - Notibras","og_description":"Se no meio de semana o Gr\u00eamio foi derrotado por 2 a 0 pelo Santos na Copa do Brasil em sua Arena, ao menos o time ga\u00facho tem sabido usar o fator casa no Campeonato Brasileiro. Neste domingo, a equipe de Luiz Felipe Scolari venceu o Bahia por 1 a 0 em Porto Alegre e [&hellip;]","og_url":"https:\/\/www.notibras.com\/site\/gremio-se-recupera-em-casa-e-deixa-o-bahia-na-zona-da-degola\/","og_site_name":"Notibras","article_publisher":"https:\/\/www.facebook.com\/notibras\/","article_published_time":"2014-09-01T00:58:47+00:00","og_image":[{"width":650,"height":471,"url":"https:\/\/www.notibras.com\/site\/wp-content\/uploads\/2014\/08\/TR-Veranopolis-Barcos-Ricardo-Rimoli_LANIMA20130217_0023_26.jpg","type":"image\/jpeg"}],"author":"Reda\u00e7\u00e3o","twitter_card":"summary_large_image","twitter_creator":"@Notibras","twitter_site":"@Notibras","twitter_misc":{"Escrito por":"Reda\u00e7\u00e3o","Est. tempo de leitura":"2 minutos"},"schema":{"@context":"https:\/\/schema.org","@graph":[{"@type":"Article","@id":"https:\/\/www.notibras.com\/site\/gremio-se-recupera-em-casa-e-deixa-o-bahia-na-zona-da-degola\/#article","isPartOf":{"@id":"https:\/\/www.notibras.com\/site\/gremio-se-recupera-em-casa-e-deixa-o-bahia-na-zona-da-degola\/"},"author":{"name":"Reda\u00e7\u00e3o","@id":"https:\/\/www.notibras.com\/site\/#\/schema\/person\/36ab0979449956132d3e5b517ea76ac8"},"headline":"Gr\u00eamio se recupera em casa e deixa o Bahia na zona da degola","datePublished":"2014-09-01T00:58:47+00:00","mainEntityOfPage":{"@id":"https:\/\/www.notibras.com\/site\/gremio-se-recupera-em-casa-e-deixa-o-bahia-na-zona-da-degola\/"},"wordCount":419,"commentCount":0,"publisher":{"@id":"https:\/\/www.notibras.com\/site\/#organization"},"image":{"@id":"https:\/\/www.notibras.com\/site\/gremio-se-recupera-em-casa-e-deixa-o-bahia-na-zona-da-degola\/#primaryimage"},"thumbnailUrl":"https:\/\/www.notibras.com\/site\/wp-content\/uploads\/2014\/08\/TR-Veranopolis-Barcos-Ricardo-Rimoli_LANIMA20130217_0023_26.jpg","articleSection":["Esportes","Futebol"],"inLanguage":"pt-BR","potentialAction":[{"@type":"CommentAction","name":"Comment","target":["https:\/\/www.notibras.com\/site\/gremio-se-recupera-em-casa-e-deixa-o-bahia-na-zona-da-degola\/#respond"]}]},{"@type":"WebPage","@id":"https:\/\/www.notibras.com\/site\/gremio-se-recupera-em-casa-e-deixa-o-bahia-na-zona-da-degola\/","url":"https:\/\/www.notibras.com\/site\/gremio-se-recupera-em-casa-e-deixa-o-bahia-na-zona-da-degola\/","name":"Gr\u00eamio se recupera em casa e deixa o Bahia na zona da degola - Notibras","isPartOf":{"@id":"https:\/\/www.notibras.com\/site\/#website"},"primaryImageOfPage":{"@id":"https:\/\/www.notibras.com\/site\/gremio-se-recupera-em-casa-e-deixa-o-bahia-na-zona-da-degola\/#primaryimage"},"image":{"@id":"https:\/\/www.notibras.com\/site\/gremio-se-recupera-em-casa-e-deixa-o-bahia-na-zona-da-degola\/#primaryimage"},"thumbnailUrl":"https:\/\/www.notibras.com\/site\/wp-content\/uploads\/2014\/08\/TR-Veranopolis-Barcos-Ricardo-Rimoli_LANIMA20130217_0023_26.jpg","datePublished":"2014-09-01T00:58:47+00:00","breadcrumb":{"@id":"https:\/\/www.notibras.com\/site\/gremio-se-recupera-em-casa-e-deixa-o-bahia-na-zona-da-degola\/#breadcrumb"},"inLanguage":"pt-BR","potentialAction":[{"@type":"ReadAction","target":["https:\/\/www.notibras.com\/site\/gremio-se-recupera-em-casa-e-deixa-o-bahia-na-zona-da-degola\/"]}]},{"@type":"ImageObject","inLanguage":"pt-BR","@id":"https:\/\/www.notibras.com\/site\/gremio-se-recupera-em-casa-e-deixa-o-bahia-na-zona-da-degola\/#primaryimage","url":"https:\/\/www.notibras.com\/site\/wp-content\/uploads\/2014\/08\/TR-Veranopolis-Barcos-Ricardo-Rimoli_LANIMA20130217_0023_26.jpg","contentUrl":"https:\/\/www.notibras.com\/site\/wp-content\/uploads\/2014\/08\/TR-Veranopolis-Barcos-Ricardo-Rimoli_LANIMA20130217_0023_26.jpg","width":650,"height":471},{"@type":"BreadcrumbList","@id":"https:\/\/www.notibras.com\/site\/gremio-se-recupera-em-casa-e-deixa-o-bahia-na-zona-da-degola\/#breadcrumb","itemListElement":[{"@type":"ListItem","position":1,"name":"In\u00edcio","item":"https:\/\/www.notibras.com\/site\/"},{"@type":"ListItem","position":2,"name":"Gr\u00eamio se recupera em casa e deixa o Bahia na zona da degola"}]},{"@type":"WebSite","@id":"https:\/\/www.notibras.com\/site\/#website","url":"https:\/\/www.notibras.com\/site\/","name":"Notibras","description":"Not\u00edcias de Bras\u00edlia, do Brasil e do Mundo","publisher":{"@id":"https:\/\/www.notibras.com\/site\/#organization"},"potentialAction":[{"@type":"SearchAction","target":{"@type":"EntryPoint","urlTemplate":"https:\/\/www.notibras.com\/site\/?s={search_term_string}"},"query-input":{"@type":"PropertyValueSpecification","valueRequired":true,"valueName":"search_term_string"}}],"inLanguage":"pt-BR"},{"@type":"Organization","@id":"https:\/\/www.notibras.com\/site\/#organization","name":"Grupo Notibras de Comunica\u00e7\u00e3o","url":"https:\/\/www.notibras.com\/site\/","logo":{"@type":"ImageObject","inLanguage":"pt-BR","@id":"https:\/\/www.notibras.com\/site\/#\/schema\/logo\/image\/","url":"https:\/\/www.notibras.com\/site\/wp-content\/uploads\/2023\/01\/notibras23.png","contentUrl":"https:\/\/www.notibras.com\/site\/wp-content\/uploads\/2023\/01\/notibras23.png","width":350,"height":87,"caption":"Grupo Notibras de Comunica\u00e7\u00e3o"},"image":{"@id":"https:\/\/www.notibras.com\/site\/#\/schema\/logo\/image\/"},"sameAs":["https:\/\/www.facebook.com\/notibras\/","https:\/\/x.com\/Notibras","https:\/\/www.instagram.com\/notibras\/"]},{"@type":"Person","@id":"https:\/\/www.notibras.com\/site\/#\/schema\/person\/36ab0979449956132d3e5b517ea76ac8","name":"Reda\u00e7\u00e3o","image":{"@type":"ImageObject","inLanguage":"pt-BR","@id":"https:\/\/secure.gravatar.com\/avatar\/e0a867bdedb85fd243eadf09663511f96fc81e0720a4a42581f334ad4303aa6b?s=96&d=mm&r=g","url":"https:\/\/secure.gravatar.com\/avatar\/e0a867bdedb85fd243eadf09663511f96fc81e0720a4a42581f334ad4303aa6b?s=96&d=mm&r=g","contentUrl":"https:\/\/secure.gravatar.com\/avatar\/e0a867bdedb85fd243eadf09663511f96fc81e0720a4a42581f334ad4303aa6b?s=96&d=mm&r=g","caption":"Reda\u00e7\u00e3o"}}]}},"amp_enabled":true,"_links":{"self":[{"href":"https:\/\/www.notibras.com\/site\/wp-json\/wp\/v2\/posts\/21168","targetHints":{"allow":["GET"]}}],"collection":[{"href":"https:\/\/www.notibras.com\/site\/wp-json\/wp\/v2\/posts"}],"about":[{"href":"https:\/\/www.notibras.com\/site\/wp-json\/wp\/v2\/types\/post"}],"author":[{"embeddable":true,"href":"https:\/\/www.notibras.com\/site\/wp-json\/wp\/v2\/users\/2"}],"replies":[{"embeddable":true,"href":"https:\/\/www.notibras.com\/site\/wp-json\/wp\/v2\/comments?post=21168"}],"version-history":[{"count":0,"href":"https:\/\/www.notibras.com\/site\/wp-json\/wp\/v2\/posts\/21168\/revisions"}],"wp:featuredmedia":[{"embeddable":true,"href":"https:\/\/www.notibras.com\/site\/wp-json\/wp\/v2\/media\/21169"}],"wp:attachment":[{"href":"https:\/\/www.notibras.com\/site\/wp-json\/wp\/v2\/media?parent=21168"}],"wp:term":[{"taxonomy":"category","embeddable":true,"href":"https:\/\/www.notibras.com\/site\/wp-json\/wp\/v2\/categories?post=21168"},{"taxonomy":"post_tag","embeddable":true,"href":"https:\/\/www.notibras.com\/site\/wp-json\/wp\/v2\/tags?post=21168"}],"curies":[{"name":"wp","href":"https:\/\/api.w.org\/{rel}","templated":true}]}}