{"id":21209,"date":"2014-09-01T11:57:48","date_gmt":"2014-09-01T14:57:48","guid":{"rendered":"http:\/\/www.notibras.com\/site\/?p=21209"},"modified":"2014-09-02T02:01:17","modified_gmt":"2014-09-02T05:01:17","slug":"preco-de-comida-saude-e-condominio-dispara-e-alimenta-inflacao","status":"publish","type":"post","link":"https:\/\/www.notibras.com\/site\/preco-de-comida-saude-e-condominio-dispara-e-alimenta-inflacao\/","title":{"rendered":"Pre\u00e7o de comida, sa\u00fade e condom\u00ednio dispara e alimenta mais a infla\u00e7\u00e3o"},"content":{"rendered":"<p>O \u00cdndice de Pre\u00e7os ao Consumidor Semanal (IPC-S) encerrou agosto em alta de 0,12%. A taxa \u00e9 o dobro da apurada na \u00faltima pr\u00e9via (0,06%), mas est\u00e1 abaixo da registrada no come\u00e7o do m\u00eas (0,16%). A pesquisa, feita pelo Instituto Brasileiro de Economia (Ibre) da Funda\u00e7\u00e3o Getulio Vargas (FGV), mostra que seis dos oito grupos pesquisados apresentaram acr\u00e9scimos.<\/p>\n<p>O grupo alimenta\u00e7\u00e3o foi o que influenciou a m\u00e9dia inflacion\u00e1ria ao reverter a queda m\u00e9dia de 0,01% para alta de 0,13%. Entre os itens que ficaram mais caros est\u00e1 a carne bovina (de -0,54% para 0,34%).<\/p>\n<p>No grupo habita\u00e7\u00e3o, o \u00edndice subiu de 0,27% para 0,34%, puxado, principalmente, pelo condom\u00ednio residencial (de -0,28% para 0,05%). Em sa\u00fade e cuidados pessoais, o aumento foi 0,35% ante 0,27%. Entre as despesas em alta no grupo est\u00e3o os servi\u00e7os de sal\u00e3o de beleza, que passaram de 0,30% para 0,71%.<\/p>\n<p>No grupo despesas diversas, a taxa passou de 0,14% para 0,19% com influ\u00eancia vinda das cl\u00ednicas veterin\u00e1rias que reajustaram seus pre\u00e7os em 1,81% ante 1,15%. Em transportes, diminuiu a intensidade de queda (de -0,06% para -0,02%), reflexo da venda de gasolina a pre\u00e7os variando -0,40% ante -0,55%. E, em vestu\u00e1rio, houve movimento semelhante (de-0,70% para -0,50%).<\/p>\n<p>Em educa\u00e7\u00e3o, leitura e recrea\u00e7\u00e3o, caiu o ritmo de alta com varia\u00e7\u00e3o de 0,12% ante 0,28%, resultado da queda no valor dos ingressos para <em>shows <\/em>musicais (de 5,29% para -0,26%). No grupo comunica\u00e7\u00e3o, o \u00edndice caiu mais passando de -0,34% para -0,53%, efeito de uma queda mais expressiva na tarifa de telefone residencial (de -1,11% para -1,93%).<\/p>\n<p>As cinco maiores influ\u00eancias de alta veiram dos grupos: refei\u00e7\u00f5es em bares e restaurantes (0,43%), aluguel residencial (0,65%), plano e seguro sa\u00fade (0,73%), leite tipo longa vida (3%) e tangerina (26,72%). Por outro lado, os grupos que mais contribu\u00edram para queda foram: batata-inglesa (-21,47%), tarifa de telefone residencial (-1,93%), hotel (-3,63%), tomate (-5,88%) e massas preparadas e congeladas (-3,78%).<\/p>\n<p><strong>Marli Moreira, ABr<\/strong><\/p>\n","protected":false},"excerpt":{"rendered":"<p>O \u00cdndice de Pre\u00e7os ao Consumidor Semanal (IPC-S) encerrou agosto em alta de 0,12%. A taxa \u00e9 o dobro da apurada na \u00faltima pr\u00e9via (0,06%), mas est\u00e1 abaixo da registrada no come\u00e7o do m\u00eas (0,16%). A pesquisa, feita pelo Instituto Brasileiro de Economia (Ibre) da Funda\u00e7\u00e3o Getulio Vargas (FGV), mostra que seis dos oito grupos [&hellip;]<\/p>\n","protected":false},"author":2,"featured_media":21210,"comment_status":"open","ping_status":"closed","sticky":false,"template":"","format":"standard","meta":{"_acf_changed":false,"footnotes":""},"categories":[16],"tags":[],"class_list":["post-21209","post","type-post","status-publish","format-standard","has-post-thumbnail","hentry","category-brasil"],"acf":[],"_links":{"self":[{"href":"https:\/\/www.notibras.com\/site\/wp-json\/wp\/v2\/posts\/21209","targetHints":{"allow":["GET"]}}],"collection":[{"href":"https:\/\/www.notibras.com\/site\/wp-json\/wp\/v2\/posts"}],"about":[{"href":"https:\/\/www.notibras.com\/site\/wp-json\/wp\/v2\/types\/post"}],"author":[{"embeddable":true,"href":"https:\/\/www.notibras.com\/site\/wp-json\/wp\/v2\/users\/2"}],"replies":[{"embeddable":true,"href":"https:\/\/www.notibras.com\/site\/wp-json\/wp\/v2\/comments?post=21209"}],"version-history":[{"count":0,"href":"https:\/\/www.notibras.com\/site\/wp-json\/wp\/v2\/posts\/21209\/revisions"}],"wp:featuredmedia":[{"embeddable":true,"href":"https:\/\/www.notibras.com\/site\/wp-json\/wp\/v2\/media\/21210"}],"wp:attachment":[{"href":"https:\/\/www.notibras.com\/site\/wp-json\/wp\/v2\/media?parent=21209"}],"wp:term":[{"taxonomy":"category","embeddable":true,"href":"https:\/\/www.notibras.com\/site\/wp-json\/wp\/v2\/categories?post=21209"},{"taxonomy":"post_tag","embeddable":true,"href":"https:\/\/www.notibras.com\/site\/wp-json\/wp\/v2\/tags?post=21209"}],"curies":[{"name":"wp","href":"https:\/\/api.w.org\/{rel}","templated":true}]}}