{"id":21217,"date":"2014-09-01T10:06:02","date_gmt":"2014-09-01T13:06:02","guid":{"rendered":"http:\/\/www.notibras.com\/site\/?p=21217"},"modified":"2014-09-01T12:07:57","modified_gmt":"2014-09-01T15:07:57","slug":"para-gay-de-bauru-reune-60-mil-e-promove-ate-casamento","status":"publish","type":"post","link":"https:\/\/www.notibras.com\/site\/para-gay-de-bauru-reune-60-mil-e-promove-ate-casamento\/","title":{"rendered":"Para Gay de Bauru re\u00fane 60 mil e promove at\u00e9 casamento"},"content":{"rendered":"<p>A 7\u00aa Parada da Diversidade de Bauru, reuniu cerca de 60 mil pessoas neste domingo, segundo estimativa da Pol\u00edcia Militar. Debaixo de sol forte e calor de 32\u00baC, a parada deixou a pra\u00e7a da Paz por volta das 16h, ap\u00f3s a execu\u00e7\u00e3o do Hino Nacional. Gays, l\u00e9sbicas, travestis, transexuais e transg\u00eaneros, al\u00e9m de simpatizantes do movimento coloriram a Avenida Na\u00e7\u00f5es Unidas &#8211; seguindo dois trios el\u00e9tricos &#8211; at\u00e9 o parque Vit\u00f3ria R\u00e9gia, um dos cart\u00f5es postais da cidade.<\/p>\n<p class=\"text\">O tema da edi\u00e7\u00e3o deste ano defende a diversidade da fam\u00edlia. Os participantes tamb\u00e9m foram convidados a doar um quilo de ra\u00e7\u00e3o, em apoio \u00e0 causa animal. Todos os donativos ser\u00e3o encaminhados ao Conselho Municipal de Defesa dos Animais e distribu\u00eddos \u00e0s ONGs de prote\u00e7\u00e3o animal da cidade.<\/p>\n<p class=\"text\">\u201cA sociedade imp\u00f5e um padr\u00e3o de fam\u00edlia heteronormativa, com pai, m\u00e3e, filhos, cachorro, papagaio. Como naqueles comerciais de margarina na TV. Mas as novas fam\u00edlias n\u00e3o t\u00eam essa forma\u00e7\u00e3o. Queremos mostrar para a sociedade que a diversidade \u00e9 imensa\u201d, explica Rick Ferreira, coordenador da Associa\u00e7\u00e3o Bauru pela Diversidade (ABD), que organiza o evento.<\/p>\n<p class=\"text\">Assim como nos anos anteriores o prefeito de Bauru, Rodrigo Agostinho (PMDB), participou do evento, na companhia da noiva Daniela Modolo. \u201cN\u00e3o h\u00e1 um tema que tenha avan\u00e7ado tanto quanto a diversidade. Bauru \u00e9 pr\u00f3 ativa nessa quest\u00e3o e a parada faz as pessoas refletirem\u201d, avalia o prefeito.<\/p>\n<p class=\"text\">O evento encerra a semana de combate ao preconceito e discrimina\u00e7\u00e3o, institu\u00edda por lei municipal de 2010. Diversas atividades foram realizadas, entre elas palestra mesa redonda e a premia\u00e7\u00e3o de personalidades, empresas e institui\u00e7\u00f5es do munic\u00edpio que se destacaram no combate ao preconceito com o trof\u00e9u \u201cEu fa\u00e7o a Diferen\u00e7a 2014\u201d.<\/p>\n<blockquote>\n<p class=\"text\">Mas al\u00e9m do car\u00e1ter c\u00edvico, o evento tamb\u00e9m \u00e9 celebra\u00e7\u00e3o. Muita gente aproveitou o domingo quente e ao som de m\u00fasica eletr\u00f4nica para se divertir e paquerar. Entre as mais animadas estava a drag queen madrinha do evento Rubya Bittencourt, que usava sapatos com saltos de 15 cm de altura e coberto com cristais. \u201cD\u00e1 pra comprar um apartamento com esse sapato\u201d, brincou.<\/p>\n<\/blockquote>\n<p class=\"text\">J\u00e1 a auxiliar t\u00e9cnica de jud\u00f4 Glaissy Lucena encarou os 160 quil\u00f4metros que separam S\u00e3o Carlos (SP) a Bauru na companhia de amigos e do filho, Auky, de 11 anos. \u201c\u00c9 o segundo ano que a gente vem e pretendo vir mais vezes. O pessoal respeita a gente e a festa \u00e9 animada\u201d, disse Glaissy, segurando o filho sobre os ombros.<\/p>\n<p class=\"text\">Em meio a in\u00fameras bandeiras coloridas, Isadora de apenas um ano e meio chamava a aten\u00e7\u00e3o em um mini ve\u00edculo cor de rosa. Na companhia dos pais e de uma prima, ela vestia uma camiseta com a logomarca da parada. \u201cA gente sempre vem e eu n\u00e3o poderia deixar de traz\u00ea-la\u201d, diz a m\u00e3e da menina, a dona de casa Fernanda dos Santos.<\/p>\n<p class=\"text\">H\u00e1 tamb\u00e9m quem aproveitou a tarde para ganhar dinheiro. Morador na capital paulista, Carlos Vianna participa de paradas gays de todo o Pa\u00eds vendendo artigos voltados ao p\u00fablico LGBT. Para Bauru ele trouxe ter\u00e7os coloridos, usados pelos cat\u00f3licos para ora\u00e7\u00e3o do Santo Ros\u00e1rio. \u201cEsse ter\u00e7o foi criado depois que um LGBT foi agredido na Avenida Paulista em S\u00e3o Paulo, em julho. Ele estava usando um no pesco\u00e7o e um padre desceu do carro, arrancou do pesco\u00e7o dele e mandou ele criar \u2018vergonha na cara\u2019. Pra gente, al\u00e9m da ora\u00e7\u00e3o, serve como protesto\u201d, explica. Mas segundo ele o artigo mais vendido durante o dia foi a bandeira colorida.<\/p>\n","protected":false},"excerpt":{"rendered":"<p>A 7\u00aa Parada da Diversidade de Bauru, reuniu cerca de 60 mil pessoas neste domingo, segundo estimativa da Pol\u00edcia Militar. Debaixo de sol forte e calor de 32\u00baC, a parada deixou a pra\u00e7a da Paz por volta das 16h, ap\u00f3s a execu\u00e7\u00e3o do Hino Nacional. Gays, l\u00e9sbicas, travestis, transexuais e transg\u00eaneros, al\u00e9m de simpatizantes do [&hellip;]<\/p>\n","protected":false},"author":2,"featured_media":21218,"comment_status":"open","ping_status":"closed","sticky":false,"template":"","format":"standard","meta":{"_acf_changed":false,"footnotes":""},"categories":[16],"tags":[],"class_list":["post-21217","post","type-post","status-publish","format-standard","has-post-thumbnail","hentry","category-brasil"],"acf":[],"_links":{"self":[{"href":"https:\/\/www.notibras.com\/site\/wp-json\/wp\/v2\/posts\/21217","targetHints":{"allow":["GET"]}}],"collection":[{"href":"https:\/\/www.notibras.com\/site\/wp-json\/wp\/v2\/posts"}],"about":[{"href":"https:\/\/www.notibras.com\/site\/wp-json\/wp\/v2\/types\/post"}],"author":[{"embeddable":true,"href":"https:\/\/www.notibras.com\/site\/wp-json\/wp\/v2\/users\/2"}],"replies":[{"embeddable":true,"href":"https:\/\/www.notibras.com\/site\/wp-json\/wp\/v2\/comments?post=21217"}],"version-history":[{"count":0,"href":"https:\/\/www.notibras.com\/site\/wp-json\/wp\/v2\/posts\/21217\/revisions"}],"wp:featuredmedia":[{"embeddable":true,"href":"https:\/\/www.notibras.com\/site\/wp-json\/wp\/v2\/media\/21218"}],"wp:attachment":[{"href":"https:\/\/www.notibras.com\/site\/wp-json\/wp\/v2\/media?parent=21217"}],"wp:term":[{"taxonomy":"category","embeddable":true,"href":"https:\/\/www.notibras.com\/site\/wp-json\/wp\/v2\/categories?post=21217"},{"taxonomy":"post_tag","embeddable":true,"href":"https:\/\/www.notibras.com\/site\/wp-json\/wp\/v2\/tags?post=21217"}],"curies":[{"name":"wp","href":"https:\/\/api.w.org\/{rel}","templated":true}]}}