{"id":21220,"date":"2014-09-01T11:09:03","date_gmt":"2014-09-01T14:09:03","guid":{"rendered":"http:\/\/www.notibras.com\/site\/?p=21220"},"modified":"2014-09-01T12:15:51","modified_gmt":"2014-09-01T15:15:51","slug":"airbuis-culpa-tam-infraero-e-piloto-por-acidente-que-matou-199","status":"publish","type":"post","link":"https:\/\/www.notibras.com\/site\/airbuis-culpa-tam-infraero-e-piloto-por-acidente-que-matou-199\/","title":{"rendered":"Airbus culpa TAM, Infraero e piloto por acidente que matou 199 pessoas em S\u00e3o Paulo"},"content":{"rendered":"<p>A fabricante da avi\u00f5es Airbus disse \u00e0 Justi\u00e7a que os pilotos, a companhia a\u00e9rea TAM e as condi\u00e7\u00f5es de Congonhas s\u00e3o os respons\u00e1veis pelo acidente de 2007, quando ao tentar pousar no aeroporto localizado na zona sul da capital paulista o avi\u00e3o acabou cruzando a pista e explodindo em um pr\u00e9dio, no dia 17 de julho daquele ano, matando 199 pessoas. As informa\u00e7\u00f5es s\u00e3o do jornal Folha de S. Paulo.<\/p>\n<p class=\"text\">Essa foi a primeira vez que a empresa se pronunciou sobre o acidente. As declara\u00e7\u00f5es aparecem em processo c\u00edvel que a Airbus responde na Justi\u00e7a, movida pela Ita\u00fa Seguros, seguradora da TAM e incumbida de pagar as indeniza\u00e7\u00f5es da trag\u00e9dia.<\/p>\n<blockquote>\n<p class=\"text\">Na a\u00e7\u00e3o, no valor de R$ 350 milh\u00f5es, a seguradora alega que houve falha no projeto da aeronave, o que a fabricante nega. De acordo com a Airbus, os pilotos n\u00e3o usaram o procedimento correto para um avi\u00e3o com reversor inoperante, caso do A320 naquele dia. Segundo laudos, o equipamento que ajuda a aeronave a frear estava desativado desde quatro dias antes do acidente.<\/p>\n<\/blockquote>\n<p class=\"text\">Os erros foram poss\u00edveis, segundo a Airbus, em raz\u00e3o \u201cdo\u00a0 ambiente permissivo e desorganizado na companhia a\u00e9rea e pela desorganiza\u00e7\u00e3o administrativa em que se encontrava a avia\u00e7\u00e3o civil no Brasil &#8211;\u00a0 essas as concausas do acidente\u201d<\/p>\n","protected":false},"excerpt":{"rendered":"<p>A fabricante da avi\u00f5es Airbus disse \u00e0 Justi\u00e7a que os pilotos, a companhia a\u00e9rea TAM e as condi\u00e7\u00f5es de Congonhas s\u00e3o os respons\u00e1veis pelo acidente de 2007, quando ao tentar pousar no aeroporto localizado na zona sul da capital paulista o avi\u00e3o acabou cruzando a pista e explodindo em um pr\u00e9dio, no dia 17 de [&hellip;]<\/p>\n","protected":false},"author":2,"featured_media":21221,"comment_status":"open","ping_status":"closed","sticky":false,"template":"","format":"standard","meta":{"_acf_changed":false,"footnotes":""},"categories":[16],"tags":[],"class_list":["post-21220","post","type-post","status-publish","format-standard","has-post-thumbnail","hentry","category-brasil"],"acf":[],"_links":{"self":[{"href":"https:\/\/www.notibras.com\/site\/wp-json\/wp\/v2\/posts\/21220","targetHints":{"allow":["GET"]}}],"collection":[{"href":"https:\/\/www.notibras.com\/site\/wp-json\/wp\/v2\/posts"}],"about":[{"href":"https:\/\/www.notibras.com\/site\/wp-json\/wp\/v2\/types\/post"}],"author":[{"embeddable":true,"href":"https:\/\/www.notibras.com\/site\/wp-json\/wp\/v2\/users\/2"}],"replies":[{"embeddable":true,"href":"https:\/\/www.notibras.com\/site\/wp-json\/wp\/v2\/comments?post=21220"}],"version-history":[{"count":0,"href":"https:\/\/www.notibras.com\/site\/wp-json\/wp\/v2\/posts\/21220\/revisions"}],"wp:featuredmedia":[{"embeddable":true,"href":"https:\/\/www.notibras.com\/site\/wp-json\/wp\/v2\/media\/21221"}],"wp:attachment":[{"href":"https:\/\/www.notibras.com\/site\/wp-json\/wp\/v2\/media?parent=21220"}],"wp:term":[{"taxonomy":"category","embeddable":true,"href":"https:\/\/www.notibras.com\/site\/wp-json\/wp\/v2\/categories?post=21220"},{"taxonomy":"post_tag","embeddable":true,"href":"https:\/\/www.notibras.com\/site\/wp-json\/wp\/v2\/tags?post=21220"}],"curies":[{"name":"wp","href":"https:\/\/api.w.org\/{rel}","templated":true}]}}