{"id":212505,"date":"2019-08-01T17:28:10","date_gmt":"2019-08-01T20:28:10","guid":{"rendered":"https:\/\/www.notibras.com\/site\/?p=212505"},"modified":"2019-08-01T14:28:36","modified_gmt":"2019-08-01T17:28:36","slug":"uma-maquina-de-matar-de-mais-de-500-mi-de-anos","status":"publish","type":"post","link":"https:\/\/www.notibras.com\/site\/uma-maquina-de-matar-de-mais-de-500-mi-de-anos\/","title":{"rendered":"Uma m\u00e1quina de matar de mais de 500 mi de anos"},"content":{"rendered":"<p>Uma equipe de pesquisadores do Museu Real de Ont\u00e1rio e da Universidade de Toronto descobriu uma nova esp\u00e9cie de antigos predadores enquanto estudava f\u00f3sseis do Burgess Shale, de 506 milh\u00f5es de anos, localizado em Yoho e no Parque Nacional Kootenay, na Col\u00fambia Brit\u00e2nica. Eles anunciaram suas descobertas, que poderiam lan\u00e7ar luz sobre as origens de caranguejos e insetos, nos Proceedings of the Royal Society B.<\/p>\n<p>O animal rec\u00e9m-descoberto foi nomeado Cambroraster falcatus, numa refer\u00eancia \u00e0 nave de Han Solo, de &#8220;Guerra nas Estrelas&#8221;, devido \u00e0 carapa\u00e7a na cabe\u00e7a da criatura. Ele tinha dimens\u00f5es semelhantes aos de um p\u00e9 humano, o que era impressionante para o Per\u00edodo Cambriano.<\/p>\n<p>&#8220;Seu tamanho teria sido ainda mais impressionante na \u00e9poca em que estava vivo, j\u00e1 que a maioria dos animais que viviam durante o Per\u00edodo Cambriano era menor que seu dedo mindinho&#8221;, afirmou Joe Moysiuk, que liderou o estudo na Universidade de Toronto.<\/p>\n<p>Segundo ele, a criatura era um parente distante do predador mais assustador da \u00e9poca, o Anomalocaris, apelidado de T-Rex cambriano, que tinha o tamanho de um metro.<\/p>\n<p>O Cambroraster falcatus tinha uma boca circular com dentes, que \u00e9 o hom\u00f4nimo do grupo Radiodonta. O grupo, que h\u00e1 muito foi extinto, \u00e9 considerado um \u201cparente\u201d de animais com um exoesqueleto, como insetos. Al\u00e9m da carapa\u00e7a em sua cabe\u00e7a, parecida com a que os caranguejos modernos possuem, e a boca em forma de abacaxi, o &#8220;vov\u00f4 caranguejo&#8221; tinha garras para ca\u00e7ar.<\/p>\n<p>&#8220;Achamos que Cambroraster pode ter usado essas garras para peneirar os sedimentos, prendendo as presas enterradas na rede de espinhos&#8221;, disse Jean-Bernard Caron, outro pesquisador, observando tamb\u00e9m que &#8220;a abund\u00e2ncia desse animal \u00e9 extraordin\u00e1ria&#8221;.<\/p>\n<p>Ele ressaltou que os pesquisadores encontraram centenas de esp\u00e9cimes nos \u00faltimos ver\u00f5es. Muitos f\u00f3sseis estavam bem preservados, o que lhes permitiu reconstruir as criaturas com uma precis\u00e3o sem precedentes.<\/p>\n<p>&#8220;O registro f\u00f3ssil do radiodont \u00e9 muito esparso; normalmente, encontramos apenas fragmentos e partes dispersas. O grande n\u00famero de partes e f\u00f3sseis anormalmente completos preservados no mesmo local s\u00e3o um verdadeiro golpe, pois nos ajudam a entender melhor como esses animais se pareciam. e como eles viveram \u201d, explicou Caron.<\/p>\n","protected":false},"excerpt":{"rendered":"<p>Uma equipe de pesquisadores do Museu Real de Ont\u00e1rio e da Universidade de Toronto descobriu uma nova esp\u00e9cie de antigos predadores enquanto estudava f\u00f3sseis do Burgess Shale, de 506 milh\u00f5es de anos, localizado em Yoho e no Parque Nacional Kootenay, na Col\u00fambia Brit\u00e2nica. Eles anunciaram suas descobertas, que poderiam lan\u00e7ar luz sobre as origens de [&hellip;]<\/p>\n","protected":false},"author":2,"featured_media":212506,"comment_status":"closed","ping_status":"closed","sticky":false,"template":"","format":"standard","meta":{"_acf_changed":false,"footnotes":""},"categories":[71],"tags":[95],"class_list":["post-212505","post","type-post","status-publish","format-standard","has-post-thumbnail","hentry","category-curiosidades","tag-capa"],"acf":[],"yoast_head":"<!-- This site is optimized with the Yoast SEO plugin v27.2 - https:\/\/yoast.com\/product\/yoast-seo-wordpress\/ -->\n<title>Uma m\u00e1quina de matar de mais de 500 mi de anos - Notibras<\/title>\n<meta name=\"robots\" content=\"index, follow, max-snippet:-1, max-image-preview:large, max-video-preview:-1\" \/>\n<link rel=\"canonical\" href=\"https:\/\/www.notibras.com\/site\/uma-maquina-de-matar-de-mais-de-500-mi-de-anos\/\" \/>\n<meta property=\"og:locale\" content=\"pt_BR\" \/>\n<meta property=\"og:type\" content=\"article\" \/>\n<meta property=\"og:title\" content=\"Uma m\u00e1quina de matar de mais de 500 mi de anos - Notibras\" \/>\n<meta property=\"og:description\" content=\"Uma equipe de pesquisadores do Museu Real de Ont\u00e1rio e da Universidade de Toronto descobriu uma nova esp\u00e9cie de antigos predadores enquanto estudava f\u00f3sseis do Burgess Shale, de 506 milh\u00f5es de anos, localizado em Yoho e no Parque Nacional Kootenay, na Col\u00fambia Brit\u00e2nica. Eles anunciaram suas descobertas, que poderiam lan\u00e7ar luz sobre as origens de [&hellip;]\" \/>\n<meta property=\"og:url\" content=\"https:\/\/www.notibras.com\/site\/uma-maquina-de-matar-de-mais-de-500-mi-de-anos\/\" \/>\n<meta property=\"og:site_name\" content=\"Notibras\" \/>\n<meta property=\"article:publisher\" content=\"https:\/\/www.facebook.com\/notibras\/\" \/>\n<meta property=\"article:published_time\" content=\"2019-08-01T20:28:10+00:00\" \/>\n<meta property=\"og:image\" content=\"https:\/\/www.notibras.com\/site\/wp-content\/uploads\/2019\/08\/Cambroraster.jpg\" \/>\n\t<meta property=\"og:image:width\" content=\"710\" \/>\n\t<meta property=\"og:image:height\" content=\"401\" \/>\n\t<meta property=\"og:image:type\" content=\"image\/jpeg\" \/>\n<meta name=\"author\" content=\"Reda\u00e7\u00e3o\" \/>\n<meta name=\"twitter:card\" content=\"summary_large_image\" \/>\n<meta name=\"twitter:creator\" content=\"@Notibras\" \/>\n<meta name=\"twitter:site\" content=\"@Notibras\" \/>\n<meta name=\"twitter:label1\" content=\"Escrito por\" \/>\n\t<meta name=\"twitter:data1\" content=\"Reda\u00e7\u00e3o\" \/>\n\t<meta name=\"twitter:label2\" content=\"Est. tempo de leitura\" \/>\n\t<meta name=\"twitter:data2\" content=\"2 minutos\" \/>\n<script type=\"application\/ld+json\" class=\"yoast-schema-graph\">{\"@context\":\"https:\/\/schema.org\",\"@graph\":[{\"@type\":\"Article\",\"@id\":\"https:\/\/www.notibras.com\/site\/uma-maquina-de-matar-de-mais-de-500-mi-de-anos\/#article\",\"isPartOf\":{\"@id\":\"https:\/\/www.notibras.com\/site\/uma-maquina-de-matar-de-mais-de-500-mi-de-anos\/\"},\"author\":{\"name\":\"Reda\u00e7\u00e3o\",\"@id\":\"https:\/\/www.notibras.com\/site\/#\/schema\/person\/36ab0979449956132d3e5b517ea76ac8\"},\"headline\":\"Uma m\u00e1quina de matar de mais de 500 mi de anos\",\"datePublished\":\"2019-08-01T20:28:10+00:00\",\"mainEntityOfPage\":{\"@id\":\"https:\/\/www.notibras.com\/site\/uma-maquina-de-matar-de-mais-de-500-mi-de-anos\/\"},\"wordCount\":384,\"publisher\":{\"@id\":\"https:\/\/www.notibras.com\/site\/#organization\"},\"image\":{\"@id\":\"https:\/\/www.notibras.com\/site\/uma-maquina-de-matar-de-mais-de-500-mi-de-anos\/#primaryimage\"},\"thumbnailUrl\":\"https:\/\/www.notibras.com\/site\/wp-content\/uploads\/2019\/08\/Cambroraster.jpg\",\"keywords\":[\"capa\"],\"articleSection\":[\"Curiosidades\"],\"inLanguage\":\"pt-BR\"},{\"@type\":\"WebPage\",\"@id\":\"https:\/\/www.notibras.com\/site\/uma-maquina-de-matar-de-mais-de-500-mi-de-anos\/\",\"url\":\"https:\/\/www.notibras.com\/site\/uma-maquina-de-matar-de-mais-de-500-mi-de-anos\/\",\"name\":\"Uma m\u00e1quina de matar de mais de 500 mi de anos - Notibras\",\"isPartOf\":{\"@id\":\"https:\/\/www.notibras.com\/site\/#website\"},\"primaryImageOfPage\":{\"@id\":\"https:\/\/www.notibras.com\/site\/uma-maquina-de-matar-de-mais-de-500-mi-de-anos\/#primaryimage\"},\"image\":{\"@id\":\"https:\/\/www.notibras.com\/site\/uma-maquina-de-matar-de-mais-de-500-mi-de-anos\/#primaryimage\"},\"thumbnailUrl\":\"https:\/\/www.notibras.com\/site\/wp-content\/uploads\/2019\/08\/Cambroraster.jpg\",\"datePublished\":\"2019-08-01T20:28:10+00:00\",\"breadcrumb\":{\"@id\":\"https:\/\/www.notibras.com\/site\/uma-maquina-de-matar-de-mais-de-500-mi-de-anos\/#breadcrumb\"},\"inLanguage\":\"pt-BR\",\"potentialAction\":[{\"@type\":\"ReadAction\",\"target\":[\"https:\/\/www.notibras.com\/site\/uma-maquina-de-matar-de-mais-de-500-mi-de-anos\/\"]}]},{\"@type\":\"ImageObject\",\"inLanguage\":\"pt-BR\",\"@id\":\"https:\/\/www.notibras.com\/site\/uma-maquina-de-matar-de-mais-de-500-mi-de-anos\/#primaryimage\",\"url\":\"https:\/\/www.notibras.com\/site\/wp-content\/uploads\/2019\/08\/Cambroraster.jpg\",\"contentUrl\":\"https:\/\/www.notibras.com\/site\/wp-content\/uploads\/2019\/08\/Cambroraster.jpg\",\"width\":710,\"height\":401},{\"@type\":\"BreadcrumbList\",\"@id\":\"https:\/\/www.notibras.com\/site\/uma-maquina-de-matar-de-mais-de-500-mi-de-anos\/#breadcrumb\",\"itemListElement\":[{\"@type\":\"ListItem\",\"position\":1,\"name\":\"In\u00edcio\",\"item\":\"https:\/\/www.notibras.com\/site\/\"},{\"@type\":\"ListItem\",\"position\":2,\"name\":\"Uma m\u00e1quina de matar de mais de 500 mi de anos\"}]},{\"@type\":\"WebSite\",\"@id\":\"https:\/\/www.notibras.com\/site\/#website\",\"url\":\"https:\/\/www.notibras.com\/site\/\",\"name\":\"Notibras\",\"description\":\"Not\u00edcias de Bras\u00edlia, do Brasil e do Mundo\",\"publisher\":{\"@id\":\"https:\/\/www.notibras.com\/site\/#organization\"},\"potentialAction\":[{\"@type\":\"SearchAction\",\"target\":{\"@type\":\"EntryPoint\",\"urlTemplate\":\"https:\/\/www.notibras.com\/site\/?s={search_term_string}\"},\"query-input\":{\"@type\":\"PropertyValueSpecification\",\"valueRequired\":true,\"valueName\":\"search_term_string\"}}],\"inLanguage\":\"pt-BR\"},{\"@type\":\"Organization\",\"@id\":\"https:\/\/www.notibras.com\/site\/#organization\",\"name\":\"Grupo Notibras de Comunica\u00e7\u00e3o\",\"url\":\"https:\/\/www.notibras.com\/site\/\",\"logo\":{\"@type\":\"ImageObject\",\"inLanguage\":\"pt-BR\",\"@id\":\"https:\/\/www.notibras.com\/site\/#\/schema\/logo\/image\/\",\"url\":\"https:\/\/www.notibras.com\/site\/wp-content\/uploads\/2023\/01\/notibras23.png\",\"contentUrl\":\"https:\/\/www.notibras.com\/site\/wp-content\/uploads\/2023\/01\/notibras23.png\",\"width\":350,\"height\":87,\"caption\":\"Grupo Notibras de Comunica\u00e7\u00e3o\"},\"image\":{\"@id\":\"https:\/\/www.notibras.com\/site\/#\/schema\/logo\/image\/\"},\"sameAs\":[\"https:\/\/www.facebook.com\/notibras\/\",\"https:\/\/x.com\/Notibras\",\"https:\/\/www.instagram.com\/notibras\/\"]},{\"@type\":\"Person\",\"@id\":\"https:\/\/www.notibras.com\/site\/#\/schema\/person\/36ab0979449956132d3e5b517ea76ac8\",\"name\":\"Reda\u00e7\u00e3o\",\"image\":{\"@type\":\"ImageObject\",\"inLanguage\":\"pt-BR\",\"@id\":\"https:\/\/secure.gravatar.com\/avatar\/e0a867bdedb85fd243eadf09663511f96fc81e0720a4a42581f334ad4303aa6b?s=96&d=mm&r=g\",\"url\":\"https:\/\/secure.gravatar.com\/avatar\/e0a867bdedb85fd243eadf09663511f96fc81e0720a4a42581f334ad4303aa6b?s=96&d=mm&r=g\",\"contentUrl\":\"https:\/\/secure.gravatar.com\/avatar\/e0a867bdedb85fd243eadf09663511f96fc81e0720a4a42581f334ad4303aa6b?s=96&d=mm&r=g\",\"caption\":\"Reda\u00e7\u00e3o\"}}]}<\/script>\n<!-- \/ Yoast SEO plugin. -->","yoast_head_json":{"title":"Uma m\u00e1quina de matar de mais de 500 mi de anos - Notibras","robots":{"index":"index","follow":"follow","max-snippet":"max-snippet:-1","max-image-preview":"max-image-preview:large","max-video-preview":"max-video-preview:-1"},"canonical":"https:\/\/www.notibras.com\/site\/uma-maquina-de-matar-de-mais-de-500-mi-de-anos\/","og_locale":"pt_BR","og_type":"article","og_title":"Uma m\u00e1quina de matar de mais de 500 mi de anos - Notibras","og_description":"Uma equipe de pesquisadores do Museu Real de Ont\u00e1rio e da Universidade de Toronto descobriu uma nova esp\u00e9cie de antigos predadores enquanto estudava f\u00f3sseis do Burgess Shale, de 506 milh\u00f5es de anos, localizado em Yoho e no Parque Nacional Kootenay, na Col\u00fambia Brit\u00e2nica. Eles anunciaram suas descobertas, que poderiam lan\u00e7ar luz sobre as origens de [&hellip;]","og_url":"https:\/\/www.notibras.com\/site\/uma-maquina-de-matar-de-mais-de-500-mi-de-anos\/","og_site_name":"Notibras","article_publisher":"https:\/\/www.facebook.com\/notibras\/","article_published_time":"2019-08-01T20:28:10+00:00","og_image":[{"width":710,"height":401,"url":"https:\/\/www.notibras.com\/site\/wp-content\/uploads\/2019\/08\/Cambroraster.jpg","type":"image\/jpeg"}],"author":"Reda\u00e7\u00e3o","twitter_card":"summary_large_image","twitter_creator":"@Notibras","twitter_site":"@Notibras","twitter_misc":{"Escrito por":"Reda\u00e7\u00e3o","Est. tempo de leitura":"2 minutos"},"schema":{"@context":"https:\/\/schema.org","@graph":[{"@type":"Article","@id":"https:\/\/www.notibras.com\/site\/uma-maquina-de-matar-de-mais-de-500-mi-de-anos\/#article","isPartOf":{"@id":"https:\/\/www.notibras.com\/site\/uma-maquina-de-matar-de-mais-de-500-mi-de-anos\/"},"author":{"name":"Reda\u00e7\u00e3o","@id":"https:\/\/www.notibras.com\/site\/#\/schema\/person\/36ab0979449956132d3e5b517ea76ac8"},"headline":"Uma m\u00e1quina de matar de mais de 500 mi de anos","datePublished":"2019-08-01T20:28:10+00:00","mainEntityOfPage":{"@id":"https:\/\/www.notibras.com\/site\/uma-maquina-de-matar-de-mais-de-500-mi-de-anos\/"},"wordCount":384,"publisher":{"@id":"https:\/\/www.notibras.com\/site\/#organization"},"image":{"@id":"https:\/\/www.notibras.com\/site\/uma-maquina-de-matar-de-mais-de-500-mi-de-anos\/#primaryimage"},"thumbnailUrl":"https:\/\/www.notibras.com\/site\/wp-content\/uploads\/2019\/08\/Cambroraster.jpg","keywords":["capa"],"articleSection":["Curiosidades"],"inLanguage":"pt-BR"},{"@type":"WebPage","@id":"https:\/\/www.notibras.com\/site\/uma-maquina-de-matar-de-mais-de-500-mi-de-anos\/","url":"https:\/\/www.notibras.com\/site\/uma-maquina-de-matar-de-mais-de-500-mi-de-anos\/","name":"Uma m\u00e1quina de matar de mais de 500 mi de anos - Notibras","isPartOf":{"@id":"https:\/\/www.notibras.com\/site\/#website"},"primaryImageOfPage":{"@id":"https:\/\/www.notibras.com\/site\/uma-maquina-de-matar-de-mais-de-500-mi-de-anos\/#primaryimage"},"image":{"@id":"https:\/\/www.notibras.com\/site\/uma-maquina-de-matar-de-mais-de-500-mi-de-anos\/#primaryimage"},"thumbnailUrl":"https:\/\/www.notibras.com\/site\/wp-content\/uploads\/2019\/08\/Cambroraster.jpg","datePublished":"2019-08-01T20:28:10+00:00","breadcrumb":{"@id":"https:\/\/www.notibras.com\/site\/uma-maquina-de-matar-de-mais-de-500-mi-de-anos\/#breadcrumb"},"inLanguage":"pt-BR","potentialAction":[{"@type":"ReadAction","target":["https:\/\/www.notibras.com\/site\/uma-maquina-de-matar-de-mais-de-500-mi-de-anos\/"]}]},{"@type":"ImageObject","inLanguage":"pt-BR","@id":"https:\/\/www.notibras.com\/site\/uma-maquina-de-matar-de-mais-de-500-mi-de-anos\/#primaryimage","url":"https:\/\/www.notibras.com\/site\/wp-content\/uploads\/2019\/08\/Cambroraster.jpg","contentUrl":"https:\/\/www.notibras.com\/site\/wp-content\/uploads\/2019\/08\/Cambroraster.jpg","width":710,"height":401},{"@type":"BreadcrumbList","@id":"https:\/\/www.notibras.com\/site\/uma-maquina-de-matar-de-mais-de-500-mi-de-anos\/#breadcrumb","itemListElement":[{"@type":"ListItem","position":1,"name":"In\u00edcio","item":"https:\/\/www.notibras.com\/site\/"},{"@type":"ListItem","position":2,"name":"Uma m\u00e1quina de matar de mais de 500 mi de anos"}]},{"@type":"WebSite","@id":"https:\/\/www.notibras.com\/site\/#website","url":"https:\/\/www.notibras.com\/site\/","name":"Notibras","description":"Not\u00edcias de Bras\u00edlia, do Brasil e do Mundo","publisher":{"@id":"https:\/\/www.notibras.com\/site\/#organization"},"potentialAction":[{"@type":"SearchAction","target":{"@type":"EntryPoint","urlTemplate":"https:\/\/www.notibras.com\/site\/?s={search_term_string}"},"query-input":{"@type":"PropertyValueSpecification","valueRequired":true,"valueName":"search_term_string"}}],"inLanguage":"pt-BR"},{"@type":"Organization","@id":"https:\/\/www.notibras.com\/site\/#organization","name":"Grupo Notibras de Comunica\u00e7\u00e3o","url":"https:\/\/www.notibras.com\/site\/","logo":{"@type":"ImageObject","inLanguage":"pt-BR","@id":"https:\/\/www.notibras.com\/site\/#\/schema\/logo\/image\/","url":"https:\/\/www.notibras.com\/site\/wp-content\/uploads\/2023\/01\/notibras23.png","contentUrl":"https:\/\/www.notibras.com\/site\/wp-content\/uploads\/2023\/01\/notibras23.png","width":350,"height":87,"caption":"Grupo Notibras de Comunica\u00e7\u00e3o"},"image":{"@id":"https:\/\/www.notibras.com\/site\/#\/schema\/logo\/image\/"},"sameAs":["https:\/\/www.facebook.com\/notibras\/","https:\/\/x.com\/Notibras","https:\/\/www.instagram.com\/notibras\/"]},{"@type":"Person","@id":"https:\/\/www.notibras.com\/site\/#\/schema\/person\/36ab0979449956132d3e5b517ea76ac8","name":"Reda\u00e7\u00e3o","image":{"@type":"ImageObject","inLanguage":"pt-BR","@id":"https:\/\/secure.gravatar.com\/avatar\/e0a867bdedb85fd243eadf09663511f96fc81e0720a4a42581f334ad4303aa6b?s=96&d=mm&r=g","url":"https:\/\/secure.gravatar.com\/avatar\/e0a867bdedb85fd243eadf09663511f96fc81e0720a4a42581f334ad4303aa6b?s=96&d=mm&r=g","contentUrl":"https:\/\/secure.gravatar.com\/avatar\/e0a867bdedb85fd243eadf09663511f96fc81e0720a4a42581f334ad4303aa6b?s=96&d=mm&r=g","caption":"Reda\u00e7\u00e3o"}}]}},"amp_enabled":true,"_links":{"self":[{"href":"https:\/\/www.notibras.com\/site\/wp-json\/wp\/v2\/posts\/212505","targetHints":{"allow":["GET"]}}],"collection":[{"href":"https:\/\/www.notibras.com\/site\/wp-json\/wp\/v2\/posts"}],"about":[{"href":"https:\/\/www.notibras.com\/site\/wp-json\/wp\/v2\/types\/post"}],"author":[{"embeddable":true,"href":"https:\/\/www.notibras.com\/site\/wp-json\/wp\/v2\/users\/2"}],"replies":[{"embeddable":true,"href":"https:\/\/www.notibras.com\/site\/wp-json\/wp\/v2\/comments?post=212505"}],"version-history":[{"count":1,"href":"https:\/\/www.notibras.com\/site\/wp-json\/wp\/v2\/posts\/212505\/revisions"}],"predecessor-version":[{"id":212507,"href":"https:\/\/www.notibras.com\/site\/wp-json\/wp\/v2\/posts\/212505\/revisions\/212507"}],"wp:featuredmedia":[{"embeddable":true,"href":"https:\/\/www.notibras.com\/site\/wp-json\/wp\/v2\/media\/212506"}],"wp:attachment":[{"href":"https:\/\/www.notibras.com\/site\/wp-json\/wp\/v2\/media?parent=212505"}],"wp:term":[{"taxonomy":"category","embeddable":true,"href":"https:\/\/www.notibras.com\/site\/wp-json\/wp\/v2\/categories?post=212505"},{"taxonomy":"post_tag","embeddable":true,"href":"https:\/\/www.notibras.com\/site\/wp-json\/wp\/v2\/tags?post=212505"}],"curies":[{"name":"wp","href":"https:\/\/api.w.org\/{rel}","templated":true}]}}