{"id":21253,"date":"2014-09-01T20:51:38","date_gmt":"2014-09-01T23:51:38","guid":{"rendered":"http:\/\/www.notibras.com\/site\/?p=21253"},"modified":"2014-09-01T20:52:23","modified_gmt":"2014-09-01T23:52:23","slug":"brasilia-investe-abaixo-da-media-nacional-em-saude-publica","status":"publish","type":"post","link":"https:\/\/www.notibras.com\/site\/brasilia-investe-abaixo-da-media-nacional-em-saude-publica\/","title":{"rendered":"Bras\u00edlia investe abaixo da m\u00e9dia nacional em aten\u00e7\u00e3o \u00e0 sa\u00fade p\u00fablica"},"content":{"rendered":"<p>Um levantamento feito pelo Conselho Federal de Medicina apontou que o gasto per capita di\u00e1rio do governo do Distrito Federal com sa\u00fade \u00e9 de R$ 2,90. Para a entidade, o valor \u00e9 baixo. A m\u00e9dia di\u00e1ria brasileira \u00e9 de R$ 3,05 por habitante. As informa\u00e7\u00f5es s\u00e3o do G1.<\/p>\n<p>A Secretaria de Sa\u00fade confirma o dado e diz que, visto isoladamente, ele pode refletir uma realidade incompat\u00edvel com a qualidade do servi\u00e7o.<\/p>\n<p>&#8220;N\u00e3o \u00e9 [um valor] ruim. A capacidade instalada que eu tenho, que j\u00e1 me custa pouco, n\u00e3o me demanda maiores investimentos. Quando voc\u00ea faz esse c\u00e1lculo, voc\u00ea tem que se perguntar se \u00e9 para um sistema j\u00e1 implantado, que vai ser implantado ou em implanta\u00e7\u00e3o? N\u00f3s temos um sistema implantado&#8221;, afirmouo ex-titular da pasta Elias Miziara.<\/p>\n<p>O dado do CFM foi coletado a partir dos relat\u00f3rios resumidos de execu\u00e7\u00e3o or\u00e7ament\u00e1ria passados pelas unidades da federa\u00e7\u00e3o \u00e0 Secretaria do Tesouro Nacional em 2013. Atualmente, a capital do pa\u00eds conta com 12 hospitais regionais, cinco hospitais especializados e cinco Unidades de Pronto Atendimento, al\u00e9m de centros de sa\u00fade e Centro de Aten\u00e7\u00e3o Psicossocial (Caps).<\/p>\n<blockquote><p>De acordo com a secretaria, a maior parte dos custos da pasta \u00e9 com a folha de pagamento dos servidores, que representa 80% do or\u00e7amento. Outros 18% s\u00e3o destinados \u00e0 compra de insumos e de medicamentos, enquanto 2% s\u00e3o usados em investimentos (obras).<\/p><\/blockquote>\n<p>Para este ano, o or\u00e7amento do DF em sa\u00fade \u00e9 de R$ 5,8 bilh\u00f5es. A pasta informou que at\u00e9 metade de junho gastou pouco menos da metade, R$ 2,7 bilh\u00f5es.<\/p>\n","protected":false},"excerpt":{"rendered":"<p>Um levantamento feito pelo Conselho Federal de Medicina apontou que o gasto per capita di\u00e1rio do governo do Distrito Federal com sa\u00fade \u00e9 de R$ 2,90. Para a entidade, o valor \u00e9 baixo. A m\u00e9dia di\u00e1ria brasileira \u00e9 de R$ 3,05 por habitante. As informa\u00e7\u00f5es s\u00e3o do G1. A Secretaria de Sa\u00fade confirma o dado [&hellip;]<\/p>\n","protected":false},"author":2,"featured_media":21255,"comment_status":"open","ping_status":"closed","sticky":false,"template":"","format":"standard","meta":{"_acf_changed":false,"footnotes":""},"categories":[1],"tags":[],"class_list":["post-21253","post","type-post","status-publish","format-standard","has-post-thumbnail","hentry","category-brasilia"],"acf":[],"yoast_head":"<!-- This site is optimized with the Yoast SEO plugin v27.2 - https:\/\/yoast.com\/product\/yoast-seo-wordpress\/ -->\n<title>Bras\u00edlia investe abaixo da m\u00e9dia nacional em aten\u00e7\u00e3o \u00e0 sa\u00fade p\u00fablica - Notibras<\/title>\n<meta name=\"robots\" content=\"index, follow, max-snippet:-1, max-image-preview:large, max-video-preview:-1\" \/>\n<link rel=\"canonical\" href=\"https:\/\/www.notibras.com\/site\/brasilia-investe-abaixo-da-media-nacional-em-saude-publica\/\" \/>\n<meta property=\"og:locale\" content=\"pt_BR\" \/>\n<meta property=\"og:type\" content=\"article\" \/>\n<meta property=\"og:title\" content=\"Bras\u00edlia investe abaixo da m\u00e9dia nacional em aten\u00e7\u00e3o \u00e0 sa\u00fade p\u00fablica - Notibras\" \/>\n<meta property=\"og:description\" content=\"Um levantamento feito pelo Conselho Federal de Medicina apontou que o gasto per capita di\u00e1rio do governo do Distrito Federal com sa\u00fade \u00e9 de R$ 2,90. Para a entidade, o valor \u00e9 baixo. A m\u00e9dia di\u00e1ria brasileira \u00e9 de R$ 3,05 por habitante. As informa\u00e7\u00f5es s\u00e3o do G1. A Secretaria de Sa\u00fade confirma o dado [&hellip;]\" \/>\n<meta property=\"og:url\" content=\"https:\/\/www.notibras.com\/site\/brasilia-investe-abaixo-da-media-nacional-em-saude-publica\/\" \/>\n<meta property=\"og:site_name\" content=\"Notibras\" \/>\n<meta property=\"article:publisher\" content=\"https:\/\/www.facebook.com\/notibras\/\" \/>\n<meta property=\"article:published_time\" content=\"2014-09-01T23:51:38+00:00\" \/>\n<meta property=\"article:modified_time\" content=\"2014-09-01T23:52:23+00:00\" \/>\n<meta property=\"og:image\" content=\"https:\/\/www.notibras.com\/site\/wp-content\/uploads\/2014\/09\/hb_n.jpg\" \/>\n\t<meta property=\"og:image:width\" content=\"400\" \/>\n\t<meta property=\"og:image:height\" content=\"300\" \/>\n\t<meta property=\"og:image:type\" content=\"image\/jpeg\" \/>\n<meta name=\"author\" content=\"Reda\u00e7\u00e3o\" \/>\n<meta name=\"twitter:card\" content=\"summary_large_image\" \/>\n<meta name=\"twitter:creator\" content=\"@Notibras\" \/>\n<meta name=\"twitter:site\" content=\"@Notibras\" \/>\n<meta name=\"twitter:label1\" content=\"Escrito por\" \/>\n\t<meta name=\"twitter:data1\" content=\"Reda\u00e7\u00e3o\" \/>\n\t<meta name=\"twitter:label2\" content=\"Est. tempo de leitura\" \/>\n\t<meta name=\"twitter:data2\" content=\"1 minuto\" \/>\n<script type=\"application\/ld+json\" class=\"yoast-schema-graph\">{\"@context\":\"https:\/\/schema.org\",\"@graph\":[{\"@type\":\"Article\",\"@id\":\"https:\/\/www.notibras.com\/site\/brasilia-investe-abaixo-da-media-nacional-em-saude-publica\/#article\",\"isPartOf\":{\"@id\":\"https:\/\/www.notibras.com\/site\/brasilia-investe-abaixo-da-media-nacional-em-saude-publica\/\"},\"author\":{\"name\":\"Reda\u00e7\u00e3o\",\"@id\":\"https:\/\/www.notibras.com\/site\/#\/schema\/person\/36ab0979449956132d3e5b517ea76ac8\"},\"headline\":\"Bras\u00edlia investe abaixo da m\u00e9dia nacional em aten\u00e7\u00e3o \u00e0 sa\u00fade p\u00fablica\",\"datePublished\":\"2014-09-01T23:51:38+00:00\",\"dateModified\":\"2014-09-01T23:52:23+00:00\",\"mainEntityOfPage\":{\"@id\":\"https:\/\/www.notibras.com\/site\/brasilia-investe-abaixo-da-media-nacional-em-saude-publica\/\"},\"wordCount\":283,\"commentCount\":0,\"publisher\":{\"@id\":\"https:\/\/www.notibras.com\/site\/#organization\"},\"image\":{\"@id\":\"https:\/\/www.notibras.com\/site\/brasilia-investe-abaixo-da-media-nacional-em-saude-publica\/#primaryimage\"},\"thumbnailUrl\":\"https:\/\/www.notibras.com\/site\/wp-content\/uploads\/2014\/09\/hb_n.jpg\",\"articleSection\":[\"Bras\u00edlia\"],\"inLanguage\":\"pt-BR\",\"potentialAction\":[{\"@type\":\"CommentAction\",\"name\":\"Comment\",\"target\":[\"https:\/\/www.notibras.com\/site\/brasilia-investe-abaixo-da-media-nacional-em-saude-publica\/#respond\"]}]},{\"@type\":\"WebPage\",\"@id\":\"https:\/\/www.notibras.com\/site\/brasilia-investe-abaixo-da-media-nacional-em-saude-publica\/\",\"url\":\"https:\/\/www.notibras.com\/site\/brasilia-investe-abaixo-da-media-nacional-em-saude-publica\/\",\"name\":\"Bras\u00edlia investe abaixo da m\u00e9dia nacional em aten\u00e7\u00e3o \u00e0 sa\u00fade p\u00fablica - Notibras\",\"isPartOf\":{\"@id\":\"https:\/\/www.notibras.com\/site\/#website\"},\"primaryImageOfPage\":{\"@id\":\"https:\/\/www.notibras.com\/site\/brasilia-investe-abaixo-da-media-nacional-em-saude-publica\/#primaryimage\"},\"image\":{\"@id\":\"https:\/\/www.notibras.com\/site\/brasilia-investe-abaixo-da-media-nacional-em-saude-publica\/#primaryimage\"},\"thumbnailUrl\":\"https:\/\/www.notibras.com\/site\/wp-content\/uploads\/2014\/09\/hb_n.jpg\",\"datePublished\":\"2014-09-01T23:51:38+00:00\",\"dateModified\":\"2014-09-01T23:52:23+00:00\",\"breadcrumb\":{\"@id\":\"https:\/\/www.notibras.com\/site\/brasilia-investe-abaixo-da-media-nacional-em-saude-publica\/#breadcrumb\"},\"inLanguage\":\"pt-BR\",\"potentialAction\":[{\"@type\":\"ReadAction\",\"target\":[\"https:\/\/www.notibras.com\/site\/brasilia-investe-abaixo-da-media-nacional-em-saude-publica\/\"]}]},{\"@type\":\"ImageObject\",\"inLanguage\":\"pt-BR\",\"@id\":\"https:\/\/www.notibras.com\/site\/brasilia-investe-abaixo-da-media-nacional-em-saude-publica\/#primaryimage\",\"url\":\"https:\/\/www.notibras.com\/site\/wp-content\/uploads\/2014\/09\/hb_n.jpg\",\"contentUrl\":\"https:\/\/www.notibras.com\/site\/wp-content\/uploads\/2014\/09\/hb_n.jpg\",\"width\":400,\"height\":300},{\"@type\":\"BreadcrumbList\",\"@id\":\"https:\/\/www.notibras.com\/site\/brasilia-investe-abaixo-da-media-nacional-em-saude-publica\/#breadcrumb\",\"itemListElement\":[{\"@type\":\"ListItem\",\"position\":1,\"name\":\"In\u00edcio\",\"item\":\"https:\/\/www.notibras.com\/site\/\"},{\"@type\":\"ListItem\",\"position\":2,\"name\":\"Bras\u00edlia investe abaixo da m\u00e9dia nacional em aten\u00e7\u00e3o \u00e0 sa\u00fade p\u00fablica\"}]},{\"@type\":\"WebSite\",\"@id\":\"https:\/\/www.notibras.com\/site\/#website\",\"url\":\"https:\/\/www.notibras.com\/site\/\",\"name\":\"Notibras\",\"description\":\"Not\u00edcias de Bras\u00edlia, do Brasil e do Mundo\",\"publisher\":{\"@id\":\"https:\/\/www.notibras.com\/site\/#organization\"},\"potentialAction\":[{\"@type\":\"SearchAction\",\"target\":{\"@type\":\"EntryPoint\",\"urlTemplate\":\"https:\/\/www.notibras.com\/site\/?s={search_term_string}\"},\"query-input\":{\"@type\":\"PropertyValueSpecification\",\"valueRequired\":true,\"valueName\":\"search_term_string\"}}],\"inLanguage\":\"pt-BR\"},{\"@type\":\"Organization\",\"@id\":\"https:\/\/www.notibras.com\/site\/#organization\",\"name\":\"Grupo Notibras de Comunica\u00e7\u00e3o\",\"url\":\"https:\/\/www.notibras.com\/site\/\",\"logo\":{\"@type\":\"ImageObject\",\"inLanguage\":\"pt-BR\",\"@id\":\"https:\/\/www.notibras.com\/site\/#\/schema\/logo\/image\/\",\"url\":\"https:\/\/www.notibras.com\/site\/wp-content\/uploads\/2023\/01\/notibras23.png\",\"contentUrl\":\"https:\/\/www.notibras.com\/site\/wp-content\/uploads\/2023\/01\/notibras23.png\",\"width\":350,\"height\":87,\"caption\":\"Grupo Notibras de Comunica\u00e7\u00e3o\"},\"image\":{\"@id\":\"https:\/\/www.notibras.com\/site\/#\/schema\/logo\/image\/\"},\"sameAs\":[\"https:\/\/www.facebook.com\/notibras\/\",\"https:\/\/x.com\/Notibras\",\"https:\/\/www.instagram.com\/notibras\/\"]},{\"@type\":\"Person\",\"@id\":\"https:\/\/www.notibras.com\/site\/#\/schema\/person\/36ab0979449956132d3e5b517ea76ac8\",\"name\":\"Reda\u00e7\u00e3o\",\"image\":{\"@type\":\"ImageObject\",\"inLanguage\":\"pt-BR\",\"@id\":\"https:\/\/secure.gravatar.com\/avatar\/e0a867bdedb85fd243eadf09663511f96fc81e0720a4a42581f334ad4303aa6b?s=96&d=mm&r=g\",\"url\":\"https:\/\/secure.gravatar.com\/avatar\/e0a867bdedb85fd243eadf09663511f96fc81e0720a4a42581f334ad4303aa6b?s=96&d=mm&r=g\",\"contentUrl\":\"https:\/\/secure.gravatar.com\/avatar\/e0a867bdedb85fd243eadf09663511f96fc81e0720a4a42581f334ad4303aa6b?s=96&d=mm&r=g\",\"caption\":\"Reda\u00e7\u00e3o\"}}]}<\/script>\n<!-- \/ Yoast SEO plugin. -->","yoast_head_json":{"title":"Bras\u00edlia investe abaixo da m\u00e9dia nacional em aten\u00e7\u00e3o \u00e0 sa\u00fade p\u00fablica - Notibras","robots":{"index":"index","follow":"follow","max-snippet":"max-snippet:-1","max-image-preview":"max-image-preview:large","max-video-preview":"max-video-preview:-1"},"canonical":"https:\/\/www.notibras.com\/site\/brasilia-investe-abaixo-da-media-nacional-em-saude-publica\/","og_locale":"pt_BR","og_type":"article","og_title":"Bras\u00edlia investe abaixo da m\u00e9dia nacional em aten\u00e7\u00e3o \u00e0 sa\u00fade p\u00fablica - Notibras","og_description":"Um levantamento feito pelo Conselho Federal de Medicina apontou que o gasto per capita di\u00e1rio do governo do Distrito Federal com sa\u00fade \u00e9 de R$ 2,90. Para a entidade, o valor \u00e9 baixo. A m\u00e9dia di\u00e1ria brasileira \u00e9 de R$ 3,05 por habitante. As informa\u00e7\u00f5es s\u00e3o do G1. A Secretaria de Sa\u00fade confirma o dado [&hellip;]","og_url":"https:\/\/www.notibras.com\/site\/brasilia-investe-abaixo-da-media-nacional-em-saude-publica\/","og_site_name":"Notibras","article_publisher":"https:\/\/www.facebook.com\/notibras\/","article_published_time":"2014-09-01T23:51:38+00:00","article_modified_time":"2014-09-01T23:52:23+00:00","og_image":[{"width":400,"height":300,"url":"https:\/\/www.notibras.com\/site\/wp-content\/uploads\/2014\/09\/hb_n.jpg","type":"image\/jpeg"}],"author":"Reda\u00e7\u00e3o","twitter_card":"summary_large_image","twitter_creator":"@Notibras","twitter_site":"@Notibras","twitter_misc":{"Escrito por":"Reda\u00e7\u00e3o","Est. tempo de leitura":"1 minuto"},"schema":{"@context":"https:\/\/schema.org","@graph":[{"@type":"Article","@id":"https:\/\/www.notibras.com\/site\/brasilia-investe-abaixo-da-media-nacional-em-saude-publica\/#article","isPartOf":{"@id":"https:\/\/www.notibras.com\/site\/brasilia-investe-abaixo-da-media-nacional-em-saude-publica\/"},"author":{"name":"Reda\u00e7\u00e3o","@id":"https:\/\/www.notibras.com\/site\/#\/schema\/person\/36ab0979449956132d3e5b517ea76ac8"},"headline":"Bras\u00edlia investe abaixo da m\u00e9dia nacional em aten\u00e7\u00e3o \u00e0 sa\u00fade p\u00fablica","datePublished":"2014-09-01T23:51:38+00:00","dateModified":"2014-09-01T23:52:23+00:00","mainEntityOfPage":{"@id":"https:\/\/www.notibras.com\/site\/brasilia-investe-abaixo-da-media-nacional-em-saude-publica\/"},"wordCount":283,"commentCount":0,"publisher":{"@id":"https:\/\/www.notibras.com\/site\/#organization"},"image":{"@id":"https:\/\/www.notibras.com\/site\/brasilia-investe-abaixo-da-media-nacional-em-saude-publica\/#primaryimage"},"thumbnailUrl":"https:\/\/www.notibras.com\/site\/wp-content\/uploads\/2014\/09\/hb_n.jpg","articleSection":["Bras\u00edlia"],"inLanguage":"pt-BR","potentialAction":[{"@type":"CommentAction","name":"Comment","target":["https:\/\/www.notibras.com\/site\/brasilia-investe-abaixo-da-media-nacional-em-saude-publica\/#respond"]}]},{"@type":"WebPage","@id":"https:\/\/www.notibras.com\/site\/brasilia-investe-abaixo-da-media-nacional-em-saude-publica\/","url":"https:\/\/www.notibras.com\/site\/brasilia-investe-abaixo-da-media-nacional-em-saude-publica\/","name":"Bras\u00edlia investe abaixo da m\u00e9dia nacional em aten\u00e7\u00e3o \u00e0 sa\u00fade p\u00fablica - Notibras","isPartOf":{"@id":"https:\/\/www.notibras.com\/site\/#website"},"primaryImageOfPage":{"@id":"https:\/\/www.notibras.com\/site\/brasilia-investe-abaixo-da-media-nacional-em-saude-publica\/#primaryimage"},"image":{"@id":"https:\/\/www.notibras.com\/site\/brasilia-investe-abaixo-da-media-nacional-em-saude-publica\/#primaryimage"},"thumbnailUrl":"https:\/\/www.notibras.com\/site\/wp-content\/uploads\/2014\/09\/hb_n.jpg","datePublished":"2014-09-01T23:51:38+00:00","dateModified":"2014-09-01T23:52:23+00:00","breadcrumb":{"@id":"https:\/\/www.notibras.com\/site\/brasilia-investe-abaixo-da-media-nacional-em-saude-publica\/#breadcrumb"},"inLanguage":"pt-BR","potentialAction":[{"@type":"ReadAction","target":["https:\/\/www.notibras.com\/site\/brasilia-investe-abaixo-da-media-nacional-em-saude-publica\/"]}]},{"@type":"ImageObject","inLanguage":"pt-BR","@id":"https:\/\/www.notibras.com\/site\/brasilia-investe-abaixo-da-media-nacional-em-saude-publica\/#primaryimage","url":"https:\/\/www.notibras.com\/site\/wp-content\/uploads\/2014\/09\/hb_n.jpg","contentUrl":"https:\/\/www.notibras.com\/site\/wp-content\/uploads\/2014\/09\/hb_n.jpg","width":400,"height":300},{"@type":"BreadcrumbList","@id":"https:\/\/www.notibras.com\/site\/brasilia-investe-abaixo-da-media-nacional-em-saude-publica\/#breadcrumb","itemListElement":[{"@type":"ListItem","position":1,"name":"In\u00edcio","item":"https:\/\/www.notibras.com\/site\/"},{"@type":"ListItem","position":2,"name":"Bras\u00edlia investe abaixo da m\u00e9dia nacional em aten\u00e7\u00e3o \u00e0 sa\u00fade p\u00fablica"}]},{"@type":"WebSite","@id":"https:\/\/www.notibras.com\/site\/#website","url":"https:\/\/www.notibras.com\/site\/","name":"Notibras","description":"Not\u00edcias de Bras\u00edlia, do Brasil e do Mundo","publisher":{"@id":"https:\/\/www.notibras.com\/site\/#organization"},"potentialAction":[{"@type":"SearchAction","target":{"@type":"EntryPoint","urlTemplate":"https:\/\/www.notibras.com\/site\/?s={search_term_string}"},"query-input":{"@type":"PropertyValueSpecification","valueRequired":true,"valueName":"search_term_string"}}],"inLanguage":"pt-BR"},{"@type":"Organization","@id":"https:\/\/www.notibras.com\/site\/#organization","name":"Grupo Notibras de Comunica\u00e7\u00e3o","url":"https:\/\/www.notibras.com\/site\/","logo":{"@type":"ImageObject","inLanguage":"pt-BR","@id":"https:\/\/www.notibras.com\/site\/#\/schema\/logo\/image\/","url":"https:\/\/www.notibras.com\/site\/wp-content\/uploads\/2023\/01\/notibras23.png","contentUrl":"https:\/\/www.notibras.com\/site\/wp-content\/uploads\/2023\/01\/notibras23.png","width":350,"height":87,"caption":"Grupo Notibras de Comunica\u00e7\u00e3o"},"image":{"@id":"https:\/\/www.notibras.com\/site\/#\/schema\/logo\/image\/"},"sameAs":["https:\/\/www.facebook.com\/notibras\/","https:\/\/x.com\/Notibras","https:\/\/www.instagram.com\/notibras\/"]},{"@type":"Person","@id":"https:\/\/www.notibras.com\/site\/#\/schema\/person\/36ab0979449956132d3e5b517ea76ac8","name":"Reda\u00e7\u00e3o","image":{"@type":"ImageObject","inLanguage":"pt-BR","@id":"https:\/\/secure.gravatar.com\/avatar\/e0a867bdedb85fd243eadf09663511f96fc81e0720a4a42581f334ad4303aa6b?s=96&d=mm&r=g","url":"https:\/\/secure.gravatar.com\/avatar\/e0a867bdedb85fd243eadf09663511f96fc81e0720a4a42581f334ad4303aa6b?s=96&d=mm&r=g","contentUrl":"https:\/\/secure.gravatar.com\/avatar\/e0a867bdedb85fd243eadf09663511f96fc81e0720a4a42581f334ad4303aa6b?s=96&d=mm&r=g","caption":"Reda\u00e7\u00e3o"}}]}},"amp_enabled":true,"_links":{"self":[{"href":"https:\/\/www.notibras.com\/site\/wp-json\/wp\/v2\/posts\/21253","targetHints":{"allow":["GET"]}}],"collection":[{"href":"https:\/\/www.notibras.com\/site\/wp-json\/wp\/v2\/posts"}],"about":[{"href":"https:\/\/www.notibras.com\/site\/wp-json\/wp\/v2\/types\/post"}],"author":[{"embeddable":true,"href":"https:\/\/www.notibras.com\/site\/wp-json\/wp\/v2\/users\/2"}],"replies":[{"embeddable":true,"href":"https:\/\/www.notibras.com\/site\/wp-json\/wp\/v2\/comments?post=21253"}],"version-history":[{"count":0,"href":"https:\/\/www.notibras.com\/site\/wp-json\/wp\/v2\/posts\/21253\/revisions"}],"wp:featuredmedia":[{"embeddable":true,"href":"https:\/\/www.notibras.com\/site\/wp-json\/wp\/v2\/media\/21255"}],"wp:attachment":[{"href":"https:\/\/www.notibras.com\/site\/wp-json\/wp\/v2\/media?parent=21253"}],"wp:term":[{"taxonomy":"category","embeddable":true,"href":"https:\/\/www.notibras.com\/site\/wp-json\/wp\/v2\/categories?post=21253"},{"taxonomy":"post_tag","embeddable":true,"href":"https:\/\/www.notibras.com\/site\/wp-json\/wp\/v2\/tags?post=21253"}],"curies":[{"name":"wp","href":"https:\/\/api.w.org\/{rel}","templated":true}]}}