{"id":21289,"date":"2014-09-02T11:20:43","date_gmt":"2014-09-02T14:20:43","guid":{"rendered":"http:\/\/www.notibras.com\/site\/?p=21289"},"modified":"2014-09-02T11:20:43","modified_gmt":"2014-09-02T14:20:43","slug":"sao-paulo-sem-agua-e-querem-culpar-sao-pedro-pelo-descaso","status":"publish","type":"post","link":"https:\/\/www.notibras.com\/site\/sao-paulo-sem-agua-e-querem-culpar-sao-pedro-pelo-descaso\/","title":{"rendered":"S\u00e3o Paulo sem \u00e1gua. E querem culpar S\u00e3o Pedro pelo descaso"},"content":{"rendered":"<p>Contra fatos n\u00e3o h\u00e1 argumentos. O que acontece atualmente com rela\u00e7\u00e3o ao desabastecimento de \u00e1gua em S\u00e3o Paulo se enquadra na ret\u00f3rica de que uma mentira repetida muitas vezes acaba virando verdade.<\/p>\n<p>O governo paulista insiste em negar que se as obras necess\u00e1rias tivessem sido realizadas poderia ser menos dram\u00e1tica a atual situa\u00e7\u00e3o. E insiste ainda em responsabilizar S\u00e3o Pedro pelo caos evidente. A culpa n\u00e3o \u00e9 da seca! A seca \u00e9 parte do problema, pois desde sempre se soube que ela poderia vir.<\/p>\n<p>Os gestores p\u00fablicos tamb\u00e9m negam que existe racionamento, afirmando que o abastecimento de \u00e1gua est\u00e1 garantido at\u00e9 mar\u00e7o de 2015, apesar de, na pr\u00e1tica, o racionamento existir oficialmente em dezenas de munic\u00edpios.<\/p>\n<p>Em visita ao interior de S\u00e3o Paulo, no inicio de agosto, pude constatar uma situa\u00e7\u00e3o que ainda n\u00e3o tinha me dado conta. A gravidade da crise h\u00eddrica atinge n\u00e3o apenas a regi\u00e3o metropolitana da capital, como a imprensa d\u00e1 a entender ao enfatizar o colapso do sistema Cantareira, mas atinge todo o Estado mais rico da Uni\u00e3o.<\/p>\n<p>Dos 645 munic\u00edpios paulistas, a Sabesp (Companhia de Saneamento B\u00e1sico de S\u00e3o Paulo) \u00e9 respons\u00e1vel por fornecer \u00e1gua a 364, quem somam um total de 27,7 milh\u00f5es de pessoas. Nos outros 281 munic\u00edpios (n\u00e3o abastecidos pela Companhia), o abastecimento de \u00e1gua a 16 milh\u00f5es de pessoas fica a cargo das pr\u00f3prias prefeituras ou de empresas por elas contratadas.<\/p>\n<p>Se, por um lado, a companhia estadual de abastecimento nega haver adotado rod\u00edzio de \u00e1gua em qualquer um dos munic\u00edpios atendidos por ela, inclusive na capital, tal afirma\u00e7\u00e3o \u00e9 logo desmentida pelos usu\u00e1rios que relatam interrup\u00e7\u00f5es no abastecimento, principalmente \u00e0 noite.<\/p>\n<p>Nos munic\u00edpios n\u00e3o atendidos pela Sabesp, medidas restritivas est\u00e3o sendo tomadas por centenas de empresas e gestores locais devido \u00e0 crise. Em Guarulhos, na grande S\u00e3o Paulo, o abastecimento de 1,3 milh\u00f5es de moradores \u00e9 atendido por um servi\u00e7o municipal, o SAAE (Servi\u00e7o Aut\u00f4nomo de \u00c1gua e Esgoto), e seus moradores passam sem \u00e1gua um em cada dois dias.<\/p>\n<p>Em 18 munic\u00edpios, cerca de 2,1 milh\u00f5es de pessoas est\u00e3o submetidas ao racionamento oficial no estado de S\u00e3o Paulo, correspondendo a 5% da popula\u00e7\u00e3o total, segundo levantamento do jornal Folha de S\u00e3o Paulo (11\/Ago). Al\u00e9m do racionamento, medidas de incentivo \u00e0 economia de \u00e1gua t\u00eam sido adotadas, indo desde multas para reprimir o desperd\u00edcio a campanhas com rifas de carro e TV para quem poupar e reduzir o consumo voluntariamente.<\/p>\n<p>O que chama a aten\u00e7\u00e3o de todos, al\u00e9m da dimens\u00e3o estadual da crise h\u00eddrica em S\u00e3o Paulo, \u00e9 a insist\u00eancia dos gestores em negar a exist\u00eancia do racionamento na \u00e1rea de atua\u00e7\u00e3o da Sabesp \u2013 mesmo contestados pelos moradores, que sofrem na pr\u00e1tica com o rod\u00edzio provocado pela companhia, com cortes crescentes no fornecimento de \u00e1gua.<\/p>\n<p>A contrapartida do poder \u00e9 a a\u00e7\u00e3o respons\u00e1vel. E o governo paulista tem se mostrado irrespons\u00e1vel com o seu povo, al\u00e9m de incompetente e med\u00edocre para resolver quest\u00f5es b\u00e1sicas para a sua popula\u00e7\u00e3o. \u00c9 hora de assumir a gravidade da situa\u00e7\u00e3o e dos erros cometidos, e, naturalmente, fazer as obras urgentes e necess\u00e1rias para garantir o fornecimento seguro deste bem fundamental \u00e0 vida.<\/p>\n<p>Chega de hipocrisia, chega de culpar S\u00e3o Pedro que n\u00e3o pode se defender.<\/p>\n<p><strong>Heitor Scalambrini Costa<\/strong><\/p>\n","protected":false},"excerpt":{"rendered":"<p>Contra fatos n\u00e3o h\u00e1 argumentos. O que acontece atualmente com rela\u00e7\u00e3o ao desabastecimento de \u00e1gua em S\u00e3o Paulo se enquadra na ret\u00f3rica de que uma mentira repetida muitas vezes acaba virando verdade. O governo paulista insiste em negar que se as obras necess\u00e1rias tivessem sido realizadas poderia ser menos dram\u00e1tica a atual situa\u00e7\u00e3o. E insiste [&hellip;]<\/p>\n","protected":false},"author":2,"featured_media":21290,"comment_status":"open","ping_status":"closed","sticky":false,"template":"","format":"standard","meta":{"_acf_changed":false,"footnotes":""},"categories":[25],"tags":[],"class_list":["post-21289","post","type-post","status-publish","format-standard","has-post-thumbnail","hentry","category-opina-ai"],"acf":[],"yoast_head":"<!-- This site is optimized with the Yoast SEO plugin v27.5 - https:\/\/yoast.com\/product\/yoast-seo-wordpress\/ -->\n<title>S\u00e3o Paulo sem \u00e1gua. E querem culpar S\u00e3o Pedro pelo descaso - Notibras<\/title>\n<meta name=\"robots\" content=\"index, follow, max-snippet:-1, max-image-preview:large, max-video-preview:-1\" \/>\n<link rel=\"canonical\" href=\"https:\/\/www.notibras.com\/site\/sao-paulo-sem-agua-e-querem-culpar-sao-pedro-pelo-descaso\/\" \/>\n<meta property=\"og:locale\" content=\"pt_BR\" \/>\n<meta property=\"og:type\" content=\"article\" \/>\n<meta property=\"og:title\" content=\"S\u00e3o Paulo sem \u00e1gua. E querem culpar S\u00e3o Pedro pelo descaso - Notibras\" \/>\n<meta property=\"og:description\" content=\"Contra fatos n\u00e3o h\u00e1 argumentos. O que acontece atualmente com rela\u00e7\u00e3o ao desabastecimento de \u00e1gua em S\u00e3o Paulo se enquadra na ret\u00f3rica de que uma mentira repetida muitas vezes acaba virando verdade. O governo paulista insiste em negar que se as obras necess\u00e1rias tivessem sido realizadas poderia ser menos dram\u00e1tica a atual situa\u00e7\u00e3o. E insiste [&hellip;]\" \/>\n<meta property=\"og:url\" content=\"https:\/\/www.notibras.com\/site\/sao-paulo-sem-agua-e-querem-culpar-sao-pedro-pelo-descaso\/\" \/>\n<meta property=\"og:site_name\" content=\"Notibras\" \/>\n<meta property=\"article:publisher\" content=\"https:\/\/www.facebook.com\/notibras\/\" \/>\n<meta property=\"article:published_time\" content=\"2014-09-02T14:20:43+00:00\" \/>\n<meta property=\"og:image\" content=\"https:\/\/www.notibras.com\/site\/wp-content\/uploads\/2014\/09\/\u00e1guasp.jpg\" \/>\n\t<meta property=\"og:image:width\" content=\"652\" \/>\n\t<meta property=\"og:image:height\" content=\"408\" \/>\n\t<meta property=\"og:image:type\" content=\"image\/jpeg\" \/>\n<meta name=\"author\" content=\"Reda\u00e7\u00e3o\" \/>\n<meta name=\"twitter:card\" content=\"summary_large_image\" \/>\n<meta name=\"twitter:creator\" content=\"@Notibras\" \/>\n<meta name=\"twitter:site\" content=\"@Notibras\" \/>\n<meta name=\"twitter:label1\" content=\"Escrito por\" \/>\n\t<meta name=\"twitter:data1\" content=\"Reda\u00e7\u00e3o\" \/>\n\t<meta name=\"twitter:label2\" content=\"Est. tempo de leitura\" \/>\n\t<meta name=\"twitter:data2\" content=\"3 minutos\" \/>\n<script type=\"application\/ld+json\" class=\"yoast-schema-graph\">{\"@context\":\"https:\\\/\\\/schema.org\",\"@graph\":[{\"@type\":\"Article\",\"@id\":\"https:\\\/\\\/www.notibras.com\\\/site\\\/sao-paulo-sem-agua-e-querem-culpar-sao-pedro-pelo-descaso\\\/#article\",\"isPartOf\":{\"@id\":\"https:\\\/\\\/www.notibras.com\\\/site\\\/sao-paulo-sem-agua-e-querem-culpar-sao-pedro-pelo-descaso\\\/\"},\"author\":{\"name\":\"Reda\u00e7\u00e3o\",\"@id\":\"https:\\\/\\\/www.notibras.com\\\/site\\\/#\\\/schema\\\/person\\\/36ab0979449956132d3e5b517ea76ac8\"},\"headline\":\"S\u00e3o Paulo sem \u00e1gua. E querem culpar S\u00e3o Pedro pelo descaso\",\"datePublished\":\"2014-09-02T14:20:43+00:00\",\"mainEntityOfPage\":{\"@id\":\"https:\\\/\\\/www.notibras.com\\\/site\\\/sao-paulo-sem-agua-e-querem-culpar-sao-pedro-pelo-descaso\\\/\"},\"wordCount\":600,\"commentCount\":0,\"publisher\":{\"@id\":\"https:\\\/\\\/www.notibras.com\\\/site\\\/#organization\"},\"image\":{\"@id\":\"https:\\\/\\\/www.notibras.com\\\/site\\\/sao-paulo-sem-agua-e-querem-culpar-sao-pedro-pelo-descaso\\\/#primaryimage\"},\"thumbnailUrl\":\"https:\\\/\\\/www.notibras.com\\\/site\\\/wp-content\\\/uploads\\\/2014\\\/09\\\/\u00e1guasp.jpg\",\"articleSection\":[\"Opina a\u00ed\"],\"inLanguage\":\"pt-BR\",\"potentialAction\":[{\"@type\":\"CommentAction\",\"name\":\"Comment\",\"target\":[\"https:\\\/\\\/www.notibras.com\\\/site\\\/sao-paulo-sem-agua-e-querem-culpar-sao-pedro-pelo-descaso\\\/#respond\"]}]},{\"@type\":\"WebPage\",\"@id\":\"https:\\\/\\\/www.notibras.com\\\/site\\\/sao-paulo-sem-agua-e-querem-culpar-sao-pedro-pelo-descaso\\\/\",\"url\":\"https:\\\/\\\/www.notibras.com\\\/site\\\/sao-paulo-sem-agua-e-querem-culpar-sao-pedro-pelo-descaso\\\/\",\"name\":\"S\u00e3o Paulo sem \u00e1gua. E querem culpar S\u00e3o Pedro pelo descaso - Notibras\",\"isPartOf\":{\"@id\":\"https:\\\/\\\/www.notibras.com\\\/site\\\/#website\"},\"primaryImageOfPage\":{\"@id\":\"https:\\\/\\\/www.notibras.com\\\/site\\\/sao-paulo-sem-agua-e-querem-culpar-sao-pedro-pelo-descaso\\\/#primaryimage\"},\"image\":{\"@id\":\"https:\\\/\\\/www.notibras.com\\\/site\\\/sao-paulo-sem-agua-e-querem-culpar-sao-pedro-pelo-descaso\\\/#primaryimage\"},\"thumbnailUrl\":\"https:\\\/\\\/www.notibras.com\\\/site\\\/wp-content\\\/uploads\\\/2014\\\/09\\\/\u00e1guasp.jpg\",\"datePublished\":\"2014-09-02T14:20:43+00:00\",\"breadcrumb\":{\"@id\":\"https:\\\/\\\/www.notibras.com\\\/site\\\/sao-paulo-sem-agua-e-querem-culpar-sao-pedro-pelo-descaso\\\/#breadcrumb\"},\"inLanguage\":\"pt-BR\",\"potentialAction\":[{\"@type\":\"ReadAction\",\"target\":[\"https:\\\/\\\/www.notibras.com\\\/site\\\/sao-paulo-sem-agua-e-querem-culpar-sao-pedro-pelo-descaso\\\/\"]}]},{\"@type\":\"ImageObject\",\"inLanguage\":\"pt-BR\",\"@id\":\"https:\\\/\\\/www.notibras.com\\\/site\\\/sao-paulo-sem-agua-e-querem-culpar-sao-pedro-pelo-descaso\\\/#primaryimage\",\"url\":\"https:\\\/\\\/www.notibras.com\\\/site\\\/wp-content\\\/uploads\\\/2014\\\/09\\\/\u00e1guasp.jpg\",\"contentUrl\":\"https:\\\/\\\/www.notibras.com\\\/site\\\/wp-content\\\/uploads\\\/2014\\\/09\\\/\u00e1guasp.jpg\",\"width\":652,\"height\":408,\"caption\":\"Foto\\\/Arquivo Notibras\"},{\"@type\":\"BreadcrumbList\",\"@id\":\"https:\\\/\\\/www.notibras.com\\\/site\\\/sao-paulo-sem-agua-e-querem-culpar-sao-pedro-pelo-descaso\\\/#breadcrumb\",\"itemListElement\":[{\"@type\":\"ListItem\",\"position\":1,\"name\":\"In\u00edcio\",\"item\":\"https:\\\/\\\/www.notibras.com\\\/site\\\/\"},{\"@type\":\"ListItem\",\"position\":2,\"name\":\"S\u00e3o Paulo sem \u00e1gua. E querem culpar S\u00e3o Pedro pelo descaso\"}]},{\"@type\":\"WebSite\",\"@id\":\"https:\\\/\\\/www.notibras.com\\\/site\\\/#website\",\"url\":\"https:\\\/\\\/www.notibras.com\\\/site\\\/\",\"name\":\"Notibras\",\"description\":\"Not\u00edcias de Bras\u00edlia, do Brasil e do Mundo\",\"publisher\":{\"@id\":\"https:\\\/\\\/www.notibras.com\\\/site\\\/#organization\"},\"potentialAction\":[{\"@type\":\"SearchAction\",\"target\":{\"@type\":\"EntryPoint\",\"urlTemplate\":\"https:\\\/\\\/www.notibras.com\\\/site\\\/?s={search_term_string}\"},\"query-input\":{\"@type\":\"PropertyValueSpecification\",\"valueRequired\":true,\"valueName\":\"search_term_string\"}}],\"inLanguage\":\"pt-BR\"},{\"@type\":\"Organization\",\"@id\":\"https:\\\/\\\/www.notibras.com\\\/site\\\/#organization\",\"name\":\"Grupo Notibras de Comunica\u00e7\u00e3o\",\"url\":\"https:\\\/\\\/www.notibras.com\\\/site\\\/\",\"logo\":{\"@type\":\"ImageObject\",\"inLanguage\":\"pt-BR\",\"@id\":\"https:\\\/\\\/www.notibras.com\\\/site\\\/#\\\/schema\\\/logo\\\/image\\\/\",\"url\":\"https:\\\/\\\/www.notibras.com\\\/site\\\/wp-content\\\/uploads\\\/2023\\\/01\\\/notibras23.png\",\"contentUrl\":\"https:\\\/\\\/www.notibras.com\\\/site\\\/wp-content\\\/uploads\\\/2023\\\/01\\\/notibras23.png\",\"width\":350,\"height\":87,\"caption\":\"Grupo Notibras de Comunica\u00e7\u00e3o\"},\"image\":{\"@id\":\"https:\\\/\\\/www.notibras.com\\\/site\\\/#\\\/schema\\\/logo\\\/image\\\/\"},\"sameAs\":[\"https:\\\/\\\/www.facebook.com\\\/notibras\\\/\",\"https:\\\/\\\/x.com\\\/Notibras\",\"https:\\\/\\\/www.instagram.com\\\/notibras\\\/\"]},{\"@type\":\"Person\",\"@id\":\"https:\\\/\\\/www.notibras.com\\\/site\\\/#\\\/schema\\\/person\\\/36ab0979449956132d3e5b517ea76ac8\",\"name\":\"Reda\u00e7\u00e3o\",\"image\":{\"@type\":\"ImageObject\",\"inLanguage\":\"pt-BR\",\"@id\":\"https:\\\/\\\/secure.gravatar.com\\\/avatar\\\/e0a867bdedb85fd243eadf09663511f96fc81e0720a4a42581f334ad4303aa6b?s=96&d=mm&r=g\",\"url\":\"https:\\\/\\\/secure.gravatar.com\\\/avatar\\\/e0a867bdedb85fd243eadf09663511f96fc81e0720a4a42581f334ad4303aa6b?s=96&d=mm&r=g\",\"contentUrl\":\"https:\\\/\\\/secure.gravatar.com\\\/avatar\\\/e0a867bdedb85fd243eadf09663511f96fc81e0720a4a42581f334ad4303aa6b?s=96&d=mm&r=g\",\"caption\":\"Reda\u00e7\u00e3o\"}}]}<\/script>\n<!-- \/ Yoast SEO plugin. -->","yoast_head_json":{"title":"S\u00e3o Paulo sem \u00e1gua. E querem culpar S\u00e3o Pedro pelo descaso - Notibras","robots":{"index":"index","follow":"follow","max-snippet":"max-snippet:-1","max-image-preview":"max-image-preview:large","max-video-preview":"max-video-preview:-1"},"canonical":"https:\/\/www.notibras.com\/site\/sao-paulo-sem-agua-e-querem-culpar-sao-pedro-pelo-descaso\/","og_locale":"pt_BR","og_type":"article","og_title":"S\u00e3o Paulo sem \u00e1gua. E querem culpar S\u00e3o Pedro pelo descaso - Notibras","og_description":"Contra fatos n\u00e3o h\u00e1 argumentos. O que acontece atualmente com rela\u00e7\u00e3o ao desabastecimento de \u00e1gua em S\u00e3o Paulo se enquadra na ret\u00f3rica de que uma mentira repetida muitas vezes acaba virando verdade. O governo paulista insiste em negar que se as obras necess\u00e1rias tivessem sido realizadas poderia ser menos dram\u00e1tica a atual situa\u00e7\u00e3o. E insiste [&hellip;]","og_url":"https:\/\/www.notibras.com\/site\/sao-paulo-sem-agua-e-querem-culpar-sao-pedro-pelo-descaso\/","og_site_name":"Notibras","article_publisher":"https:\/\/www.facebook.com\/notibras\/","article_published_time":"2014-09-02T14:20:43+00:00","og_image":[{"width":652,"height":408,"url":"https:\/\/www.notibras.com\/site\/wp-content\/uploads\/2014\/09\/\u00e1guasp.jpg","type":"image\/jpeg"}],"author":"Reda\u00e7\u00e3o","twitter_card":"summary_large_image","twitter_creator":"@Notibras","twitter_site":"@Notibras","twitter_misc":{"Escrito por":"Reda\u00e7\u00e3o","Est. tempo de leitura":"3 minutos"},"schema":{"@context":"https:\/\/schema.org","@graph":[{"@type":"Article","@id":"https:\/\/www.notibras.com\/site\/sao-paulo-sem-agua-e-querem-culpar-sao-pedro-pelo-descaso\/#article","isPartOf":{"@id":"https:\/\/www.notibras.com\/site\/sao-paulo-sem-agua-e-querem-culpar-sao-pedro-pelo-descaso\/"},"author":{"name":"Reda\u00e7\u00e3o","@id":"https:\/\/www.notibras.com\/site\/#\/schema\/person\/36ab0979449956132d3e5b517ea76ac8"},"headline":"S\u00e3o Paulo sem \u00e1gua. E querem culpar S\u00e3o Pedro pelo descaso","datePublished":"2014-09-02T14:20:43+00:00","mainEntityOfPage":{"@id":"https:\/\/www.notibras.com\/site\/sao-paulo-sem-agua-e-querem-culpar-sao-pedro-pelo-descaso\/"},"wordCount":600,"commentCount":0,"publisher":{"@id":"https:\/\/www.notibras.com\/site\/#organization"},"image":{"@id":"https:\/\/www.notibras.com\/site\/sao-paulo-sem-agua-e-querem-culpar-sao-pedro-pelo-descaso\/#primaryimage"},"thumbnailUrl":"https:\/\/www.notibras.com\/site\/wp-content\/uploads\/2014\/09\/\u00e1guasp.jpg","articleSection":["Opina a\u00ed"],"inLanguage":"pt-BR","potentialAction":[{"@type":"CommentAction","name":"Comment","target":["https:\/\/www.notibras.com\/site\/sao-paulo-sem-agua-e-querem-culpar-sao-pedro-pelo-descaso\/#respond"]}]},{"@type":"WebPage","@id":"https:\/\/www.notibras.com\/site\/sao-paulo-sem-agua-e-querem-culpar-sao-pedro-pelo-descaso\/","url":"https:\/\/www.notibras.com\/site\/sao-paulo-sem-agua-e-querem-culpar-sao-pedro-pelo-descaso\/","name":"S\u00e3o Paulo sem \u00e1gua. E querem culpar S\u00e3o Pedro pelo descaso - Notibras","isPartOf":{"@id":"https:\/\/www.notibras.com\/site\/#website"},"primaryImageOfPage":{"@id":"https:\/\/www.notibras.com\/site\/sao-paulo-sem-agua-e-querem-culpar-sao-pedro-pelo-descaso\/#primaryimage"},"image":{"@id":"https:\/\/www.notibras.com\/site\/sao-paulo-sem-agua-e-querem-culpar-sao-pedro-pelo-descaso\/#primaryimage"},"thumbnailUrl":"https:\/\/www.notibras.com\/site\/wp-content\/uploads\/2014\/09\/\u00e1guasp.jpg","datePublished":"2014-09-02T14:20:43+00:00","breadcrumb":{"@id":"https:\/\/www.notibras.com\/site\/sao-paulo-sem-agua-e-querem-culpar-sao-pedro-pelo-descaso\/#breadcrumb"},"inLanguage":"pt-BR","potentialAction":[{"@type":"ReadAction","target":["https:\/\/www.notibras.com\/site\/sao-paulo-sem-agua-e-querem-culpar-sao-pedro-pelo-descaso\/"]}]},{"@type":"ImageObject","inLanguage":"pt-BR","@id":"https:\/\/www.notibras.com\/site\/sao-paulo-sem-agua-e-querem-culpar-sao-pedro-pelo-descaso\/#primaryimage","url":"https:\/\/www.notibras.com\/site\/wp-content\/uploads\/2014\/09\/\u00e1guasp.jpg","contentUrl":"https:\/\/www.notibras.com\/site\/wp-content\/uploads\/2014\/09\/\u00e1guasp.jpg","width":652,"height":408,"caption":"Foto\/Arquivo Notibras"},{"@type":"BreadcrumbList","@id":"https:\/\/www.notibras.com\/site\/sao-paulo-sem-agua-e-querem-culpar-sao-pedro-pelo-descaso\/#breadcrumb","itemListElement":[{"@type":"ListItem","position":1,"name":"In\u00edcio","item":"https:\/\/www.notibras.com\/site\/"},{"@type":"ListItem","position":2,"name":"S\u00e3o Paulo sem \u00e1gua. E querem culpar S\u00e3o Pedro pelo descaso"}]},{"@type":"WebSite","@id":"https:\/\/www.notibras.com\/site\/#website","url":"https:\/\/www.notibras.com\/site\/","name":"Notibras","description":"Not\u00edcias de Bras\u00edlia, do Brasil e do Mundo","publisher":{"@id":"https:\/\/www.notibras.com\/site\/#organization"},"potentialAction":[{"@type":"SearchAction","target":{"@type":"EntryPoint","urlTemplate":"https:\/\/www.notibras.com\/site\/?s={search_term_string}"},"query-input":{"@type":"PropertyValueSpecification","valueRequired":true,"valueName":"search_term_string"}}],"inLanguage":"pt-BR"},{"@type":"Organization","@id":"https:\/\/www.notibras.com\/site\/#organization","name":"Grupo Notibras de Comunica\u00e7\u00e3o","url":"https:\/\/www.notibras.com\/site\/","logo":{"@type":"ImageObject","inLanguage":"pt-BR","@id":"https:\/\/www.notibras.com\/site\/#\/schema\/logo\/image\/","url":"https:\/\/www.notibras.com\/site\/wp-content\/uploads\/2023\/01\/notibras23.png","contentUrl":"https:\/\/www.notibras.com\/site\/wp-content\/uploads\/2023\/01\/notibras23.png","width":350,"height":87,"caption":"Grupo Notibras de Comunica\u00e7\u00e3o"},"image":{"@id":"https:\/\/www.notibras.com\/site\/#\/schema\/logo\/image\/"},"sameAs":["https:\/\/www.facebook.com\/notibras\/","https:\/\/x.com\/Notibras","https:\/\/www.instagram.com\/notibras\/"]},{"@type":"Person","@id":"https:\/\/www.notibras.com\/site\/#\/schema\/person\/36ab0979449956132d3e5b517ea76ac8","name":"Reda\u00e7\u00e3o","image":{"@type":"ImageObject","inLanguage":"pt-BR","@id":"https:\/\/secure.gravatar.com\/avatar\/e0a867bdedb85fd243eadf09663511f96fc81e0720a4a42581f334ad4303aa6b?s=96&d=mm&r=g","url":"https:\/\/secure.gravatar.com\/avatar\/e0a867bdedb85fd243eadf09663511f96fc81e0720a4a42581f334ad4303aa6b?s=96&d=mm&r=g","contentUrl":"https:\/\/secure.gravatar.com\/avatar\/e0a867bdedb85fd243eadf09663511f96fc81e0720a4a42581f334ad4303aa6b?s=96&d=mm&r=g","caption":"Reda\u00e7\u00e3o"}}]}},"amp_enabled":true,"_links":{"self":[{"href":"https:\/\/www.notibras.com\/site\/wp-json\/wp\/v2\/posts\/21289","targetHints":{"allow":["GET"]}}],"collection":[{"href":"https:\/\/www.notibras.com\/site\/wp-json\/wp\/v2\/posts"}],"about":[{"href":"https:\/\/www.notibras.com\/site\/wp-json\/wp\/v2\/types\/post"}],"author":[{"embeddable":true,"href":"https:\/\/www.notibras.com\/site\/wp-json\/wp\/v2\/users\/2"}],"replies":[{"embeddable":true,"href":"https:\/\/www.notibras.com\/site\/wp-json\/wp\/v2\/comments?post=21289"}],"version-history":[{"count":0,"href":"https:\/\/www.notibras.com\/site\/wp-json\/wp\/v2\/posts\/21289\/revisions"}],"wp:featuredmedia":[{"embeddable":true,"href":"https:\/\/www.notibras.com\/site\/wp-json\/wp\/v2\/media\/21290"}],"wp:attachment":[{"href":"https:\/\/www.notibras.com\/site\/wp-json\/wp\/v2\/media?parent=21289"}],"wp:term":[{"taxonomy":"category","embeddable":true,"href":"https:\/\/www.notibras.com\/site\/wp-json\/wp\/v2\/categories?post=21289"},{"taxonomy":"post_tag","embeddable":true,"href":"https:\/\/www.notibras.com\/site\/wp-json\/wp\/v2\/tags?post=21289"}],"curies":[{"name":"wp","href":"https:\/\/api.w.org\/{rel}","templated":true}]}}