{"id":21310,"date":"2014-09-02T16:10:23","date_gmt":"2014-09-02T19:10:23","guid":{"rendered":"http:\/\/www.notibras.com\/site\/?p=21310"},"modified":"2014-09-03T09:35:11","modified_gmt":"2014-09-03T12:35:11","slug":"senado-tenta-derrubar-revista-intima-de-empregado-no-local-de-trabalho","status":"publish","type":"post","link":"https:\/\/www.notibras.com\/site\/senado-tenta-derrubar-revista-intima-de-empregado-no-local-de-trabalho\/","title":{"rendered":"Senado tenta derrubar revistas \u00edntimas do empregado no trabalho"},"content":{"rendered":"<p>Um projeto aprovado nesta ter\u00e7a-feira (2) pela Comiss\u00e3o de Constitui\u00e7\u00e3o e Justi\u00e7a (CCJ) do Senado determina que as empresas privadas, os \u00f3rg\u00e3os p\u00fablicos e as entidades da administra\u00e7\u00e3o p\u00fablica e indireta est\u00e3o proibidos de adotar qualquer pr\u00e1tica de revista \u00edntima de suas funcion\u00e1rias e de clientes do sexo feminino. O projeto ainda precisa ser votado no plen\u00e1rio da Casa.<\/p>\n<p>\u201cObservemos que se considera revista \u00edntima a coer\u00e7\u00e3o para se despir ou qualquer ato de molestamento f\u00edsico que exponha o corpo. Assim, se houver revista, esta tem de ser discreta, com urbanidade e civilidade, sem expor o empregado. N\u00e3o pode ser exigido do empregado, ou do cliente, despir-se ou mostrar partes \u00edntimas do corpo e do vestu\u00e1rio. Hoje, ressalte-se, o Tribunal Superior do Trabalho (TST) entende que se houver revista \u00edntima, expondo o trabalhador \u00e0 situa\u00e7\u00e3o vexat\u00f3ria, cabe indeniza\u00e7\u00e3o por danos morais\u201d, diz um trecho do relat\u00f3rio da senadora Ana Rita (PT-ES).<\/p>\n<blockquote><p>Por sugest\u00e3o da relatora a multa em caso de descumprimento da determina\u00e7\u00e3o ser\u00e1\u00a0 equivalente a 30 sal\u00e1rios m\u00ednimos (R$ 21.720). Al\u00e9m de cobran\u00e7a da multa em dobro em caso de reincid\u00eancia, o texto estabelece ainda que os recursos arrecadados ser\u00e3o destinados a \u00f3rg\u00e3os de prote\u00e7\u00e3o dos direitos da mulher.<\/p><\/blockquote>\n","protected":false},"excerpt":{"rendered":"<p>Um projeto aprovado nesta ter\u00e7a-feira (2) pela Comiss\u00e3o de Constitui\u00e7\u00e3o e Justi\u00e7a (CCJ) do Senado determina que as empresas privadas, os \u00f3rg\u00e3os p\u00fablicos e as entidades da administra\u00e7\u00e3o p\u00fablica e indireta est\u00e3o proibidos de adotar qualquer pr\u00e1tica de revista \u00edntima de suas funcion\u00e1rias e de clientes do sexo feminino. O projeto ainda precisa ser votado [&hellip;]<\/p>\n","protected":false},"author":2,"featured_media":21311,"comment_status":"open","ping_status":"closed","sticky":false,"template":"","format":"standard","meta":{"_acf_changed":false,"footnotes":""},"categories":[16],"tags":[],"class_list":["post-21310","post","type-post","status-publish","format-standard","has-post-thumbnail","hentry","category-brasil"],"acf":[],"_links":{"self":[{"href":"https:\/\/www.notibras.com\/site\/wp-json\/wp\/v2\/posts\/21310","targetHints":{"allow":["GET"]}}],"collection":[{"href":"https:\/\/www.notibras.com\/site\/wp-json\/wp\/v2\/posts"}],"about":[{"href":"https:\/\/www.notibras.com\/site\/wp-json\/wp\/v2\/types\/post"}],"author":[{"embeddable":true,"href":"https:\/\/www.notibras.com\/site\/wp-json\/wp\/v2\/users\/2"}],"replies":[{"embeddable":true,"href":"https:\/\/www.notibras.com\/site\/wp-json\/wp\/v2\/comments?post=21310"}],"version-history":[{"count":0,"href":"https:\/\/www.notibras.com\/site\/wp-json\/wp\/v2\/posts\/21310\/revisions"}],"wp:featuredmedia":[{"embeddable":true,"href":"https:\/\/www.notibras.com\/site\/wp-json\/wp\/v2\/media\/21311"}],"wp:attachment":[{"href":"https:\/\/www.notibras.com\/site\/wp-json\/wp\/v2\/media?parent=21310"}],"wp:term":[{"taxonomy":"category","embeddable":true,"href":"https:\/\/www.notibras.com\/site\/wp-json\/wp\/v2\/categories?post=21310"},{"taxonomy":"post_tag","embeddable":true,"href":"https:\/\/www.notibras.com\/site\/wp-json\/wp\/v2\/tags?post=21310"}],"curies":[{"name":"wp","href":"https:\/\/api.w.org\/{rel}","templated":true}]}}