{"id":21343,"date":"2014-09-03T09:28:42","date_gmt":"2014-09-03T12:28:42","guid":{"rendered":"http:\/\/www.notibras.com\/site\/?p=21343"},"modified":"2014-09-05T09:18:44","modified_gmt":"2014-09-05T12:18:44","slug":"infeccoes-por-ebola-aumentam-e-virus-pode-vencer-fronteira-da-africa","status":"publish","type":"post","link":"https:\/\/www.notibras.com\/site\/infeccoes-por-ebola-aumentam-e-virus-pode-vencer-fronteira-da-africa\/","title":{"rendered":"Infec\u00e7\u00f5es por ebola aumentam podem vencer fronteira africana"},"content":{"rendered":"<p>Organiza\u00e7\u00e3o das Na\u00e7\u00f5es Unidas (ONU) informou, nessa ter\u00e7a-feira, que as infec\u00e7\u00f5es por ebola est\u00e3o aumentando a cada dia e que \u00e9 poss\u00edvel que surjam novos casos em pa\u00edses onde a doen\u00e7a ainda n\u00e3o chegou.<\/p>\n<p class=\"text\">A informa\u00e7\u00e3o foi dada pelo coordenador da ONU para o ebola, David Nabarro. Tamb\u00e9m ontem, o presidente dos Estados Unidos, Barack Obama, divulgou uma mensagem no Youtube sobre a epidemia do v\u00edrus, dizendo que conter o ebola n\u00e3o ser\u00e1 uma tarefa f\u00e1cil.<\/p>\n<blockquote>\n<p class=\"text\">&#8220;Conter o avan\u00e7o dessa doen\u00e7a n\u00e3o ser\u00e1 f\u00e1cil, mas sabemos como fazer isso&#8221;, disse ele na mensagem enviada aos pa\u00edses do Oeste africano. O v\u00eddeo foi divulgado horas antes da reuni\u00e3o entre David Nabarro, a diretora-geral da Organiza\u00e7\u00e3o Mundial da Sa\u00fade, Margaret Chan, e o secret\u00e1rio-geral adjunto da ONU, Jan Eliasson.<\/p>\n<\/blockquote>\n<p class=\"text\">Para as Na\u00e7\u00f5es Unidas, ser\u00e1 complicado combater a prolifera\u00e7\u00e3o do v\u00edrus. Segundo Nabarro, ser\u00e1 muito dif\u00edcil definir os passos a serem tomados para controlar a epidemia de ebola. Ele defendeu uma coordena\u00e7\u00e3o mundial para lidar com a doen\u00e7a.<\/p>\n<p class=\"text\">&#8220;N\u00e3o podemos aceitar a ideia de que perdemos a batalha contra o ebola. Temos de reagir de maneira forte, porque a doen\u00e7a est\u00e1 avan\u00e7ando mais depressa que os nossos esfor\u00e7os\u201d, acrescentou, lembrando que, na \u00faltima semana, o n\u00famero de infectados na Guin\u00e9, em Serra Leoa e na Lib\u00e9ria superou os 3,5 mil, com mais de 1,5 mil mortes.<\/p>\n<p class=\"text\">A ONU voltou a recomendar que os cuidados b\u00e1sicos de sa\u00fade nos pa\u00edses afetados sejam mantidos, bem como as condi\u00e7\u00f5es hospitalares e o tratamento adequado para os pacientes.<\/p>\n<p class=\"text\">A mesma recomenda\u00e7\u00e3o foi feita por Obama em v\u00eddeo direcionado aos pa\u00edses mais afetados.<\/p>\n<p class=\"text\">Nabarro reiterou a necessidade de as linhas \u00e1reas internacionais restabelecerem os seus voos para os pa\u00edses atingidos, a fim de facilitar o trabalho de socorro.<\/p>\n<blockquote>\n<p class=\"text\">Para a OMS, este \u00e9 o maior surto da hist\u00f3ria desde a descoberta do v\u00edrus em 1976. Entretanto, a diretora-geral pediu que o &#8220;alarmismo&#8221; seja evitado, sem deixar de destacar a necessidade da preven\u00e7\u00e3o\u00a0 bem feita. &#8220;Uma pessoa com suspeita de contamina\u00e7\u00e3o n\u00e3o pode viajar&#8221;, defendeu Margaret Chan.<\/p>\n<\/blockquote>\n<p class=\"text\">Ela tamb\u00e9m pediu que sejam aceleradas as pesquisas que trabalham na descoberta de uma vacina. &#8220;H\u00e1 duas ou tr\u00eas vacinas potenciais e \u00e9 importante que a comunidade cient\u00edfica una as suas for\u00e7as nesta situa\u00e7\u00e3o sem precedentes. Temos de acelerar os testes experimentais e utiliz\u00e1-los de forma eticamente aceit\u00e1vel antes que passem a ser produzidos de forma industrial\u201d.<\/p>\n<p class=\"text\">Na semana passada, o governo americano anunciou que vai come\u00e7ar neste m\u00eas os testes em humanos de uma vacina contra o v\u00edrus.<\/p>\n","protected":false},"excerpt":{"rendered":"<p>Organiza\u00e7\u00e3o das Na\u00e7\u00f5es Unidas (ONU) informou, nessa ter\u00e7a-feira, que as infec\u00e7\u00f5es por ebola est\u00e3o aumentando a cada dia e que \u00e9 poss\u00edvel que surjam novos casos em pa\u00edses onde a doen\u00e7a ainda n\u00e3o chegou. A informa\u00e7\u00e3o foi dada pelo coordenador da ONU para o ebola, David Nabarro. Tamb\u00e9m ontem, o presidente dos Estados Unidos, Barack [&hellip;]<\/p>\n","protected":false},"author":2,"featured_media":21344,"comment_status":"open","ping_status":"closed","sticky":false,"template":"","format":"standard","meta":{"_acf_changed":false,"footnotes":""},"categories":[17],"tags":[],"class_list":["post-21343","post","type-post","status-publish","format-standard","has-post-thumbnail","hentry","category-mundo"],"acf":[],"_links":{"self":[{"href":"https:\/\/www.notibras.com\/site\/wp-json\/wp\/v2\/posts\/21343","targetHints":{"allow":["GET"]}}],"collection":[{"href":"https:\/\/www.notibras.com\/site\/wp-json\/wp\/v2\/posts"}],"about":[{"href":"https:\/\/www.notibras.com\/site\/wp-json\/wp\/v2\/types\/post"}],"author":[{"embeddable":true,"href":"https:\/\/www.notibras.com\/site\/wp-json\/wp\/v2\/users\/2"}],"replies":[{"embeddable":true,"href":"https:\/\/www.notibras.com\/site\/wp-json\/wp\/v2\/comments?post=21343"}],"version-history":[{"count":0,"href":"https:\/\/www.notibras.com\/site\/wp-json\/wp\/v2\/posts\/21343\/revisions"}],"wp:featuredmedia":[{"embeddable":true,"href":"https:\/\/www.notibras.com\/site\/wp-json\/wp\/v2\/media\/21344"}],"wp:attachment":[{"href":"https:\/\/www.notibras.com\/site\/wp-json\/wp\/v2\/media?parent=21343"}],"wp:term":[{"taxonomy":"category","embeddable":true,"href":"https:\/\/www.notibras.com\/site\/wp-json\/wp\/v2\/categories?post=21343"},{"taxonomy":"post_tag","embeddable":true,"href":"https:\/\/www.notibras.com\/site\/wp-json\/wp\/v2\/tags?post=21343"}],"curies":[{"name":"wp","href":"https:\/\/api.w.org\/{rel}","templated":true}]}}