{"id":21351,"date":"2014-09-03T09:41:02","date_gmt":"2014-09-03T12:41:02","guid":{"rendered":"http:\/\/www.notibras.com\/site\/?p=21351"},"modified":"2014-09-04T00:35:23","modified_gmt":"2014-09-04T03:35:23","slug":"redes-sociais-entram-em-acao-para-retomar-atos-no-7-de-setembro","status":"publish","type":"post","link":"https:\/\/www.notibras.com\/site\/redes-sociais-entram-em-acao-para-retomar-atos-no-7-de-setembro\/","title":{"rendered":"Redes sociais entram em a\u00e7\u00e3o para atos no 7 de Setembro"},"content":{"rendered":"<p>As manifesta\u00e7\u00f5es que ocorreram com grande intensidade no ano passado e in\u00edcio deste ano em todo o pa\u00eds ser\u00e3o lembradas este ano no 20\u00ba Grito dos Exclu\u00eddos, evento que ocorre em todo feriado de 7 de Setembro e \u00e9 organizado por movimentos sociais e pelas pastorais cat\u00f3licas. Este ano, o lema do Grito dos Exclu\u00eddos \u00e9 &#8220;Ocupar ruas e pra\u00e7as por liberdades e direitos&#8221;.<\/p>\n<p>Segundo dom Pedro Luiz Stringhini, bispo da Diocese de Mogi das Cruzes (SP), o lema deste ano lembra os protestos ocorridos em 2013. &#8220;Esses atos trouxeram de volta a import\u00e2ncia de o povo se manifestar. Elas foram prejudicadas por grupos violentos que entraram para atrapalhar, mas isso n\u00e3o significa que o povo n\u00e3o deve se manifestar. E ele deve se manifestar nas ruas, nas elei\u00e7\u00f5es e, sobretudo, no dia a dia, nas associa\u00e7\u00f5es de bairro, por exemplo, que \u00e9 tamb\u00e9m a forma mais dif\u00edcil porque exige mais perseveran\u00e7a\u201d.<\/p>\n<p>Na capital paulista, o ato ter\u00e1 in\u00edcio \u00e0s 9h com uma missa que ser\u00e1 celebrada na Catedral da S\u00e9, seguida por uma caminhada at\u00e9 o Parque da Independ\u00eancia, no Ipiranga. Segundo Rosilene Wansetto, da Coordena\u00e7\u00e3o Nacional do Grito dos Exclu\u00eddos, o evento \u00e9 celebrado em mais de mil cidades de todo o pa\u00eds.<\/p>\n<p>\u201cTemos que ocupar os espa\u00e7os, as pra\u00e7as e, principalmente, as ruas. A rua \u00e9 o lugar onde o povo deve estar e que nunca poderia ter deixado ap\u00f3s as manifesta\u00e7\u00f5es de junho\u201d, falou D\u00e9bora Maria da Silva, coordenadora do Movimento M\u00e3es de Maio.<\/p>\n<p>De acordo com Rosilene, o grito pretende estimular a volta das pessoas \u00e0s ruas, apesar de v\u00e1rias cidades terem reprimido as manifesta\u00e7\u00f5es. \u201cA repress\u00e3o e a viol\u00eancia por parte do Estado nos fazem recuar e foi o que ocorreu durante a Copa do Mundo. Muita gente foi presa e sofreu com a repress\u00e3o policial. Mas a rua \u00e9 nossa, a rua \u00e9 do povo. \u00c9 onde fazemos pol\u00edtica\u201d, disse.<\/p>\n<p>Para ela, as grandes mudan\u00e7as no pa\u00eds s\u00e3o feitas n\u00e3o pelo voto, mas pelas ruas. \u201cO voto acaba sendo uma ferramenta importante, mas a mudan\u00e7a realmente acontece nas ruas, do grito que est\u00e1 nas ruas\u201d, ressaltou.<\/p>\n<p>Paralelamente ao Grito dos Exclu\u00eddos ser\u00e1 realizada a 27\u00aa Romaria dos Trabalhadores e das Trabalhadoras, que tem como lema &#8220;M\u00e3e negra Aparecida, padroeira deste ch\u00e3o, o povo trabalhador n\u00e3o aceita escravid\u00e3o&#8221;, que \u00e9 promovida pela Pastoral Oper\u00e1ria, com o apoio do Servi\u00e7o Pastoral do Migrante. O evento ter\u00e1 in\u00edcio \u00e0s 7h, com uma caminhada que sair\u00e1 do Porto Itagua\u00e7u, em Aparecida (SP), com destino ao Santu\u00e1rio de Aparecida.<\/p>\n<div class=\"node-info\"><strong>Elaine Patricia Cruz, ABr<\/strong><\/div>\n","protected":false},"excerpt":{"rendered":"<p>As manifesta\u00e7\u00f5es que ocorreram com grande intensidade no ano passado e in\u00edcio deste ano em todo o pa\u00eds ser\u00e3o lembradas este ano no 20\u00ba Grito dos Exclu\u00eddos, evento que ocorre em todo feriado de 7 de Setembro e \u00e9 organizado por movimentos sociais e pelas pastorais cat\u00f3licas. Este ano, o lema do Grito dos Exclu\u00eddos [&hellip;]<\/p>\n","protected":false},"author":2,"featured_media":21352,"comment_status":"open","ping_status":"closed","sticky":false,"template":"","format":"standard","meta":{"_acf_changed":false,"footnotes":""},"categories":[16],"tags":[],"class_list":["post-21351","post","type-post","status-publish","format-standard","has-post-thumbnail","hentry","category-brasil"],"acf":[],"_links":{"self":[{"href":"https:\/\/www.notibras.com\/site\/wp-json\/wp\/v2\/posts\/21351","targetHints":{"allow":["GET"]}}],"collection":[{"href":"https:\/\/www.notibras.com\/site\/wp-json\/wp\/v2\/posts"}],"about":[{"href":"https:\/\/www.notibras.com\/site\/wp-json\/wp\/v2\/types\/post"}],"author":[{"embeddable":true,"href":"https:\/\/www.notibras.com\/site\/wp-json\/wp\/v2\/users\/2"}],"replies":[{"embeddable":true,"href":"https:\/\/www.notibras.com\/site\/wp-json\/wp\/v2\/comments?post=21351"}],"version-history":[{"count":0,"href":"https:\/\/www.notibras.com\/site\/wp-json\/wp\/v2\/posts\/21351\/revisions"}],"wp:featuredmedia":[{"embeddable":true,"href":"https:\/\/www.notibras.com\/site\/wp-json\/wp\/v2\/media\/21352"}],"wp:attachment":[{"href":"https:\/\/www.notibras.com\/site\/wp-json\/wp\/v2\/media?parent=21351"}],"wp:term":[{"taxonomy":"category","embeddable":true,"href":"https:\/\/www.notibras.com\/site\/wp-json\/wp\/v2\/categories?post=21351"},{"taxonomy":"post_tag","embeddable":true,"href":"https:\/\/www.notibras.com\/site\/wp-json\/wp\/v2\/tags?post=21351"}],"curies":[{"name":"wp","href":"https:\/\/api.w.org\/{rel}","templated":true}]}}