{"id":21354,"date":"2014-09-03T07:51:26","date_gmt":"2014-09-03T10:51:26","guid":{"rendered":"http:\/\/www.notibras.com\/site\/?p=21354"},"modified":"2014-09-03T09:55:55","modified_gmt":"2014-09-03T12:55:55","slug":"fuincionarios-e-professores-denunciam-desmonte-da-usp","status":"publish","type":"post","link":"https:\/\/www.notibras.com\/site\/fuincionarios-e-professores-denunciam-desmonte-da-usp\/","title":{"rendered":"Funcion\u00e1rios e professores denunciam desmonte da USP"},"content":{"rendered":"<p>Funcion\u00e1rios e professores da Universidade de S\u00e3o Paulo (USP) fizeram na Cidade Universit\u00e1ria, um ato em defesa da universidade p\u00fablica. A Associa\u00e7\u00e3o dos Docentes da Universidade de S\u00e3o Paulo (Adusp) criticou, em um manifesto, as a\u00e7\u00f5es adotadas pela reitoria.<\/p>\n<p>\u201cA reitoria da USP \u2013 de modo a\u00e7odado, n\u00e3o transparente e sem nenhuma negocia\u00e7\u00e3o com a comunidade universit\u00e1ria \u2013 prop\u00f5e medidas que indicam o in\u00edcio de um processo de desmonte da USP. Desde o come\u00e7o do ano, a administra\u00e7\u00e3o central promove a desvaloriza\u00e7\u00e3o dos sal\u00e1rios de seus servidores e amea\u00e7a o regime de dedica\u00e7\u00e3o integral \u00e0 doc\u00eancia e \u00e0 pesquisa. Agora prop\u00f5e um plano de demiss\u00e3o volunt\u00e1ria\u201d, diz o texto.<\/p>\n<blockquote><p>Professores, funcion\u00e1rios e estudantes cobraram ainda o aumento de recursos para a universidade, que poderia ser feito, por exemplo, pela eleva\u00e7\u00e3o do percentual da quota-parte do Imposto sobre Circula\u00e7\u00e3o de Mercadorias e Servi\u00e7os (ICMS) que o estado destina \u00e0s universidades.<\/p><\/blockquote>\n<p>Segundo o reitor Marco Antonio Zago, quest\u00f5es pontuais sobre o repasse do ICMS est\u00e3o sendo negociadas com o governo do estado, mas os recursos envolvidos representam uma fra\u00e7\u00e3o muito pequena da necessidade atual da USP. J\u00e1 a eleva\u00e7\u00e3o da cota atual, de 9,57% do ICMS repassado \u00e0s universidades estaduais, depende, segundo Zago, de decis\u00e3o mais ampla, que envolva a sociedade.<\/p>\n<p>\u201cEla depende da vis\u00e3o do estado de S\u00e3o Paulo e da popula\u00e7\u00e3o de como devem ser gastos os recursos do ICMS. N\u00e3o depende dos reitores e n\u00e3o \u00e9 exclusiva do governado; depende da Assembleia Legislativa. Claro que as universidades querem. Mas eu entendo que isso tem de ser feito em contexto mais amplo, as universidades t\u00eam de dizer o que pretendem fazer em termos de amplia\u00e7\u00e3o de sua atividade-fim dentro do estado\u201d, disse.<\/p>\n","protected":false},"excerpt":{"rendered":"<p>Funcion\u00e1rios e professores da Universidade de S\u00e3o Paulo (USP) fizeram na Cidade Universit\u00e1ria, um ato em defesa da universidade p\u00fablica. A Associa\u00e7\u00e3o dos Docentes da Universidade de S\u00e3o Paulo (Adusp) criticou, em um manifesto, as a\u00e7\u00f5es adotadas pela reitoria. \u201cA reitoria da USP \u2013 de modo a\u00e7odado, n\u00e3o transparente e sem nenhuma negocia\u00e7\u00e3o com a [&hellip;]<\/p>\n","protected":false},"author":2,"featured_media":21355,"comment_status":"open","ping_status":"closed","sticky":false,"template":"","format":"standard","meta":{"_acf_changed":false,"footnotes":""},"categories":[16],"tags":[],"class_list":["post-21354","post","type-post","status-publish","format-standard","has-post-thumbnail","hentry","category-brasil"],"acf":[],"_links":{"self":[{"href":"https:\/\/www.notibras.com\/site\/wp-json\/wp\/v2\/posts\/21354","targetHints":{"allow":["GET"]}}],"collection":[{"href":"https:\/\/www.notibras.com\/site\/wp-json\/wp\/v2\/posts"}],"about":[{"href":"https:\/\/www.notibras.com\/site\/wp-json\/wp\/v2\/types\/post"}],"author":[{"embeddable":true,"href":"https:\/\/www.notibras.com\/site\/wp-json\/wp\/v2\/users\/2"}],"replies":[{"embeddable":true,"href":"https:\/\/www.notibras.com\/site\/wp-json\/wp\/v2\/comments?post=21354"}],"version-history":[{"count":0,"href":"https:\/\/www.notibras.com\/site\/wp-json\/wp\/v2\/posts\/21354\/revisions"}],"wp:featuredmedia":[{"embeddable":true,"href":"https:\/\/www.notibras.com\/site\/wp-json\/wp\/v2\/media\/21355"}],"wp:attachment":[{"href":"https:\/\/www.notibras.com\/site\/wp-json\/wp\/v2\/media?parent=21354"}],"wp:term":[{"taxonomy":"category","embeddable":true,"href":"https:\/\/www.notibras.com\/site\/wp-json\/wp\/v2\/categories?post=21354"},{"taxonomy":"post_tag","embeddable":true,"href":"https:\/\/www.notibras.com\/site\/wp-json\/wp\/v2\/tags?post=21354"}],"curies":[{"name":"wp","href":"https:\/\/api.w.org\/{rel}","templated":true}]}}