{"id":21369,"date":"2014-09-03T12:36:39","date_gmt":"2014-09-03T15:36:39","guid":{"rendered":"http:\/\/www.notibras.com\/site\/?p=21369"},"modified":"2014-09-03T12:36:39","modified_gmt":"2014-09-03T15:36:39","slug":"retrato-do-desanimo-de-quem-nocauteado-nao-se-levanta","status":"publish","type":"post","link":"https:\/\/www.notibras.com\/site\/retrato-do-desanimo-de-quem-nocauteado-nao-se-levanta\/","title":{"rendered":"Retrato do des\u00e2nimo. De quem, nocauteado, n\u00e3o se levanta"},"content":{"rendered":"<p>Uma imagem vale mais que qualquer palavra. E a foto de Agnelo Queiroz estampada no Correio Braziliense desta quarta-feira 3, diz tudo. O governador que tenta mais um mandato no Pal\u00e1cio do Buriti j\u00e1 n\u00e3o alimenta qualquer esperan\u00e7a. A campanha est\u00e1 t\u00e3o perdida quanto o olhar dele.<\/p>\n","protected":false},"excerpt":{"rendered":"<p>Uma imagem vale mais que qualquer palavra. E a foto de Agnelo Queiroz estampada no Correio Braziliense desta quarta-feira 3, diz tudo. O governador que tenta mais um mandato no Pal\u00e1cio do Buriti j\u00e1 n\u00e3o alimenta qualquer esperan\u00e7a. A campanha est\u00e1 t\u00e3o perdida quanto o olhar dele.<\/p>\n","protected":false},"author":2,"featured_media":21370,"comment_status":"open","ping_status":"closed","sticky":false,"template":"","format":"standard","meta":{"_acf_changed":false,"footnotes":""},"categories":[26],"tags":[],"class_list":["post-21369","post","type-post","status-publish","format-standard","has-post-thumbnail","hentry","category-eleicoes-2022"],"acf":[],"_links":{"self":[{"href":"https:\/\/www.notibras.com\/site\/wp-json\/wp\/v2\/posts\/21369","targetHints":{"allow":["GET"]}}],"collection":[{"href":"https:\/\/www.notibras.com\/site\/wp-json\/wp\/v2\/posts"}],"about":[{"href":"https:\/\/www.notibras.com\/site\/wp-json\/wp\/v2\/types\/post"}],"author":[{"embeddable":true,"href":"https:\/\/www.notibras.com\/site\/wp-json\/wp\/v2\/users\/2"}],"replies":[{"embeddable":true,"href":"https:\/\/www.notibras.com\/site\/wp-json\/wp\/v2\/comments?post=21369"}],"version-history":[{"count":0,"href":"https:\/\/www.notibras.com\/site\/wp-json\/wp\/v2\/posts\/21369\/revisions"}],"wp:featuredmedia":[{"embeddable":true,"href":"https:\/\/www.notibras.com\/site\/wp-json\/wp\/v2\/media\/21370"}],"wp:attachment":[{"href":"https:\/\/www.notibras.com\/site\/wp-json\/wp\/v2\/media?parent=21369"}],"wp:term":[{"taxonomy":"category","embeddable":true,"href":"https:\/\/www.notibras.com\/site\/wp-json\/wp\/v2\/categories?post=21369"},{"taxonomy":"post_tag","embeddable":true,"href":"https:\/\/www.notibras.com\/site\/wp-json\/wp\/v2\/tags?post=21369"}],"curies":[{"name":"wp","href":"https:\/\/api.w.org\/{rel}","templated":true}]}}