{"id":214004,"date":"2019-08-23T00:43:54","date_gmt":"2019-08-23T03:43:54","guid":{"rendered":"https:\/\/www.notibras.com\/site\/?p=214004"},"modified":"2019-08-23T03:54:41","modified_gmt":"2019-08-23T06:54:41","slug":"mourao-manda-o-mundo-calar-boca-sobre-a-amazonia","status":"publish","type":"post","link":"https:\/\/www.notibras.com\/site\/mourao-manda-o-mundo-calar-boca-sobre-a-amazonia\/","title":{"rendered":"Mour\u00e3o manda o mundo calar boca sobre a Amaz\u00f4nia"},"content":{"rendered":"<p>O vice-presidente da Rep\u00fablica, Hamilton Mour\u00e3o, se manifestou na noite desta quinta-feira (22) sobre os inc\u00eandios florestais na Amaz\u00f4nia e disse que a regi\u00e3o est\u00e1 segura. Em uma postagem no Twitter, ele atribuiu as queimadas ao per\u00edodo de seca.<\/p>\n<p>&#8220;A #Amazonia brasileira est\u00e1 segura! L\u00e1 morei e sei que inc\u00eandios s\u00e3o epis\u00f3dicos em per\u00edodo de seca&#8221;, escreveu. Na postagem, Mour\u00e3o criticou o que chamou de uma tentativa de transformar o problema em uma crise internacional. &#8220;Transform\u00e1-los em crise, esquecendo as trag\u00e9dias que o fogo causou nos EUA e Europa, \u00e9 m\u00e1-f\u00e9 de quem n\u00e3o sabe que os pulm\u00f5es do mundo s\u00e3o os oceanos, n\u00e3o a Amaz\u00f4nia&#8221;, acrescentou.<\/p>\n<p><em>@GeneralMourao<\/em><br \/>\n<em>A #Amazonia brasileira est\u00e1 segura! L\u00e1 morei e sei que inc\u00eandios s\u00e3o epis\u00f3dicos em per\u00edodo de seca. Transform\u00e1-los em crise, esquecendo as trag\u00e9dias que o fogo causou nos EUA e Europa, \u00e9 m\u00e1-f\u00e9 de quem n\u00e3o sabe que os pulm\u00f5es do mundo s\u00e3o os oceanos, n\u00e3o a Amaz\u00f4nia.24,9 mil<\/em><br \/>\n<em>20:18 &#8211; 22 de ago de 2019<\/em><\/p>\n<p>Mais cedo, tamb\u00e9m pelo Twitter, o presidente da Fran\u00e7a, Emmanuel Macron, se posicionou sobre as queimadas na Amaz\u00f4nia, classificando o problema como uma &#8220;crise internacional&#8221; e pedindo que os l\u00edderes do G7 tratem urgentemente do tema. Em resposta, o presidente Jair Bolsonaro rebateu o l\u00edder franc\u00eas, tamb\u00e9m pela rede social dizendo que Macron busca &#8220;instrumentalizar uma quest\u00e3o interna&#8221; dos pa\u00edses amaz\u00f4nicos &#8220;para ganhos pol\u00edticos pessoais&#8221;.<\/p>\n<p>O pr\u00f3ximo encontro do G7, que re\u00fane os presidentes de EUA, Reino Unido, Fran\u00e7a, Alemanha, It\u00e1lia, Canad\u00e1 e Jap\u00e3o, ocorrer\u00e1 neste fim de semana, em Biarritz. O secret\u00e1rio-geral da Organiza\u00e7\u00e3o das Na\u00e7\u00f5es Unidas (ONU), Ant\u00f3nio Guterres, tamb\u00e9m afirmou nesta quinta-feira que est\u00e1 &#8220;profundamente preocupado&#8221; com os inc\u00eandios na Floresta Amaz\u00f4nica.<\/p>\n","protected":false},"excerpt":{"rendered":"<p>O vice-presidente da Rep\u00fablica, Hamilton Mour\u00e3o, se manifestou na noite desta quinta-feira (22) sobre os inc\u00eandios florestais na Amaz\u00f4nia e disse que a regi\u00e3o est\u00e1 segura. Em uma postagem no Twitter, ele atribuiu as queimadas ao per\u00edodo de seca. &#8220;A #Amazonia brasileira est\u00e1 segura! L\u00e1 morei e sei que inc\u00eandios s\u00e3o epis\u00f3dicos em per\u00edodo de [&hellip;]<\/p>\n","protected":false},"author":2,"featured_media":214005,"comment_status":"closed","ping_status":"closed","sticky":false,"template":"","format":"standard","meta":{"_acf_changed":false,"footnotes":""},"categories":[16],"tags":[95],"class_list":["post-214004","post","type-post","status-publish","format-standard","has-post-thumbnail","hentry","category-brasil","tag-capa"],"acf":[],"yoast_head":"<!-- This site is optimized with the Yoast SEO plugin v27.2 - https:\/\/yoast.com\/product\/yoast-seo-wordpress\/ -->\n<title>Mour\u00e3o manda o mundo calar boca sobre a Amaz\u00f4nia - Notibras<\/title>\n<meta name=\"robots\" content=\"index, follow, max-snippet:-1, max-image-preview:large, max-video-preview:-1\" \/>\n<link rel=\"canonical\" href=\"https:\/\/www.notibras.com\/site\/mourao-manda-o-mundo-calar-boca-sobre-a-amazonia\/\" \/>\n<meta property=\"og:locale\" content=\"pt_BR\" \/>\n<meta property=\"og:type\" content=\"article\" \/>\n<meta property=\"og:title\" content=\"Mour\u00e3o manda o mundo calar boca sobre a Amaz\u00f4nia - Notibras\" \/>\n<meta property=\"og:description\" content=\"O vice-presidente da Rep\u00fablica, Hamilton Mour\u00e3o, se manifestou na noite desta quinta-feira (22) sobre os inc\u00eandios florestais na Amaz\u00f4nia e disse que a regi\u00e3o est\u00e1 segura. Em uma postagem no Twitter, ele atribuiu as queimadas ao per\u00edodo de seca. &#8220;A #Amazonia brasileira est\u00e1 segura! L\u00e1 morei e sei que inc\u00eandios s\u00e3o epis\u00f3dicos em per\u00edodo de [&hellip;]\" \/>\n<meta property=\"og:url\" content=\"https:\/\/www.notibras.com\/site\/mourao-manda-o-mundo-calar-boca-sobre-a-amazonia\/\" \/>\n<meta property=\"og:site_name\" content=\"Notibras\" \/>\n<meta property=\"article:publisher\" content=\"https:\/\/www.facebook.com\/notibras\/\" \/>\n<meta property=\"article:published_time\" content=\"2019-08-23T03:43:54+00:00\" \/>\n<meta property=\"article:modified_time\" content=\"2019-08-23T06:54:41+00:00\" \/>\n<meta property=\"og:image\" content=\"https:\/\/www.notibras.com\/site\/wp-content\/uploads\/2019\/08\/mour\u00e3o-amazonia.jpg\" \/>\n\t<meta property=\"og:image:width\" content=\"680\" \/>\n\t<meta property=\"og:image:height\" content=\"435\" \/>\n\t<meta property=\"og:image:type\" content=\"image\/jpeg\" \/>\n<meta name=\"author\" content=\"Reda\u00e7\u00e3o\" \/>\n<meta name=\"twitter:card\" content=\"summary_large_image\" \/>\n<meta name=\"twitter:creator\" content=\"@Notibras\" \/>\n<meta name=\"twitter:site\" content=\"@Notibras\" \/>\n<meta name=\"twitter:label1\" content=\"Escrito por\" \/>\n\t<meta name=\"twitter:data1\" content=\"Reda\u00e7\u00e3o\" \/>\n\t<meta name=\"twitter:label2\" content=\"Est. tempo de leitura\" \/>\n\t<meta name=\"twitter:data2\" content=\"2 minutos\" \/>\n<script type=\"application\/ld+json\" class=\"yoast-schema-graph\">{\"@context\":\"https:\/\/schema.org\",\"@graph\":[{\"@type\":\"Article\",\"@id\":\"https:\/\/www.notibras.com\/site\/mourao-manda-o-mundo-calar-boca-sobre-a-amazonia\/#article\",\"isPartOf\":{\"@id\":\"https:\/\/www.notibras.com\/site\/mourao-manda-o-mundo-calar-boca-sobre-a-amazonia\/\"},\"author\":{\"name\":\"Reda\u00e7\u00e3o\",\"@id\":\"https:\/\/www.notibras.com\/site\/#\/schema\/person\/36ab0979449956132d3e5b517ea76ac8\"},\"headline\":\"Mour\u00e3o manda o mundo calar boca sobre a Amaz\u00f4nia\",\"datePublished\":\"2019-08-23T03:43:54+00:00\",\"dateModified\":\"2019-08-23T06:54:41+00:00\",\"mainEntityOfPage\":{\"@id\":\"https:\/\/www.notibras.com\/site\/mourao-manda-o-mundo-calar-boca-sobre-a-amazonia\/\"},\"wordCount\":338,\"publisher\":{\"@id\":\"https:\/\/www.notibras.com\/site\/#organization\"},\"image\":{\"@id\":\"https:\/\/www.notibras.com\/site\/mourao-manda-o-mundo-calar-boca-sobre-a-amazonia\/#primaryimage\"},\"thumbnailUrl\":\"https:\/\/www.notibras.com\/site\/wp-content\/uploads\/2019\/08\/mour\u00e3o-amazonia.jpg\",\"keywords\":[\"capa\"],\"articleSection\":[\"Brasil\"],\"inLanguage\":\"pt-BR\"},{\"@type\":\"WebPage\",\"@id\":\"https:\/\/www.notibras.com\/site\/mourao-manda-o-mundo-calar-boca-sobre-a-amazonia\/\",\"url\":\"https:\/\/www.notibras.com\/site\/mourao-manda-o-mundo-calar-boca-sobre-a-amazonia\/\",\"name\":\"Mour\u00e3o manda o mundo calar boca sobre a Amaz\u00f4nia - Notibras\",\"isPartOf\":{\"@id\":\"https:\/\/www.notibras.com\/site\/#website\"},\"primaryImageOfPage\":{\"@id\":\"https:\/\/www.notibras.com\/site\/mourao-manda-o-mundo-calar-boca-sobre-a-amazonia\/#primaryimage\"},\"image\":{\"@id\":\"https:\/\/www.notibras.com\/site\/mourao-manda-o-mundo-calar-boca-sobre-a-amazonia\/#primaryimage\"},\"thumbnailUrl\":\"https:\/\/www.notibras.com\/site\/wp-content\/uploads\/2019\/08\/mour\u00e3o-amazonia.jpg\",\"datePublished\":\"2019-08-23T03:43:54+00:00\",\"dateModified\":\"2019-08-23T06:54:41+00:00\",\"breadcrumb\":{\"@id\":\"https:\/\/www.notibras.com\/site\/mourao-manda-o-mundo-calar-boca-sobre-a-amazonia\/#breadcrumb\"},\"inLanguage\":\"pt-BR\",\"potentialAction\":[{\"@type\":\"ReadAction\",\"target\":[\"https:\/\/www.notibras.com\/site\/mourao-manda-o-mundo-calar-boca-sobre-a-amazonia\/\"]}]},{\"@type\":\"ImageObject\",\"inLanguage\":\"pt-BR\",\"@id\":\"https:\/\/www.notibras.com\/site\/mourao-manda-o-mundo-calar-boca-sobre-a-amazonia\/#primaryimage\",\"url\":\"https:\/\/www.notibras.com\/site\/wp-content\/uploads\/2019\/08\/mour\u00e3o-amazonia.jpg\",\"contentUrl\":\"https:\/\/www.notibras.com\/site\/wp-content\/uploads\/2019\/08\/mour\u00e3o-amazonia.jpg\",\"width\":680,\"height\":435},{\"@type\":\"BreadcrumbList\",\"@id\":\"https:\/\/www.notibras.com\/site\/mourao-manda-o-mundo-calar-boca-sobre-a-amazonia\/#breadcrumb\",\"itemListElement\":[{\"@type\":\"ListItem\",\"position\":1,\"name\":\"In\u00edcio\",\"item\":\"https:\/\/www.notibras.com\/site\/\"},{\"@type\":\"ListItem\",\"position\":2,\"name\":\"Mour\u00e3o manda o mundo calar boca sobre a Amaz\u00f4nia\"}]},{\"@type\":\"WebSite\",\"@id\":\"https:\/\/www.notibras.com\/site\/#website\",\"url\":\"https:\/\/www.notibras.com\/site\/\",\"name\":\"Notibras\",\"description\":\"Not\u00edcias de Bras\u00edlia, do Brasil e do Mundo\",\"publisher\":{\"@id\":\"https:\/\/www.notibras.com\/site\/#organization\"},\"potentialAction\":[{\"@type\":\"SearchAction\",\"target\":{\"@type\":\"EntryPoint\",\"urlTemplate\":\"https:\/\/www.notibras.com\/site\/?s={search_term_string}\"},\"query-input\":{\"@type\":\"PropertyValueSpecification\",\"valueRequired\":true,\"valueName\":\"search_term_string\"}}],\"inLanguage\":\"pt-BR\"},{\"@type\":\"Organization\",\"@id\":\"https:\/\/www.notibras.com\/site\/#organization\",\"name\":\"Grupo Notibras de Comunica\u00e7\u00e3o\",\"url\":\"https:\/\/www.notibras.com\/site\/\",\"logo\":{\"@type\":\"ImageObject\",\"inLanguage\":\"pt-BR\",\"@id\":\"https:\/\/www.notibras.com\/site\/#\/schema\/logo\/image\/\",\"url\":\"https:\/\/www.notibras.com\/site\/wp-content\/uploads\/2023\/01\/notibras23.png\",\"contentUrl\":\"https:\/\/www.notibras.com\/site\/wp-content\/uploads\/2023\/01\/notibras23.png\",\"width\":350,\"height\":87,\"caption\":\"Grupo Notibras de Comunica\u00e7\u00e3o\"},\"image\":{\"@id\":\"https:\/\/www.notibras.com\/site\/#\/schema\/logo\/image\/\"},\"sameAs\":[\"https:\/\/www.facebook.com\/notibras\/\",\"https:\/\/x.com\/Notibras\",\"https:\/\/www.instagram.com\/notibras\/\"]},{\"@type\":\"Person\",\"@id\":\"https:\/\/www.notibras.com\/site\/#\/schema\/person\/36ab0979449956132d3e5b517ea76ac8\",\"name\":\"Reda\u00e7\u00e3o\",\"image\":{\"@type\":\"ImageObject\",\"inLanguage\":\"pt-BR\",\"@id\":\"https:\/\/secure.gravatar.com\/avatar\/e0a867bdedb85fd243eadf09663511f96fc81e0720a4a42581f334ad4303aa6b?s=96&d=mm&r=g\",\"url\":\"https:\/\/secure.gravatar.com\/avatar\/e0a867bdedb85fd243eadf09663511f96fc81e0720a4a42581f334ad4303aa6b?s=96&d=mm&r=g\",\"contentUrl\":\"https:\/\/secure.gravatar.com\/avatar\/e0a867bdedb85fd243eadf09663511f96fc81e0720a4a42581f334ad4303aa6b?s=96&d=mm&r=g\",\"caption\":\"Reda\u00e7\u00e3o\"}}]}<\/script>\n<!-- \/ Yoast SEO plugin. -->","yoast_head_json":{"title":"Mour\u00e3o manda o mundo calar boca sobre a Amaz\u00f4nia - Notibras","robots":{"index":"index","follow":"follow","max-snippet":"max-snippet:-1","max-image-preview":"max-image-preview:large","max-video-preview":"max-video-preview:-1"},"canonical":"https:\/\/www.notibras.com\/site\/mourao-manda-o-mundo-calar-boca-sobre-a-amazonia\/","og_locale":"pt_BR","og_type":"article","og_title":"Mour\u00e3o manda o mundo calar boca sobre a Amaz\u00f4nia - Notibras","og_description":"O vice-presidente da Rep\u00fablica, Hamilton Mour\u00e3o, se manifestou na noite desta quinta-feira (22) sobre os inc\u00eandios florestais na Amaz\u00f4nia e disse que a regi\u00e3o est\u00e1 segura. Em uma postagem no Twitter, ele atribuiu as queimadas ao per\u00edodo de seca. &#8220;A #Amazonia brasileira est\u00e1 segura! L\u00e1 morei e sei que inc\u00eandios s\u00e3o epis\u00f3dicos em per\u00edodo de [&hellip;]","og_url":"https:\/\/www.notibras.com\/site\/mourao-manda-o-mundo-calar-boca-sobre-a-amazonia\/","og_site_name":"Notibras","article_publisher":"https:\/\/www.facebook.com\/notibras\/","article_published_time":"2019-08-23T03:43:54+00:00","article_modified_time":"2019-08-23T06:54:41+00:00","og_image":[{"width":680,"height":435,"url":"https:\/\/www.notibras.com\/site\/wp-content\/uploads\/2019\/08\/mour\u00e3o-amazonia.jpg","type":"image\/jpeg"}],"author":"Reda\u00e7\u00e3o","twitter_card":"summary_large_image","twitter_creator":"@Notibras","twitter_site":"@Notibras","twitter_misc":{"Escrito por":"Reda\u00e7\u00e3o","Est. tempo de leitura":"2 minutos"},"schema":{"@context":"https:\/\/schema.org","@graph":[{"@type":"Article","@id":"https:\/\/www.notibras.com\/site\/mourao-manda-o-mundo-calar-boca-sobre-a-amazonia\/#article","isPartOf":{"@id":"https:\/\/www.notibras.com\/site\/mourao-manda-o-mundo-calar-boca-sobre-a-amazonia\/"},"author":{"name":"Reda\u00e7\u00e3o","@id":"https:\/\/www.notibras.com\/site\/#\/schema\/person\/36ab0979449956132d3e5b517ea76ac8"},"headline":"Mour\u00e3o manda o mundo calar boca sobre a Amaz\u00f4nia","datePublished":"2019-08-23T03:43:54+00:00","dateModified":"2019-08-23T06:54:41+00:00","mainEntityOfPage":{"@id":"https:\/\/www.notibras.com\/site\/mourao-manda-o-mundo-calar-boca-sobre-a-amazonia\/"},"wordCount":338,"publisher":{"@id":"https:\/\/www.notibras.com\/site\/#organization"},"image":{"@id":"https:\/\/www.notibras.com\/site\/mourao-manda-o-mundo-calar-boca-sobre-a-amazonia\/#primaryimage"},"thumbnailUrl":"https:\/\/www.notibras.com\/site\/wp-content\/uploads\/2019\/08\/mour\u00e3o-amazonia.jpg","keywords":["capa"],"articleSection":["Brasil"],"inLanguage":"pt-BR"},{"@type":"WebPage","@id":"https:\/\/www.notibras.com\/site\/mourao-manda-o-mundo-calar-boca-sobre-a-amazonia\/","url":"https:\/\/www.notibras.com\/site\/mourao-manda-o-mundo-calar-boca-sobre-a-amazonia\/","name":"Mour\u00e3o manda o mundo calar boca sobre a Amaz\u00f4nia - Notibras","isPartOf":{"@id":"https:\/\/www.notibras.com\/site\/#website"},"primaryImageOfPage":{"@id":"https:\/\/www.notibras.com\/site\/mourao-manda-o-mundo-calar-boca-sobre-a-amazonia\/#primaryimage"},"image":{"@id":"https:\/\/www.notibras.com\/site\/mourao-manda-o-mundo-calar-boca-sobre-a-amazonia\/#primaryimage"},"thumbnailUrl":"https:\/\/www.notibras.com\/site\/wp-content\/uploads\/2019\/08\/mour\u00e3o-amazonia.jpg","datePublished":"2019-08-23T03:43:54+00:00","dateModified":"2019-08-23T06:54:41+00:00","breadcrumb":{"@id":"https:\/\/www.notibras.com\/site\/mourao-manda-o-mundo-calar-boca-sobre-a-amazonia\/#breadcrumb"},"inLanguage":"pt-BR","potentialAction":[{"@type":"ReadAction","target":["https:\/\/www.notibras.com\/site\/mourao-manda-o-mundo-calar-boca-sobre-a-amazonia\/"]}]},{"@type":"ImageObject","inLanguage":"pt-BR","@id":"https:\/\/www.notibras.com\/site\/mourao-manda-o-mundo-calar-boca-sobre-a-amazonia\/#primaryimage","url":"https:\/\/www.notibras.com\/site\/wp-content\/uploads\/2019\/08\/mour\u00e3o-amazonia.jpg","contentUrl":"https:\/\/www.notibras.com\/site\/wp-content\/uploads\/2019\/08\/mour\u00e3o-amazonia.jpg","width":680,"height":435},{"@type":"BreadcrumbList","@id":"https:\/\/www.notibras.com\/site\/mourao-manda-o-mundo-calar-boca-sobre-a-amazonia\/#breadcrumb","itemListElement":[{"@type":"ListItem","position":1,"name":"In\u00edcio","item":"https:\/\/www.notibras.com\/site\/"},{"@type":"ListItem","position":2,"name":"Mour\u00e3o manda o mundo calar boca sobre a Amaz\u00f4nia"}]},{"@type":"WebSite","@id":"https:\/\/www.notibras.com\/site\/#website","url":"https:\/\/www.notibras.com\/site\/","name":"Notibras","description":"Not\u00edcias de Bras\u00edlia, do Brasil e do Mundo","publisher":{"@id":"https:\/\/www.notibras.com\/site\/#organization"},"potentialAction":[{"@type":"SearchAction","target":{"@type":"EntryPoint","urlTemplate":"https:\/\/www.notibras.com\/site\/?s={search_term_string}"},"query-input":{"@type":"PropertyValueSpecification","valueRequired":true,"valueName":"search_term_string"}}],"inLanguage":"pt-BR"},{"@type":"Organization","@id":"https:\/\/www.notibras.com\/site\/#organization","name":"Grupo Notibras de Comunica\u00e7\u00e3o","url":"https:\/\/www.notibras.com\/site\/","logo":{"@type":"ImageObject","inLanguage":"pt-BR","@id":"https:\/\/www.notibras.com\/site\/#\/schema\/logo\/image\/","url":"https:\/\/www.notibras.com\/site\/wp-content\/uploads\/2023\/01\/notibras23.png","contentUrl":"https:\/\/www.notibras.com\/site\/wp-content\/uploads\/2023\/01\/notibras23.png","width":350,"height":87,"caption":"Grupo Notibras de Comunica\u00e7\u00e3o"},"image":{"@id":"https:\/\/www.notibras.com\/site\/#\/schema\/logo\/image\/"},"sameAs":["https:\/\/www.facebook.com\/notibras\/","https:\/\/x.com\/Notibras","https:\/\/www.instagram.com\/notibras\/"]},{"@type":"Person","@id":"https:\/\/www.notibras.com\/site\/#\/schema\/person\/36ab0979449956132d3e5b517ea76ac8","name":"Reda\u00e7\u00e3o","image":{"@type":"ImageObject","inLanguage":"pt-BR","@id":"https:\/\/secure.gravatar.com\/avatar\/e0a867bdedb85fd243eadf09663511f96fc81e0720a4a42581f334ad4303aa6b?s=96&d=mm&r=g","url":"https:\/\/secure.gravatar.com\/avatar\/e0a867bdedb85fd243eadf09663511f96fc81e0720a4a42581f334ad4303aa6b?s=96&d=mm&r=g","contentUrl":"https:\/\/secure.gravatar.com\/avatar\/e0a867bdedb85fd243eadf09663511f96fc81e0720a4a42581f334ad4303aa6b?s=96&d=mm&r=g","caption":"Reda\u00e7\u00e3o"}}]}},"amp_enabled":true,"_links":{"self":[{"href":"https:\/\/www.notibras.com\/site\/wp-json\/wp\/v2\/posts\/214004","targetHints":{"allow":["GET"]}}],"collection":[{"href":"https:\/\/www.notibras.com\/site\/wp-json\/wp\/v2\/posts"}],"about":[{"href":"https:\/\/www.notibras.com\/site\/wp-json\/wp\/v2\/types\/post"}],"author":[{"embeddable":true,"href":"https:\/\/www.notibras.com\/site\/wp-json\/wp\/v2\/users\/2"}],"replies":[{"embeddable":true,"href":"https:\/\/www.notibras.com\/site\/wp-json\/wp\/v2\/comments?post=214004"}],"version-history":[{"count":3,"href":"https:\/\/www.notibras.com\/site\/wp-json\/wp\/v2\/posts\/214004\/revisions"}],"predecessor-version":[{"id":214008,"href":"https:\/\/www.notibras.com\/site\/wp-json\/wp\/v2\/posts\/214004\/revisions\/214008"}],"wp:featuredmedia":[{"embeddable":true,"href":"https:\/\/www.notibras.com\/site\/wp-json\/wp\/v2\/media\/214005"}],"wp:attachment":[{"href":"https:\/\/www.notibras.com\/site\/wp-json\/wp\/v2\/media?parent=214004"}],"wp:term":[{"taxonomy":"category","embeddable":true,"href":"https:\/\/www.notibras.com\/site\/wp-json\/wp\/v2\/categories?post=214004"},{"taxonomy":"post_tag","embeddable":true,"href":"https:\/\/www.notibras.com\/site\/wp-json\/wp\/v2\/tags?post=214004"}],"curies":[{"name":"wp","href":"https:\/\/api.w.org\/{rel}","templated":true}]}}