{"id":21408,"date":"2014-09-03T22:19:28","date_gmt":"2014-09-04T01:19:28","guid":{"rendered":"http:\/\/www.notibras.com\/site\/?p=21408"},"modified":"2014-09-04T15:08:44","modified_gmt":"2014-09-04T18:08:44","slug":"copom-deixa-juros-altos-para-apostar-na-queda-da-inflacao","status":"publish","type":"post","link":"https:\/\/www.notibras.com\/site\/copom-deixa-juros-altos-para-apostar-na-queda-da-inflacao\/","title":{"rendered":"Copom mant\u00e9m taxa de juros altos para derrubar infla\u00e7\u00e3o"},"content":{"rendered":"<p>O Comit\u00ea de Pol\u00edtica Monet\u00e1ria (Copom) do Banco Central (BC) confirmou proje\u00e7\u00f5es do mercado financeiro e manteve a taxa Selic, que representa os juros b\u00e1sicos da economia, em 11% ao ano.<\/p>\n<p>O Copom interrompeu a trajet\u00f3ria de alta da Selic em maio, quando segurou os juros ap\u00f3s nove aumentos consecutivos. A taxa Selic voltou ao n\u00edvel de novembro de 2011, quando tamb\u00e9m estava em 11% ao ano.<\/p>\n<p>O BC disse, em nota, que a manuten\u00e7\u00e3o dos juros considerou a evolu\u00e7\u00e3o do cen\u00e1rio macroecon\u00f4mico e as perspectivas para a infla\u00e7\u00e3o. A expectativa do mercado \u00e9 que a Selic encerre o ano sem altera\u00e7\u00f5es.<\/p>\n<blockquote><p>A Selic \u00e9 usada pelo BC para manter a infla\u00e7\u00e3o oficial na meta determinada pelo Conselho Monet\u00e1rio Nacional (CMN), de 4,5% no ano, com toler\u00e2ncia de dois pontos percentuais, n\u00e3o podendo ultrapassar 6,5%.<\/p><\/blockquote>\n<p>De acordo com o Instituto Brasileiro de Geografia e Estat\u00edstica (IBGE), o \u00cdndice Nacional de Pre\u00e7os ao Consumidor Amplo (IPCA) acumulado em 12 meses est\u00e1 em 6,5% at\u00e9 julho, e nas proje\u00e7\u00f5es do\u00a0 boletim\u00a0Focus (resultado de pesquisa semanal com institui\u00e7\u00f5es financeiras), divulgado pelo BC na \u00faltima segunda-feira (1\u00ba), o IPCA encerrar\u00e1 2014 em 6,27%.<\/p>\n<p>Apesar de ajudar a segurar a infla\u00e7\u00e3o, o aumento da taxa Selic prejudica o reaquecimento da economia, que cresceu 2,3% no ano passado. Segundo o boletim\u00a0Focus, os analistas econ\u00f4micos projetam alta de 0,56% do Produto Interno Bruto (PIB, soma dos bens e servi\u00e7os produzidos no pa\u00eds) em 2014. A expectativa de crescimento econ\u00f4mico caiu nas 14 \u00faltimas semanas nos progn\u00f3sticos do boletim Focus.<\/p>\n","protected":false},"excerpt":{"rendered":"<p>O Comit\u00ea de Pol\u00edtica Monet\u00e1ria (Copom) do Banco Central (BC) confirmou proje\u00e7\u00f5es do mercado financeiro e manteve a taxa Selic, que representa os juros b\u00e1sicos da economia, em 11% ao ano. O Copom interrompeu a trajet\u00f3ria de alta da Selic em maio, quando segurou os juros ap\u00f3s nove aumentos consecutivos. A taxa Selic voltou ao [&hellip;]<\/p>\n","protected":false},"author":2,"featured_media":21409,"comment_status":"open","ping_status":"closed","sticky":false,"template":"","format":"standard","meta":{"_acf_changed":false,"footnotes":""},"categories":[16],"tags":[],"class_list":["post-21408","post","type-post","status-publish","format-standard","has-post-thumbnail","hentry","category-brasil"],"acf":[],"_links":{"self":[{"href":"https:\/\/www.notibras.com\/site\/wp-json\/wp\/v2\/posts\/21408","targetHints":{"allow":["GET"]}}],"collection":[{"href":"https:\/\/www.notibras.com\/site\/wp-json\/wp\/v2\/posts"}],"about":[{"href":"https:\/\/www.notibras.com\/site\/wp-json\/wp\/v2\/types\/post"}],"author":[{"embeddable":true,"href":"https:\/\/www.notibras.com\/site\/wp-json\/wp\/v2\/users\/2"}],"replies":[{"embeddable":true,"href":"https:\/\/www.notibras.com\/site\/wp-json\/wp\/v2\/comments?post=21408"}],"version-history":[{"count":0,"href":"https:\/\/www.notibras.com\/site\/wp-json\/wp\/v2\/posts\/21408\/revisions"}],"wp:featuredmedia":[{"embeddable":true,"href":"https:\/\/www.notibras.com\/site\/wp-json\/wp\/v2\/media\/21409"}],"wp:attachment":[{"href":"https:\/\/www.notibras.com\/site\/wp-json\/wp\/v2\/media?parent=21408"}],"wp:term":[{"taxonomy":"category","embeddable":true,"href":"https:\/\/www.notibras.com\/site\/wp-json\/wp\/v2\/categories?post=21408"},{"taxonomy":"post_tag","embeddable":true,"href":"https:\/\/www.notibras.com\/site\/wp-json\/wp\/v2\/tags?post=21408"}],"curies":[{"name":"wp","href":"https:\/\/api.w.org\/{rel}","templated":true}]}}