{"id":21420,"date":"2014-09-03T23:55:22","date_gmt":"2014-09-04T02:55:22","guid":{"rendered":"http:\/\/www.notibras.com\/site\/?p=21420"},"modified":"2014-09-04T01:07:05","modified_gmt":"2014-09-04T04:07:05","slug":"timao-da-o-troco-bragantino-e-garante-vaga-nas-quartas","status":"publish","type":"post","link":"https:\/\/www.notibras.com\/site\/timao-da-o-troco-bragantino-e-garante-vaga-nas-quartas\/","title":{"rendered":"Tim\u00e3o d\u00e1 o troco no Bragantino e garante vaga nas quartas"},"content":{"rendered":"<p>Bastaram vinte minutos para que o Corinthians deixasse sua situa\u00e7\u00e3o confort\u00e1vel na Copa do Brasil. Depois de ser derrotada fora de casa por 1 a 0, a equipe paulistana fez seus gols no come\u00e7o do primeiro tempo, superou o Bragantino por 3 a 1 em Itaquera nesta quarta-feira e carimbou sua presen\u00e7a nas quartas de final da competi\u00e7\u00e3o nacional.<\/p>\n<p class=\"text\">O advers\u00e1rio do Corinthians na pr\u00f3xima fase ainda n\u00e3o foi definido, mas pode envolver um cl\u00e1ssico local. Palmeiras e Atl\u00e9tico-MG lutam pela vaga e a equipe mineira tem a vantagem, j\u00e1 que venceu o primeiro jogo no Pacaembu por 1 a 0. O duelo de volta ocorre nesta quinta-feira, \u00e0s 20h.<\/p>\n<p class=\"text\">Para a partida desta quarta-feira, o t\u00e9cnico Mano Menezes fez mudan\u00e7as em sua equipe, j\u00e1 que n\u00e3o contou com Gil, que est\u00e1 na Sele\u00e7\u00e3o Brasileira, e Guerrero, que serve o Peru. Com isso, Anderson Martins e Felipe foram a dupla na defesa, enquanto Romero, Luciano e Romarinho formaram o ataque.<\/p>\n<blockquote>\n<p class=\"text\">A escala\u00e7\u00e3o ofensiva deu bons frutos. Logo aos 2min, Renato Augusto abriu o placar ao completar cruzamento de Romarinho em belo chute de primeira. O meia, que parece ter deixado para tr\u00e1s os problemas f\u00edsicos, mostrou que estava inspirado e tratou de construir a vit\u00f3ria corintiana.<\/p>\n<\/blockquote>\n<p class=\"text\">Aos 15mn, o camisa 8 bateu escanteio na cabe\u00e7a de Ralf, que testou para o fundo das redes do Bragantino. Cinco minutos depois, Renato Augusto voltou a ser &#8220;gar\u00e7om&#8221; e, em nova cobran\u00e7a de tiro de canto, cruzou para Felipe desviar.<\/p>\n<p class=\"text\">A vantagem constru\u00edda t\u00e3o deu cedo deu a cara para o restante do primeiro tempo e a etapa complementar. Com a vantagem, o Corinthians atacava com calma e ficou perto do quarto gol em lance com Romarinho, que foi por cima do travess\u00e3o aos 27min depois de cruzamento de F\u00e1bio Santos.<\/p>\n<p class=\"text\">J\u00e1 o Bragantino tentou buscar gols que deixariam a equipe ainda com esperan\u00e7as de avan\u00e7ar, mas parou na boa atua\u00e7\u00e3o do goleiro C\u00e1ssio. A boa situa\u00e7\u00e3o permitiu at\u00e9 que Mano Menezes poupasse os jogadores mais desgastados, al\u00e9m de promover a volta de Petros, que atua sob a for\u00e7a de um efeito suspensivo que adiou a puni\u00e7\u00e3o de seis meses fora dos gramados por empurr\u00e3o em \u00e1rbitro no cl\u00e1ssico com o Santos.<\/p>\n<p class=\"text\">Ainda houve tempo, entretanto, para que o Bragantino descontasse. Aos 44min, Geandro cobrou falta na \u00e1rea e Guilherme desviou de cabe\u00e7a, sem chances para C\u00e1ssio defender. A equipe visitante at\u00e9 tentou o gol que significaria a classifica\u00e7\u00e3o, mas n\u00e3o superou a marca\u00e7\u00e3o anfitri\u00e3.<\/p>\n","protected":false},"excerpt":{"rendered":"<p>Bastaram vinte minutos para que o Corinthians deixasse sua situa\u00e7\u00e3o confort\u00e1vel na Copa do Brasil. Depois de ser derrotada fora de casa por 1 a 0, a equipe paulistana fez seus gols no come\u00e7o do primeiro tempo, superou o Bragantino por 3 a 1 em Itaquera nesta quarta-feira e carimbou sua presen\u00e7a nas quartas de [&hellip;]<\/p>\n","protected":false},"author":2,"featured_media":21421,"comment_status":"open","ping_status":"closed","sticky":false,"template":"","format":"standard","meta":{"_acf_changed":false,"footnotes":""},"categories":[19,29],"tags":[],"class_list":["post-21420","post","type-post","status-publish","format-standard","has-post-thumbnail","hentry","category-esportes","category-futebol"],"acf":[],"yoast_head":"<!-- This site is optimized with the Yoast SEO plugin v27.2 - https:\/\/yoast.com\/product\/yoast-seo-wordpress\/ -->\n<title>Tim\u00e3o d\u00e1 o troco no Bragantino e garante vaga nas quartas - Notibras<\/title>\n<meta name=\"robots\" content=\"index, follow, max-snippet:-1, max-image-preview:large, max-video-preview:-1\" \/>\n<link rel=\"canonical\" href=\"https:\/\/www.notibras.com\/site\/timao-da-o-troco-bragantino-e-garante-vaga-nas-quartas\/\" \/>\n<meta property=\"og:locale\" content=\"pt_BR\" \/>\n<meta property=\"og:type\" content=\"article\" \/>\n<meta property=\"og:title\" content=\"Tim\u00e3o d\u00e1 o troco no Bragantino e garante vaga nas quartas - Notibras\" \/>\n<meta property=\"og:description\" content=\"Bastaram vinte minutos para que o Corinthians deixasse sua situa\u00e7\u00e3o confort\u00e1vel na Copa do Brasil. Depois de ser derrotada fora de casa por 1 a 0, a equipe paulistana fez seus gols no come\u00e7o do primeiro tempo, superou o Bragantino por 3 a 1 em Itaquera nesta quarta-feira e carimbou sua presen\u00e7a nas quartas de [&hellip;]\" \/>\n<meta property=\"og:url\" content=\"https:\/\/www.notibras.com\/site\/timao-da-o-troco-bragantino-e-garante-vaga-nas-quartas\/\" \/>\n<meta property=\"og:site_name\" content=\"Notibras\" \/>\n<meta property=\"article:publisher\" content=\"https:\/\/www.facebook.com\/notibras\/\" \/>\n<meta property=\"article:published_time\" content=\"2014-09-04T02:55:22+00:00\" \/>\n<meta property=\"article:modified_time\" content=\"2014-09-04T04:07:05+00:00\" \/>\n<meta property=\"og:image\" content=\"https:\/\/www.notibras.com\/site\/wp-content\/uploads\/2014\/09\/03felipefestagol3maurohoritaagifgazeta.jpg\" \/>\n\t<meta property=\"og:image:width\" content=\"751\" \/>\n\t<meta property=\"og:image:height\" content=\"500\" \/>\n\t<meta property=\"og:image:type\" content=\"image\/jpeg\" \/>\n<meta name=\"author\" content=\"Reda\u00e7\u00e3o\" \/>\n<meta name=\"twitter:card\" content=\"summary_large_image\" \/>\n<meta name=\"twitter:creator\" content=\"@Notibras\" \/>\n<meta name=\"twitter:site\" content=\"@Notibras\" \/>\n<meta name=\"twitter:label1\" content=\"Escrito por\" \/>\n\t<meta name=\"twitter:data1\" content=\"Reda\u00e7\u00e3o\" \/>\n\t<meta name=\"twitter:label2\" content=\"Est. tempo de leitura\" \/>\n\t<meta name=\"twitter:data2\" content=\"2 minutos\" \/>\n<script type=\"application\/ld+json\" class=\"yoast-schema-graph\">{\"@context\":\"https:\/\/schema.org\",\"@graph\":[{\"@type\":\"Article\",\"@id\":\"https:\/\/www.notibras.com\/site\/timao-da-o-troco-bragantino-e-garante-vaga-nas-quartas\/#article\",\"isPartOf\":{\"@id\":\"https:\/\/www.notibras.com\/site\/timao-da-o-troco-bragantino-e-garante-vaga-nas-quartas\/\"},\"author\":{\"name\":\"Reda\u00e7\u00e3o\",\"@id\":\"https:\/\/www.notibras.com\/site\/#\/schema\/person\/36ab0979449956132d3e5b517ea76ac8\"},\"headline\":\"Tim\u00e3o d\u00e1 o troco no Bragantino e garante vaga nas quartas\",\"datePublished\":\"2014-09-04T02:55:22+00:00\",\"dateModified\":\"2014-09-04T04:07:05+00:00\",\"mainEntityOfPage\":{\"@id\":\"https:\/\/www.notibras.com\/site\/timao-da-o-troco-bragantino-e-garante-vaga-nas-quartas\/\"},\"wordCount\":457,\"commentCount\":0,\"publisher\":{\"@id\":\"https:\/\/www.notibras.com\/site\/#organization\"},\"image\":{\"@id\":\"https:\/\/www.notibras.com\/site\/timao-da-o-troco-bragantino-e-garante-vaga-nas-quartas\/#primaryimage\"},\"thumbnailUrl\":\"https:\/\/www.notibras.com\/site\/wp-content\/uploads\/2014\/09\/03felipefestagol3maurohoritaagifgazeta.jpg\",\"articleSection\":[\"Esportes\",\"Futebol\"],\"inLanguage\":\"pt-BR\",\"potentialAction\":[{\"@type\":\"CommentAction\",\"name\":\"Comment\",\"target\":[\"https:\/\/www.notibras.com\/site\/timao-da-o-troco-bragantino-e-garante-vaga-nas-quartas\/#respond\"]}]},{\"@type\":\"WebPage\",\"@id\":\"https:\/\/www.notibras.com\/site\/timao-da-o-troco-bragantino-e-garante-vaga-nas-quartas\/\",\"url\":\"https:\/\/www.notibras.com\/site\/timao-da-o-troco-bragantino-e-garante-vaga-nas-quartas\/\",\"name\":\"Tim\u00e3o d\u00e1 o troco no Bragantino e garante vaga nas quartas - Notibras\",\"isPartOf\":{\"@id\":\"https:\/\/www.notibras.com\/site\/#website\"},\"primaryImageOfPage\":{\"@id\":\"https:\/\/www.notibras.com\/site\/timao-da-o-troco-bragantino-e-garante-vaga-nas-quartas\/#primaryimage\"},\"image\":{\"@id\":\"https:\/\/www.notibras.com\/site\/timao-da-o-troco-bragantino-e-garante-vaga-nas-quartas\/#primaryimage\"},\"thumbnailUrl\":\"https:\/\/www.notibras.com\/site\/wp-content\/uploads\/2014\/09\/03felipefestagol3maurohoritaagifgazeta.jpg\",\"datePublished\":\"2014-09-04T02:55:22+00:00\",\"dateModified\":\"2014-09-04T04:07:05+00:00\",\"breadcrumb\":{\"@id\":\"https:\/\/www.notibras.com\/site\/timao-da-o-troco-bragantino-e-garante-vaga-nas-quartas\/#breadcrumb\"},\"inLanguage\":\"pt-BR\",\"potentialAction\":[{\"@type\":\"ReadAction\",\"target\":[\"https:\/\/www.notibras.com\/site\/timao-da-o-troco-bragantino-e-garante-vaga-nas-quartas\/\"]}]},{\"@type\":\"ImageObject\",\"inLanguage\":\"pt-BR\",\"@id\":\"https:\/\/www.notibras.com\/site\/timao-da-o-troco-bragantino-e-garante-vaga-nas-quartas\/#primaryimage\",\"url\":\"https:\/\/www.notibras.com\/site\/wp-content\/uploads\/2014\/09\/03felipefestagol3maurohoritaagifgazeta.jpg\",\"contentUrl\":\"https:\/\/www.notibras.com\/site\/wp-content\/uploads\/2014\/09\/03felipefestagol3maurohoritaagifgazeta.jpg\",\"width\":751,\"height\":500},{\"@type\":\"BreadcrumbList\",\"@id\":\"https:\/\/www.notibras.com\/site\/timao-da-o-troco-bragantino-e-garante-vaga-nas-quartas\/#breadcrumb\",\"itemListElement\":[{\"@type\":\"ListItem\",\"position\":1,\"name\":\"In\u00edcio\",\"item\":\"https:\/\/www.notibras.com\/site\/\"},{\"@type\":\"ListItem\",\"position\":2,\"name\":\"Tim\u00e3o d\u00e1 o troco no Bragantino e garante vaga nas quartas\"}]},{\"@type\":\"WebSite\",\"@id\":\"https:\/\/www.notibras.com\/site\/#website\",\"url\":\"https:\/\/www.notibras.com\/site\/\",\"name\":\"Notibras\",\"description\":\"Not\u00edcias de Bras\u00edlia, do Brasil e do Mundo\",\"publisher\":{\"@id\":\"https:\/\/www.notibras.com\/site\/#organization\"},\"potentialAction\":[{\"@type\":\"SearchAction\",\"target\":{\"@type\":\"EntryPoint\",\"urlTemplate\":\"https:\/\/www.notibras.com\/site\/?s={search_term_string}\"},\"query-input\":{\"@type\":\"PropertyValueSpecification\",\"valueRequired\":true,\"valueName\":\"search_term_string\"}}],\"inLanguage\":\"pt-BR\"},{\"@type\":\"Organization\",\"@id\":\"https:\/\/www.notibras.com\/site\/#organization\",\"name\":\"Grupo Notibras de Comunica\u00e7\u00e3o\",\"url\":\"https:\/\/www.notibras.com\/site\/\",\"logo\":{\"@type\":\"ImageObject\",\"inLanguage\":\"pt-BR\",\"@id\":\"https:\/\/www.notibras.com\/site\/#\/schema\/logo\/image\/\",\"url\":\"https:\/\/www.notibras.com\/site\/wp-content\/uploads\/2023\/01\/notibras23.png\",\"contentUrl\":\"https:\/\/www.notibras.com\/site\/wp-content\/uploads\/2023\/01\/notibras23.png\",\"width\":350,\"height\":87,\"caption\":\"Grupo Notibras de Comunica\u00e7\u00e3o\"},\"image\":{\"@id\":\"https:\/\/www.notibras.com\/site\/#\/schema\/logo\/image\/\"},\"sameAs\":[\"https:\/\/www.facebook.com\/notibras\/\",\"https:\/\/x.com\/Notibras\",\"https:\/\/www.instagram.com\/notibras\/\"]},{\"@type\":\"Person\",\"@id\":\"https:\/\/www.notibras.com\/site\/#\/schema\/person\/36ab0979449956132d3e5b517ea76ac8\",\"name\":\"Reda\u00e7\u00e3o\",\"image\":{\"@type\":\"ImageObject\",\"inLanguage\":\"pt-BR\",\"@id\":\"https:\/\/secure.gravatar.com\/avatar\/e0a867bdedb85fd243eadf09663511f96fc81e0720a4a42581f334ad4303aa6b?s=96&d=mm&r=g\",\"url\":\"https:\/\/secure.gravatar.com\/avatar\/e0a867bdedb85fd243eadf09663511f96fc81e0720a4a42581f334ad4303aa6b?s=96&d=mm&r=g\",\"contentUrl\":\"https:\/\/secure.gravatar.com\/avatar\/e0a867bdedb85fd243eadf09663511f96fc81e0720a4a42581f334ad4303aa6b?s=96&d=mm&r=g\",\"caption\":\"Reda\u00e7\u00e3o\"}}]}<\/script>\n<!-- \/ Yoast SEO plugin. -->","yoast_head_json":{"title":"Tim\u00e3o d\u00e1 o troco no Bragantino e garante vaga nas quartas - Notibras","robots":{"index":"index","follow":"follow","max-snippet":"max-snippet:-1","max-image-preview":"max-image-preview:large","max-video-preview":"max-video-preview:-1"},"canonical":"https:\/\/www.notibras.com\/site\/timao-da-o-troco-bragantino-e-garante-vaga-nas-quartas\/","og_locale":"pt_BR","og_type":"article","og_title":"Tim\u00e3o d\u00e1 o troco no Bragantino e garante vaga nas quartas - Notibras","og_description":"Bastaram vinte minutos para que o Corinthians deixasse sua situa\u00e7\u00e3o confort\u00e1vel na Copa do Brasil. Depois de ser derrotada fora de casa por 1 a 0, a equipe paulistana fez seus gols no come\u00e7o do primeiro tempo, superou o Bragantino por 3 a 1 em Itaquera nesta quarta-feira e carimbou sua presen\u00e7a nas quartas de [&hellip;]","og_url":"https:\/\/www.notibras.com\/site\/timao-da-o-troco-bragantino-e-garante-vaga-nas-quartas\/","og_site_name":"Notibras","article_publisher":"https:\/\/www.facebook.com\/notibras\/","article_published_time":"2014-09-04T02:55:22+00:00","article_modified_time":"2014-09-04T04:07:05+00:00","og_image":[{"width":751,"height":500,"url":"https:\/\/www.notibras.com\/site\/wp-content\/uploads\/2014\/09\/03felipefestagol3maurohoritaagifgazeta.jpg","type":"image\/jpeg"}],"author":"Reda\u00e7\u00e3o","twitter_card":"summary_large_image","twitter_creator":"@Notibras","twitter_site":"@Notibras","twitter_misc":{"Escrito por":"Reda\u00e7\u00e3o","Est. tempo de leitura":"2 minutos"},"schema":{"@context":"https:\/\/schema.org","@graph":[{"@type":"Article","@id":"https:\/\/www.notibras.com\/site\/timao-da-o-troco-bragantino-e-garante-vaga-nas-quartas\/#article","isPartOf":{"@id":"https:\/\/www.notibras.com\/site\/timao-da-o-troco-bragantino-e-garante-vaga-nas-quartas\/"},"author":{"name":"Reda\u00e7\u00e3o","@id":"https:\/\/www.notibras.com\/site\/#\/schema\/person\/36ab0979449956132d3e5b517ea76ac8"},"headline":"Tim\u00e3o d\u00e1 o troco no Bragantino e garante vaga nas quartas","datePublished":"2014-09-04T02:55:22+00:00","dateModified":"2014-09-04T04:07:05+00:00","mainEntityOfPage":{"@id":"https:\/\/www.notibras.com\/site\/timao-da-o-troco-bragantino-e-garante-vaga-nas-quartas\/"},"wordCount":457,"commentCount":0,"publisher":{"@id":"https:\/\/www.notibras.com\/site\/#organization"},"image":{"@id":"https:\/\/www.notibras.com\/site\/timao-da-o-troco-bragantino-e-garante-vaga-nas-quartas\/#primaryimage"},"thumbnailUrl":"https:\/\/www.notibras.com\/site\/wp-content\/uploads\/2014\/09\/03felipefestagol3maurohoritaagifgazeta.jpg","articleSection":["Esportes","Futebol"],"inLanguage":"pt-BR","potentialAction":[{"@type":"CommentAction","name":"Comment","target":["https:\/\/www.notibras.com\/site\/timao-da-o-troco-bragantino-e-garante-vaga-nas-quartas\/#respond"]}]},{"@type":"WebPage","@id":"https:\/\/www.notibras.com\/site\/timao-da-o-troco-bragantino-e-garante-vaga-nas-quartas\/","url":"https:\/\/www.notibras.com\/site\/timao-da-o-troco-bragantino-e-garante-vaga-nas-quartas\/","name":"Tim\u00e3o d\u00e1 o troco no Bragantino e garante vaga nas quartas - Notibras","isPartOf":{"@id":"https:\/\/www.notibras.com\/site\/#website"},"primaryImageOfPage":{"@id":"https:\/\/www.notibras.com\/site\/timao-da-o-troco-bragantino-e-garante-vaga-nas-quartas\/#primaryimage"},"image":{"@id":"https:\/\/www.notibras.com\/site\/timao-da-o-troco-bragantino-e-garante-vaga-nas-quartas\/#primaryimage"},"thumbnailUrl":"https:\/\/www.notibras.com\/site\/wp-content\/uploads\/2014\/09\/03felipefestagol3maurohoritaagifgazeta.jpg","datePublished":"2014-09-04T02:55:22+00:00","dateModified":"2014-09-04T04:07:05+00:00","breadcrumb":{"@id":"https:\/\/www.notibras.com\/site\/timao-da-o-troco-bragantino-e-garante-vaga-nas-quartas\/#breadcrumb"},"inLanguage":"pt-BR","potentialAction":[{"@type":"ReadAction","target":["https:\/\/www.notibras.com\/site\/timao-da-o-troco-bragantino-e-garante-vaga-nas-quartas\/"]}]},{"@type":"ImageObject","inLanguage":"pt-BR","@id":"https:\/\/www.notibras.com\/site\/timao-da-o-troco-bragantino-e-garante-vaga-nas-quartas\/#primaryimage","url":"https:\/\/www.notibras.com\/site\/wp-content\/uploads\/2014\/09\/03felipefestagol3maurohoritaagifgazeta.jpg","contentUrl":"https:\/\/www.notibras.com\/site\/wp-content\/uploads\/2014\/09\/03felipefestagol3maurohoritaagifgazeta.jpg","width":751,"height":500},{"@type":"BreadcrumbList","@id":"https:\/\/www.notibras.com\/site\/timao-da-o-troco-bragantino-e-garante-vaga-nas-quartas\/#breadcrumb","itemListElement":[{"@type":"ListItem","position":1,"name":"In\u00edcio","item":"https:\/\/www.notibras.com\/site\/"},{"@type":"ListItem","position":2,"name":"Tim\u00e3o d\u00e1 o troco no Bragantino e garante vaga nas quartas"}]},{"@type":"WebSite","@id":"https:\/\/www.notibras.com\/site\/#website","url":"https:\/\/www.notibras.com\/site\/","name":"Notibras","description":"Not\u00edcias de Bras\u00edlia, do Brasil e do Mundo","publisher":{"@id":"https:\/\/www.notibras.com\/site\/#organization"},"potentialAction":[{"@type":"SearchAction","target":{"@type":"EntryPoint","urlTemplate":"https:\/\/www.notibras.com\/site\/?s={search_term_string}"},"query-input":{"@type":"PropertyValueSpecification","valueRequired":true,"valueName":"search_term_string"}}],"inLanguage":"pt-BR"},{"@type":"Organization","@id":"https:\/\/www.notibras.com\/site\/#organization","name":"Grupo Notibras de Comunica\u00e7\u00e3o","url":"https:\/\/www.notibras.com\/site\/","logo":{"@type":"ImageObject","inLanguage":"pt-BR","@id":"https:\/\/www.notibras.com\/site\/#\/schema\/logo\/image\/","url":"https:\/\/www.notibras.com\/site\/wp-content\/uploads\/2023\/01\/notibras23.png","contentUrl":"https:\/\/www.notibras.com\/site\/wp-content\/uploads\/2023\/01\/notibras23.png","width":350,"height":87,"caption":"Grupo Notibras de Comunica\u00e7\u00e3o"},"image":{"@id":"https:\/\/www.notibras.com\/site\/#\/schema\/logo\/image\/"},"sameAs":["https:\/\/www.facebook.com\/notibras\/","https:\/\/x.com\/Notibras","https:\/\/www.instagram.com\/notibras\/"]},{"@type":"Person","@id":"https:\/\/www.notibras.com\/site\/#\/schema\/person\/36ab0979449956132d3e5b517ea76ac8","name":"Reda\u00e7\u00e3o","image":{"@type":"ImageObject","inLanguage":"pt-BR","@id":"https:\/\/secure.gravatar.com\/avatar\/e0a867bdedb85fd243eadf09663511f96fc81e0720a4a42581f334ad4303aa6b?s=96&d=mm&r=g","url":"https:\/\/secure.gravatar.com\/avatar\/e0a867bdedb85fd243eadf09663511f96fc81e0720a4a42581f334ad4303aa6b?s=96&d=mm&r=g","contentUrl":"https:\/\/secure.gravatar.com\/avatar\/e0a867bdedb85fd243eadf09663511f96fc81e0720a4a42581f334ad4303aa6b?s=96&d=mm&r=g","caption":"Reda\u00e7\u00e3o"}}]}},"amp_enabled":true,"_links":{"self":[{"href":"https:\/\/www.notibras.com\/site\/wp-json\/wp\/v2\/posts\/21420","targetHints":{"allow":["GET"]}}],"collection":[{"href":"https:\/\/www.notibras.com\/site\/wp-json\/wp\/v2\/posts"}],"about":[{"href":"https:\/\/www.notibras.com\/site\/wp-json\/wp\/v2\/types\/post"}],"author":[{"embeddable":true,"href":"https:\/\/www.notibras.com\/site\/wp-json\/wp\/v2\/users\/2"}],"replies":[{"embeddable":true,"href":"https:\/\/www.notibras.com\/site\/wp-json\/wp\/v2\/comments?post=21420"}],"version-history":[{"count":0,"href":"https:\/\/www.notibras.com\/site\/wp-json\/wp\/v2\/posts\/21420\/revisions"}],"wp:featuredmedia":[{"embeddable":true,"href":"https:\/\/www.notibras.com\/site\/wp-json\/wp\/v2\/media\/21421"}],"wp:attachment":[{"href":"https:\/\/www.notibras.com\/site\/wp-json\/wp\/v2\/media?parent=21420"}],"wp:term":[{"taxonomy":"category","embeddable":true,"href":"https:\/\/www.notibras.com\/site\/wp-json\/wp\/v2\/categories?post=21420"},{"taxonomy":"post_tag","embeddable":true,"href":"https:\/\/www.notibras.com\/site\/wp-json\/wp\/v2\/tags?post=21420"}],"curies":[{"name":"wp","href":"https:\/\/api.w.org\/{rel}","templated":true}]}}