{"id":21424,"date":"2014-09-03T22:08:25","date_gmt":"2014-09-04T01:08:25","guid":{"rendered":"http:\/\/www.notibras.com\/site\/?p=21424"},"modified":"2014-09-04T01:10:32","modified_gmt":"2014-09-04T04:10:32","slug":"goias-vence-e-tira-o-fluminense-da-copa-sulamericana","status":"publish","type":"post","link":"https:\/\/www.notibras.com\/site\/goias-vence-e-tira-o-fluminense-da-copa-sulamericana\/","title":{"rendered":"Goi\u00e1s vence e tira o Fluminense da Copa Sul-Americana"},"content":{"rendered":"<p>O Fluminense n\u00e3o conseguiu segurar o Goi\u00e1s e acabou eliminado da Copa Sul-Americana. Nesta quarta-feira, jogando no Serra Dourada, a equipe carioca precisava apenas de um empate para avan\u00e7ar na competi\u00e7\u00e3o continental. No entanto, o atacante Erik voltou a brilhar, fez o gol da vit\u00f3ria por 1 a 0 e sacramentou\u00a0a elimina\u00e7\u00e3o do time de Crist\u00f3v\u00e3o Borges.<\/p>\n<p class=\"text\">Al\u00e9m de ser fundamental para a classifica\u00e7\u00e3o do Goi\u00e1s nesta quarta-feira, Erik j\u00e1 havia decidido a partida do final de semana, ao marcar tr\u00eas gols contra o Atl\u00e9tico-PR pelo Campeonato Brasileiro. O atacante tamb\u00e9m foi o autor do tento na partida de ida, que terminou\u00a0com vit\u00f3ria carioca por 2 a 1, fundamental para a continua\u00e7\u00e3o da equipe no torneio continental.<\/p>\n<p class=\"text\">O primeiro tempo no Serra Dourada foi movimentado com oportunidades claras de gol para os dois lados. O Fluminense, com duas chances, teve uma leve superioridade sobre os donos da casa.<\/p>\n<p class=\"text\">Aos 16min, Conca cruzou no primeiro poste e Carlinhos quase marcou de cabe\u00e7a. O Goi\u00e1s respondeu aos 18min. Tiago Real arriscou de fora da \u00e1rea e Felipe espalmou. O lance mais perigoso veio aos 27min. Carlinhos fez grande jogada pela esquerda, invadiu a \u00e1rea e, frente a frente com Renan, bateu para fora.<\/p>\n<p class=\"text\">Precisando de uma simples vit\u00f3ria para avan\u00e7ar \u00e0s oitavas de final, o Goi\u00e1s voltou do intervalo com todo g\u00e1s e logo no primeiro minuto abriu o placar. Ap\u00f3s cobran\u00e7a de escanteio da direita, L\u00e9o Veloso escorou na primeira trave e Erik completou de cabe\u00e7a. A situa\u00e7\u00e3o do Fluminense que j\u00e1 era dif\u00edcil ficou ainda mais complicada aos\u00a015min. Elivelton cometou falta dura em Esquerdinha, levou o segundo amarelo e acabou expulso de campo.<\/p>\n<p class=\"text\">Com um a mais em campo, o Goi\u00e1s s\u00f3 administrou a vantagem para conquistar a vit\u00f3ria e carimbar a classifica\u00e7\u00e3o para a pr\u00f3xima fase da Copa Sul-Americana.<\/p>\n<p class=\"text\">Com a vaga garantida, o Goi\u00e1s encara quem avan\u00e7ar do confronto entre Universitario Sucre e Universidad C\u00e9sar Vallejo, a primeira partida, no entanto, acontece apenas no dia 17 de setembro.<\/p>\n","protected":false},"excerpt":{"rendered":"<p>O Fluminense n\u00e3o conseguiu segurar o Goi\u00e1s e acabou eliminado da Copa Sul-Americana. Nesta quarta-feira, jogando no Serra Dourada, a equipe carioca precisava apenas de um empate para avan\u00e7ar na competi\u00e7\u00e3o continental. No entanto, o atacante Erik voltou a brilhar, fez o gol da vit\u00f3ria por 1 a 0 e sacramentou\u00a0a elimina\u00e7\u00e3o do time de [&hellip;]<\/p>\n","protected":false},"author":2,"featured_media":21425,"comment_status":"open","ping_status":"closed","sticky":false,"template":"","format":"standard","meta":{"_acf_changed":false,"footnotes":""},"categories":[19,29],"tags":[],"class_list":["post-21424","post","type-post","status-publish","format-standard","has-post-thumbnail","hentry","category-esportes","category-futebol"],"acf":[],"yoast_head":"<!-- This site is optimized with the Yoast SEO plugin v27.2 - https:\/\/yoast.com\/product\/yoast-seo-wordpress\/ -->\n<title>Goi\u00e1s vence e tira o Fluminense da Copa Sul-Americana - Notibras<\/title>\n<meta name=\"robots\" content=\"index, follow, max-snippet:-1, max-image-preview:large, max-video-preview:-1\" \/>\n<link rel=\"canonical\" href=\"https:\/\/www.notibras.com\/site\/goias-vence-e-tira-o-fluminense-da-copa-sulamericana\/\" \/>\n<meta property=\"og:locale\" content=\"pt_BR\" \/>\n<meta property=\"og:type\" content=\"article\" \/>\n<meta property=\"og:title\" content=\"Goi\u00e1s vence e tira o Fluminense da Copa Sul-Americana - Notibras\" \/>\n<meta property=\"og:description\" content=\"O Fluminense n\u00e3o conseguiu segurar o Goi\u00e1s e acabou eliminado da Copa Sul-Americana. Nesta quarta-feira, jogando no Serra Dourada, a equipe carioca precisava apenas de um empate para avan\u00e7ar na competi\u00e7\u00e3o continental. No entanto, o atacante Erik voltou a brilhar, fez o gol da vit\u00f3ria por 1 a 0 e sacramentou\u00a0a elimina\u00e7\u00e3o do time de [&hellip;]\" \/>\n<meta property=\"og:url\" content=\"https:\/\/www.notibras.com\/site\/goias-vence-e-tira-o-fluminense-da-copa-sulamericana\/\" \/>\n<meta property=\"og:site_name\" content=\"Notibras\" \/>\n<meta property=\"article:publisher\" content=\"https:\/\/www.facebook.com\/notibras\/\" \/>\n<meta property=\"article:published_time\" content=\"2014-09-04T01:08:25+00:00\" \/>\n<meta property=\"article:modified_time\" content=\"2014-09-04T04:10:32+00:00\" \/>\n<meta property=\"og:image\" content=\"https:\/\/www.notibras.com\/site\/wp-content\/uploads\/2014\/09\/flu.jpg\" \/>\n\t<meta property=\"og:image:width\" content=\"460\" \/>\n\t<meta property=\"og:image:height\" content=\"340\" \/>\n\t<meta property=\"og:image:type\" content=\"image\/jpeg\" \/>\n<meta name=\"author\" content=\"Reda\u00e7\u00e3o\" \/>\n<meta name=\"twitter:card\" content=\"summary_large_image\" \/>\n<meta name=\"twitter:creator\" content=\"@Notibras\" \/>\n<meta name=\"twitter:site\" content=\"@Notibras\" \/>\n<meta name=\"twitter:label1\" content=\"Escrito por\" \/>\n\t<meta name=\"twitter:data1\" content=\"Reda\u00e7\u00e3o\" \/>\n\t<meta name=\"twitter:label2\" content=\"Est. tempo de leitura\" \/>\n\t<meta name=\"twitter:data2\" content=\"2 minutos\" \/>\n<script type=\"application\/ld+json\" class=\"yoast-schema-graph\">{\"@context\":\"https:\/\/schema.org\",\"@graph\":[{\"@type\":\"Article\",\"@id\":\"https:\/\/www.notibras.com\/site\/goias-vence-e-tira-o-fluminense-da-copa-sulamericana\/#article\",\"isPartOf\":{\"@id\":\"https:\/\/www.notibras.com\/site\/goias-vence-e-tira-o-fluminense-da-copa-sulamericana\/\"},\"author\":{\"name\":\"Reda\u00e7\u00e3o\",\"@id\":\"https:\/\/www.notibras.com\/site\/#\/schema\/person\/36ab0979449956132d3e5b517ea76ac8\"},\"headline\":\"Goi\u00e1s vence e tira o Fluminense da Copa Sul-Americana\",\"datePublished\":\"2014-09-04T01:08:25+00:00\",\"dateModified\":\"2014-09-04T04:10:32+00:00\",\"mainEntityOfPage\":{\"@id\":\"https:\/\/www.notibras.com\/site\/goias-vence-e-tira-o-fluminense-da-copa-sulamericana\/\"},\"wordCount\":373,\"commentCount\":0,\"publisher\":{\"@id\":\"https:\/\/www.notibras.com\/site\/#organization\"},\"image\":{\"@id\":\"https:\/\/www.notibras.com\/site\/goias-vence-e-tira-o-fluminense-da-copa-sulamericana\/#primaryimage\"},\"thumbnailUrl\":\"https:\/\/www.notibras.com\/site\/wp-content\/uploads\/2014\/09\/flu.jpg\",\"articleSection\":[\"Esportes\",\"Futebol\"],\"inLanguage\":\"pt-BR\",\"potentialAction\":[{\"@type\":\"CommentAction\",\"name\":\"Comment\",\"target\":[\"https:\/\/www.notibras.com\/site\/goias-vence-e-tira-o-fluminense-da-copa-sulamericana\/#respond\"]}]},{\"@type\":\"WebPage\",\"@id\":\"https:\/\/www.notibras.com\/site\/goias-vence-e-tira-o-fluminense-da-copa-sulamericana\/\",\"url\":\"https:\/\/www.notibras.com\/site\/goias-vence-e-tira-o-fluminense-da-copa-sulamericana\/\",\"name\":\"Goi\u00e1s vence e tira o Fluminense da Copa Sul-Americana - Notibras\",\"isPartOf\":{\"@id\":\"https:\/\/www.notibras.com\/site\/#website\"},\"primaryImageOfPage\":{\"@id\":\"https:\/\/www.notibras.com\/site\/goias-vence-e-tira-o-fluminense-da-copa-sulamericana\/#primaryimage\"},\"image\":{\"@id\":\"https:\/\/www.notibras.com\/site\/goias-vence-e-tira-o-fluminense-da-copa-sulamericana\/#primaryimage\"},\"thumbnailUrl\":\"https:\/\/www.notibras.com\/site\/wp-content\/uploads\/2014\/09\/flu.jpg\",\"datePublished\":\"2014-09-04T01:08:25+00:00\",\"dateModified\":\"2014-09-04T04:10:32+00:00\",\"breadcrumb\":{\"@id\":\"https:\/\/www.notibras.com\/site\/goias-vence-e-tira-o-fluminense-da-copa-sulamericana\/#breadcrumb\"},\"inLanguage\":\"pt-BR\",\"potentialAction\":[{\"@type\":\"ReadAction\",\"target\":[\"https:\/\/www.notibras.com\/site\/goias-vence-e-tira-o-fluminense-da-copa-sulamericana\/\"]}]},{\"@type\":\"ImageObject\",\"inLanguage\":\"pt-BR\",\"@id\":\"https:\/\/www.notibras.com\/site\/goias-vence-e-tira-o-fluminense-da-copa-sulamericana\/#primaryimage\",\"url\":\"https:\/\/www.notibras.com\/site\/wp-content\/uploads\/2014\/09\/flu.jpg\",\"contentUrl\":\"https:\/\/www.notibras.com\/site\/wp-content\/uploads\/2014\/09\/flu.jpg\",\"width\":460,\"height\":340},{\"@type\":\"BreadcrumbList\",\"@id\":\"https:\/\/www.notibras.com\/site\/goias-vence-e-tira-o-fluminense-da-copa-sulamericana\/#breadcrumb\",\"itemListElement\":[{\"@type\":\"ListItem\",\"position\":1,\"name\":\"In\u00edcio\",\"item\":\"https:\/\/www.notibras.com\/site\/\"},{\"@type\":\"ListItem\",\"position\":2,\"name\":\"Goi\u00e1s vence e tira o Fluminense da Copa Sul-Americana\"}]},{\"@type\":\"WebSite\",\"@id\":\"https:\/\/www.notibras.com\/site\/#website\",\"url\":\"https:\/\/www.notibras.com\/site\/\",\"name\":\"Notibras\",\"description\":\"Not\u00edcias de Bras\u00edlia, do Brasil e do Mundo\",\"publisher\":{\"@id\":\"https:\/\/www.notibras.com\/site\/#organization\"},\"potentialAction\":[{\"@type\":\"SearchAction\",\"target\":{\"@type\":\"EntryPoint\",\"urlTemplate\":\"https:\/\/www.notibras.com\/site\/?s={search_term_string}\"},\"query-input\":{\"@type\":\"PropertyValueSpecification\",\"valueRequired\":true,\"valueName\":\"search_term_string\"}}],\"inLanguage\":\"pt-BR\"},{\"@type\":\"Organization\",\"@id\":\"https:\/\/www.notibras.com\/site\/#organization\",\"name\":\"Grupo Notibras de Comunica\u00e7\u00e3o\",\"url\":\"https:\/\/www.notibras.com\/site\/\",\"logo\":{\"@type\":\"ImageObject\",\"inLanguage\":\"pt-BR\",\"@id\":\"https:\/\/www.notibras.com\/site\/#\/schema\/logo\/image\/\",\"url\":\"https:\/\/www.notibras.com\/site\/wp-content\/uploads\/2023\/01\/notibras23.png\",\"contentUrl\":\"https:\/\/www.notibras.com\/site\/wp-content\/uploads\/2023\/01\/notibras23.png\",\"width\":350,\"height\":87,\"caption\":\"Grupo Notibras de Comunica\u00e7\u00e3o\"},\"image\":{\"@id\":\"https:\/\/www.notibras.com\/site\/#\/schema\/logo\/image\/\"},\"sameAs\":[\"https:\/\/www.facebook.com\/notibras\/\",\"https:\/\/x.com\/Notibras\",\"https:\/\/www.instagram.com\/notibras\/\"]},{\"@type\":\"Person\",\"@id\":\"https:\/\/www.notibras.com\/site\/#\/schema\/person\/36ab0979449956132d3e5b517ea76ac8\",\"name\":\"Reda\u00e7\u00e3o\",\"image\":{\"@type\":\"ImageObject\",\"inLanguage\":\"pt-BR\",\"@id\":\"https:\/\/secure.gravatar.com\/avatar\/e0a867bdedb85fd243eadf09663511f96fc81e0720a4a42581f334ad4303aa6b?s=96&d=mm&r=g\",\"url\":\"https:\/\/secure.gravatar.com\/avatar\/e0a867bdedb85fd243eadf09663511f96fc81e0720a4a42581f334ad4303aa6b?s=96&d=mm&r=g\",\"contentUrl\":\"https:\/\/secure.gravatar.com\/avatar\/e0a867bdedb85fd243eadf09663511f96fc81e0720a4a42581f334ad4303aa6b?s=96&d=mm&r=g\",\"caption\":\"Reda\u00e7\u00e3o\"}}]}<\/script>\n<!-- \/ Yoast SEO plugin. -->","yoast_head_json":{"title":"Goi\u00e1s vence e tira o Fluminense da Copa Sul-Americana - Notibras","robots":{"index":"index","follow":"follow","max-snippet":"max-snippet:-1","max-image-preview":"max-image-preview:large","max-video-preview":"max-video-preview:-1"},"canonical":"https:\/\/www.notibras.com\/site\/goias-vence-e-tira-o-fluminense-da-copa-sulamericana\/","og_locale":"pt_BR","og_type":"article","og_title":"Goi\u00e1s vence e tira o Fluminense da Copa Sul-Americana - Notibras","og_description":"O Fluminense n\u00e3o conseguiu segurar o Goi\u00e1s e acabou eliminado da Copa Sul-Americana. Nesta quarta-feira, jogando no Serra Dourada, a equipe carioca precisava apenas de um empate para avan\u00e7ar na competi\u00e7\u00e3o continental. No entanto, o atacante Erik voltou a brilhar, fez o gol da vit\u00f3ria por 1 a 0 e sacramentou\u00a0a elimina\u00e7\u00e3o do time de [&hellip;]","og_url":"https:\/\/www.notibras.com\/site\/goias-vence-e-tira-o-fluminense-da-copa-sulamericana\/","og_site_name":"Notibras","article_publisher":"https:\/\/www.facebook.com\/notibras\/","article_published_time":"2014-09-04T01:08:25+00:00","article_modified_time":"2014-09-04T04:10:32+00:00","og_image":[{"width":460,"height":340,"url":"https:\/\/www.notibras.com\/site\/wp-content\/uploads\/2014\/09\/flu.jpg","type":"image\/jpeg"}],"author":"Reda\u00e7\u00e3o","twitter_card":"summary_large_image","twitter_creator":"@Notibras","twitter_site":"@Notibras","twitter_misc":{"Escrito por":"Reda\u00e7\u00e3o","Est. tempo de leitura":"2 minutos"},"schema":{"@context":"https:\/\/schema.org","@graph":[{"@type":"Article","@id":"https:\/\/www.notibras.com\/site\/goias-vence-e-tira-o-fluminense-da-copa-sulamericana\/#article","isPartOf":{"@id":"https:\/\/www.notibras.com\/site\/goias-vence-e-tira-o-fluminense-da-copa-sulamericana\/"},"author":{"name":"Reda\u00e7\u00e3o","@id":"https:\/\/www.notibras.com\/site\/#\/schema\/person\/36ab0979449956132d3e5b517ea76ac8"},"headline":"Goi\u00e1s vence e tira o Fluminense da Copa Sul-Americana","datePublished":"2014-09-04T01:08:25+00:00","dateModified":"2014-09-04T04:10:32+00:00","mainEntityOfPage":{"@id":"https:\/\/www.notibras.com\/site\/goias-vence-e-tira-o-fluminense-da-copa-sulamericana\/"},"wordCount":373,"commentCount":0,"publisher":{"@id":"https:\/\/www.notibras.com\/site\/#organization"},"image":{"@id":"https:\/\/www.notibras.com\/site\/goias-vence-e-tira-o-fluminense-da-copa-sulamericana\/#primaryimage"},"thumbnailUrl":"https:\/\/www.notibras.com\/site\/wp-content\/uploads\/2014\/09\/flu.jpg","articleSection":["Esportes","Futebol"],"inLanguage":"pt-BR","potentialAction":[{"@type":"CommentAction","name":"Comment","target":["https:\/\/www.notibras.com\/site\/goias-vence-e-tira-o-fluminense-da-copa-sulamericana\/#respond"]}]},{"@type":"WebPage","@id":"https:\/\/www.notibras.com\/site\/goias-vence-e-tira-o-fluminense-da-copa-sulamericana\/","url":"https:\/\/www.notibras.com\/site\/goias-vence-e-tira-o-fluminense-da-copa-sulamericana\/","name":"Goi\u00e1s vence e tira o Fluminense da Copa Sul-Americana - Notibras","isPartOf":{"@id":"https:\/\/www.notibras.com\/site\/#website"},"primaryImageOfPage":{"@id":"https:\/\/www.notibras.com\/site\/goias-vence-e-tira-o-fluminense-da-copa-sulamericana\/#primaryimage"},"image":{"@id":"https:\/\/www.notibras.com\/site\/goias-vence-e-tira-o-fluminense-da-copa-sulamericana\/#primaryimage"},"thumbnailUrl":"https:\/\/www.notibras.com\/site\/wp-content\/uploads\/2014\/09\/flu.jpg","datePublished":"2014-09-04T01:08:25+00:00","dateModified":"2014-09-04T04:10:32+00:00","breadcrumb":{"@id":"https:\/\/www.notibras.com\/site\/goias-vence-e-tira-o-fluminense-da-copa-sulamericana\/#breadcrumb"},"inLanguage":"pt-BR","potentialAction":[{"@type":"ReadAction","target":["https:\/\/www.notibras.com\/site\/goias-vence-e-tira-o-fluminense-da-copa-sulamericana\/"]}]},{"@type":"ImageObject","inLanguage":"pt-BR","@id":"https:\/\/www.notibras.com\/site\/goias-vence-e-tira-o-fluminense-da-copa-sulamericana\/#primaryimage","url":"https:\/\/www.notibras.com\/site\/wp-content\/uploads\/2014\/09\/flu.jpg","contentUrl":"https:\/\/www.notibras.com\/site\/wp-content\/uploads\/2014\/09\/flu.jpg","width":460,"height":340},{"@type":"BreadcrumbList","@id":"https:\/\/www.notibras.com\/site\/goias-vence-e-tira-o-fluminense-da-copa-sulamericana\/#breadcrumb","itemListElement":[{"@type":"ListItem","position":1,"name":"In\u00edcio","item":"https:\/\/www.notibras.com\/site\/"},{"@type":"ListItem","position":2,"name":"Goi\u00e1s vence e tira o Fluminense da Copa Sul-Americana"}]},{"@type":"WebSite","@id":"https:\/\/www.notibras.com\/site\/#website","url":"https:\/\/www.notibras.com\/site\/","name":"Notibras","description":"Not\u00edcias de Bras\u00edlia, do Brasil e do Mundo","publisher":{"@id":"https:\/\/www.notibras.com\/site\/#organization"},"potentialAction":[{"@type":"SearchAction","target":{"@type":"EntryPoint","urlTemplate":"https:\/\/www.notibras.com\/site\/?s={search_term_string}"},"query-input":{"@type":"PropertyValueSpecification","valueRequired":true,"valueName":"search_term_string"}}],"inLanguage":"pt-BR"},{"@type":"Organization","@id":"https:\/\/www.notibras.com\/site\/#organization","name":"Grupo Notibras de Comunica\u00e7\u00e3o","url":"https:\/\/www.notibras.com\/site\/","logo":{"@type":"ImageObject","inLanguage":"pt-BR","@id":"https:\/\/www.notibras.com\/site\/#\/schema\/logo\/image\/","url":"https:\/\/www.notibras.com\/site\/wp-content\/uploads\/2023\/01\/notibras23.png","contentUrl":"https:\/\/www.notibras.com\/site\/wp-content\/uploads\/2023\/01\/notibras23.png","width":350,"height":87,"caption":"Grupo Notibras de Comunica\u00e7\u00e3o"},"image":{"@id":"https:\/\/www.notibras.com\/site\/#\/schema\/logo\/image\/"},"sameAs":["https:\/\/www.facebook.com\/notibras\/","https:\/\/x.com\/Notibras","https:\/\/www.instagram.com\/notibras\/"]},{"@type":"Person","@id":"https:\/\/www.notibras.com\/site\/#\/schema\/person\/36ab0979449956132d3e5b517ea76ac8","name":"Reda\u00e7\u00e3o","image":{"@type":"ImageObject","inLanguage":"pt-BR","@id":"https:\/\/secure.gravatar.com\/avatar\/e0a867bdedb85fd243eadf09663511f96fc81e0720a4a42581f334ad4303aa6b?s=96&d=mm&r=g","url":"https:\/\/secure.gravatar.com\/avatar\/e0a867bdedb85fd243eadf09663511f96fc81e0720a4a42581f334ad4303aa6b?s=96&d=mm&r=g","contentUrl":"https:\/\/secure.gravatar.com\/avatar\/e0a867bdedb85fd243eadf09663511f96fc81e0720a4a42581f334ad4303aa6b?s=96&d=mm&r=g","caption":"Reda\u00e7\u00e3o"}}]}},"amp_enabled":true,"_links":{"self":[{"href":"https:\/\/www.notibras.com\/site\/wp-json\/wp\/v2\/posts\/21424","targetHints":{"allow":["GET"]}}],"collection":[{"href":"https:\/\/www.notibras.com\/site\/wp-json\/wp\/v2\/posts"}],"about":[{"href":"https:\/\/www.notibras.com\/site\/wp-json\/wp\/v2\/types\/post"}],"author":[{"embeddable":true,"href":"https:\/\/www.notibras.com\/site\/wp-json\/wp\/v2\/users\/2"}],"replies":[{"embeddable":true,"href":"https:\/\/www.notibras.com\/site\/wp-json\/wp\/v2\/comments?post=21424"}],"version-history":[{"count":0,"href":"https:\/\/www.notibras.com\/site\/wp-json\/wp\/v2\/posts\/21424\/revisions"}],"wp:featuredmedia":[{"embeddable":true,"href":"https:\/\/www.notibras.com\/site\/wp-json\/wp\/v2\/media\/21425"}],"wp:attachment":[{"href":"https:\/\/www.notibras.com\/site\/wp-json\/wp\/v2\/media?parent=21424"}],"wp:term":[{"taxonomy":"category","embeddable":true,"href":"https:\/\/www.notibras.com\/site\/wp-json\/wp\/v2\/categories?post=21424"},{"taxonomy":"post_tag","embeddable":true,"href":"https:\/\/www.notibras.com\/site\/wp-json\/wp\/v2\/tags?post=21424"}],"curies":[{"name":"wp","href":"https:\/\/api.w.org\/{rel}","templated":true}]}}