{"id":21451,"date":"2014-09-04T15:23:43","date_gmt":"2014-09-04T18:23:43","guid":{"rendered":"http:\/\/www.notibras.com\/site\/?p=21451"},"modified":"2014-09-04T15:23:43","modified_gmt":"2014-09-04T18:23:43","slug":"oposicao-apaga-brilho-da-estrela-em-antigos-currais-do-pt","status":"publish","type":"post","link":"https:\/\/www.notibras.com\/site\/oposicao-apaga-brilho-da-estrela-em-antigos-currais-do-pt\/","title":{"rendered":"Oposi\u00e7\u00e3o apaga brilho da estrela em antigos currais do PT"},"content":{"rendered":"<p>N\u00e3o \u00e9 s\u00f3 a candidatura de reelei\u00e7\u00e3o da presidente Dilma Rousseff que est\u00e1 amea\u00e7ada de ir para o espa\u00e7o, por conta do turbilh\u00e3o Marina Silva.<\/p>\n<p>O PT, o seu partido, est\u00e1 tamb\u00e9m correndo s\u00e9rios riscos de sofrer duras derrotas nas elei\u00e7\u00f5es para governador e senador de importantes\u00a0 estados, como S\u00e3o Paulo, Rio de Janeiro, Paran\u00e1, Rio Grande do Sul, Bahia, Cear\u00e1 e Distrito Federal.<\/p>\n<p>Em S\u00e3o Paulo, a aposta do ex \u2013presidente Lula de desalojar o PSDB do Pal\u00e1cio dos Bandeirantes, onde est\u00e1 h\u00e1 vinte anos, elegendo um candidato do PT n\u00e3o est\u00e1 passando de um sonho de ver\u00e3o. O poste para tal fa\u00e7anha, indicado por Lula, o ex \u2013ministro da Sa\u00fade Alexandre Padilha, est\u00e1\u00a0 amargando um ter\u00e7o lugar nas pesquisas, com minguados 7%, enquanto o tucano\u00a0\u00a0 Geraldo Alckimin lidera as pesquisas para ser reeleito governador, com 47% das inten\u00e7\u00f5es de voto.\u00a0 E ainda o PT e o Lula est\u00e3o tendo o constrangimento\u00a0 de ver a elei\u00e7\u00e3o do seu eterno advers\u00e1rio Jos\u00e9 Serra para ocupar a vaga no Senado, no lugar do tradicional petista Eduardo Suplicy.<\/p>\n<p>Na Bahia, o candidato do DEM, ex \u2013governador Paulo Souto, caminha para impor derrota ao governador petista Jaques Wagner, Paulo Souto tem 44% das pesquisas, enquanto o petista Antonio Costa est\u00e1 com 15%. Geddel Vieira (PMDB), que apoia a candidatura de A\u00e9cio Neves, lidera as pesquisas para o Senado.<\/p>\n<p>No Rio de Janeiro, a situa\u00e7\u00e3o do senador petista Lindbergh Farias \u00e9 mais complicada. Ele est\u00e1 com apenas 12% das inten\u00e7\u00f5es de voto, em quarto lugar. Na sua frente est\u00e3o Anthony Garotinho (PR), com 28%, Luis Fernando Pez\u00e3o (PMDB), candidato \u00e0 reelei\u00e7\u00e3o, com 18%, vindo em terceiro lugar o evang\u00e9lico Marcelo Crivela (PRB),\u00a0 com 16%. O ex \u2013jogador de futebol e hoje deputado federal Rom\u00e1rio\u00a0 tem praticamente garantida sua elei\u00e7\u00e3o de senador. Ele apoia a candidata Marina Silva.<\/p>\n<p>No Paran\u00e1, a senadora e ex \u2013chefe da Casa Civil da presidente Dilma, Gleisi Hoffmann ocupa a inc\u00f4moda posi\u00e7\u00e3o de 3\u00b0 lugar, com 10% das inten\u00e7\u00f5es de voto. Na sua frente est\u00e3o o candidato \u00e0 reelei\u00e7\u00e3o Beto Richa (PSDB), com 43%, e o senador e ex \u2013governador Roberto Requi\u00e3o\u00a0 (PMDB), com 26%. Alvaro Dias, hoje l\u00edder da oposi\u00e7\u00e3o no Senado, tem quase certa sua reelei\u00e7\u00e3o pelo PSDB.<\/p>\n<p>No Rio Grande do Sul, a senadora Ana Am\u00e9lia Lemos (PP), com 36% das inten\u00e7\u00f5es de voto, lidera as pesquisas contra o governador Tarso Genro, que tem 33%. O senador Pedro Simon,\u00a0 que s\u00f3 decidiu ser candidato \u00e0 sua reelei\u00e7\u00e3o na semana passada, \u00e9 apontado como o vencedor das elei\u00e7\u00f5es para o Senado pela quinta vez consecutiva. Ele apoia Marina Silva.<\/p>\n<blockquote><p>No Distrito Federal, o candidato Jos\u00e9 Roberto Arruda, se superar as dificuldades que enfrenta na Justi\u00e7a Eleitoral, derrotar\u00e1 o candidato do PT, o atual governador Agnelo Queir\u00f3z, que postula a reelei\u00e7\u00e3o. As pesquisas\u00a0 d\u00e3o 36% para Arruda, e 16% para Agnelo. O deputado Regufe, que apoia a Marina, tem como garantida sua elei\u00e7\u00e3o para o Senado, tal a enorme vantagem de inten\u00e7\u00f5es de voto que tem em rela\u00e7\u00e3o ao candidato do PT Geraldo Magela.<\/p><\/blockquote>\n<p>No Maranh\u00e3o, o pa\u00eds vai assistir o sepultamento da dinastia Sarney, com a derrota do seu candidato \u00e0 sucess\u00e3o de\u00a0 Roseana Sarney, o senador Edson Lob\u00e3o Filho, que ser\u00e1 imposta pelo candidato do\u00a0 PC do B Fl\u00e1vio Dino.<\/p>\n<p>Contrariando os petistas locais, a presidente Dilma e o ex \u2013presidente Lula estiveram em S\u00e3o Luiz para apoiar o candidato de Jos\u00e9 Sarney. Ajudaram, assim, a decreta\u00e7\u00e3o do fim de uma hegemonia de 50 anos.<\/p>\n<p>No Amazonas, o senador e ex-governador Eduardo Braga, do PMDB, com apoio do PT, lidera as pesquisas, com 48% das inten\u00e7\u00f5es de voto, contra o atual governador Jos\u00e9 Melo, do PROS, com 37%. Para o Senado, o ex-governador Omar Aziz (PSD) lidera as pesquisas com 61%, enquanto o candidato do PT, deputado Francisco Praciano, tem apenas 15%.<\/p>\n<p><strong>Cl\u00e1udio Coletti<\/strong><\/p>\n","protected":false},"excerpt":{"rendered":"<p>N\u00e3o \u00e9 s\u00f3 a candidatura de reelei\u00e7\u00e3o da presidente Dilma Rousseff que est\u00e1 amea\u00e7ada de ir para o espa\u00e7o, por conta do turbilh\u00e3o Marina Silva. O PT, o seu partido, est\u00e1 tamb\u00e9m correndo s\u00e9rios riscos de sofrer duras derrotas nas elei\u00e7\u00f5es para governador e senador de importantes\u00a0 estados, como S\u00e3o Paulo, Rio de Janeiro, Paran\u00e1, [&hellip;]<\/p>\n","protected":false},"author":2,"featured_media":21452,"comment_status":"open","ping_status":"closed","sticky":false,"template":"","format":"standard","meta":{"_acf_changed":false,"footnotes":""},"categories":[25],"tags":[],"class_list":["post-21451","post","type-post","status-publish","format-standard","has-post-thumbnail","hentry","category-opina-ai"],"acf":[],"yoast_head":"<!-- This site is optimized with the Yoast SEO plugin v27.5 - https:\/\/yoast.com\/product\/yoast-seo-wordpress\/ -->\n<title>Oposi\u00e7\u00e3o apaga brilho da estrela em antigos currais do PT - Notibras<\/title>\n<meta name=\"robots\" content=\"index, follow, max-snippet:-1, max-image-preview:large, max-video-preview:-1\" \/>\n<link rel=\"canonical\" href=\"https:\/\/www.notibras.com\/site\/oposicao-apaga-brilho-da-estrela-em-antigos-currais-do-pt\/\" \/>\n<meta property=\"og:locale\" content=\"pt_BR\" \/>\n<meta property=\"og:type\" content=\"article\" \/>\n<meta property=\"og:title\" content=\"Oposi\u00e7\u00e3o apaga brilho da estrela em antigos currais do PT - Notibras\" \/>\n<meta property=\"og:description\" content=\"N\u00e3o \u00e9 s\u00f3 a candidatura de reelei\u00e7\u00e3o da presidente Dilma Rousseff que est\u00e1 amea\u00e7ada de ir para o espa\u00e7o, por conta do turbilh\u00e3o Marina Silva. O PT, o seu partido, est\u00e1 tamb\u00e9m correndo s\u00e9rios riscos de sofrer duras derrotas nas elei\u00e7\u00f5es para governador e senador de importantes\u00a0 estados, como S\u00e3o Paulo, Rio de Janeiro, Paran\u00e1, [&hellip;]\" \/>\n<meta property=\"og:url\" content=\"https:\/\/www.notibras.com\/site\/oposicao-apaga-brilho-da-estrela-em-antigos-currais-do-pt\/\" \/>\n<meta property=\"og:site_name\" content=\"Notibras\" \/>\n<meta property=\"article:publisher\" content=\"https:\/\/www.facebook.com\/notibras\/\" \/>\n<meta property=\"article:published_time\" content=\"2014-09-04T18:23:43+00:00\" \/>\n<meta property=\"og:image\" content=\"https:\/\/www.notibras.com\/site\/wp-content\/uploads\/2014\/09\/psb-pt.jpg\" \/>\n\t<meta property=\"og:image:width\" content=\"729\" \/>\n\t<meta property=\"og:image:height\" content=\"420\" \/>\n\t<meta property=\"og:image:type\" content=\"image\/jpeg\" \/>\n<meta name=\"author\" content=\"Reda\u00e7\u00e3o\" \/>\n<meta name=\"twitter:card\" content=\"summary_large_image\" \/>\n<meta name=\"twitter:creator\" content=\"@Notibras\" \/>\n<meta name=\"twitter:site\" content=\"@Notibras\" \/>\n<meta name=\"twitter:label1\" content=\"Escrito por\" \/>\n\t<meta name=\"twitter:data1\" content=\"Reda\u00e7\u00e3o\" \/>\n\t<meta name=\"twitter:label2\" content=\"Est. tempo de leitura\" \/>\n\t<meta name=\"twitter:data2\" content=\"3 minutos\" \/>\n<script type=\"application\/ld+json\" class=\"yoast-schema-graph\">{\"@context\":\"https:\\\/\\\/schema.org\",\"@graph\":[{\"@type\":\"Article\",\"@id\":\"https:\\\/\\\/www.notibras.com\\\/site\\\/oposicao-apaga-brilho-da-estrela-em-antigos-currais-do-pt\\\/#article\",\"isPartOf\":{\"@id\":\"https:\\\/\\\/www.notibras.com\\\/site\\\/oposicao-apaga-brilho-da-estrela-em-antigos-currais-do-pt\\\/\"},\"author\":{\"name\":\"Reda\u00e7\u00e3o\",\"@id\":\"https:\\\/\\\/www.notibras.com\\\/site\\\/#\\\/schema\\\/person\\\/36ab0979449956132d3e5b517ea76ac8\"},\"headline\":\"Oposi\u00e7\u00e3o apaga brilho da estrela em antigos currais do PT\",\"datePublished\":\"2014-09-04T18:23:43+00:00\",\"mainEntityOfPage\":{\"@id\":\"https:\\\/\\\/www.notibras.com\\\/site\\\/oposicao-apaga-brilho-da-estrela-em-antigos-currais-do-pt\\\/\"},\"wordCount\":678,\"commentCount\":0,\"publisher\":{\"@id\":\"https:\\\/\\\/www.notibras.com\\\/site\\\/#organization\"},\"image\":{\"@id\":\"https:\\\/\\\/www.notibras.com\\\/site\\\/oposicao-apaga-brilho-da-estrela-em-antigos-currais-do-pt\\\/#primaryimage\"},\"thumbnailUrl\":\"https:\\\/\\\/www.notibras.com\\\/site\\\/wp-content\\\/uploads\\\/2014\\\/09\\\/psb-pt.jpg\",\"articleSection\":[\"Opina a\u00ed\"],\"inLanguage\":\"pt-BR\",\"potentialAction\":[{\"@type\":\"CommentAction\",\"name\":\"Comment\",\"target\":[\"https:\\\/\\\/www.notibras.com\\\/site\\\/oposicao-apaga-brilho-da-estrela-em-antigos-currais-do-pt\\\/#respond\"]}]},{\"@type\":\"WebPage\",\"@id\":\"https:\\\/\\\/www.notibras.com\\\/site\\\/oposicao-apaga-brilho-da-estrela-em-antigos-currais-do-pt\\\/\",\"url\":\"https:\\\/\\\/www.notibras.com\\\/site\\\/oposicao-apaga-brilho-da-estrela-em-antigos-currais-do-pt\\\/\",\"name\":\"Oposi\u00e7\u00e3o apaga brilho da estrela em antigos currais do PT - Notibras\",\"isPartOf\":{\"@id\":\"https:\\\/\\\/www.notibras.com\\\/site\\\/#website\"},\"primaryImageOfPage\":{\"@id\":\"https:\\\/\\\/www.notibras.com\\\/site\\\/oposicao-apaga-brilho-da-estrela-em-antigos-currais-do-pt\\\/#primaryimage\"},\"image\":{\"@id\":\"https:\\\/\\\/www.notibras.com\\\/site\\\/oposicao-apaga-brilho-da-estrela-em-antigos-currais-do-pt\\\/#primaryimage\"},\"thumbnailUrl\":\"https:\\\/\\\/www.notibras.com\\\/site\\\/wp-content\\\/uploads\\\/2014\\\/09\\\/psb-pt.jpg\",\"datePublished\":\"2014-09-04T18:23:43+00:00\",\"breadcrumb\":{\"@id\":\"https:\\\/\\\/www.notibras.com\\\/site\\\/oposicao-apaga-brilho-da-estrela-em-antigos-currais-do-pt\\\/#breadcrumb\"},\"inLanguage\":\"pt-BR\",\"potentialAction\":[{\"@type\":\"ReadAction\",\"target\":[\"https:\\\/\\\/www.notibras.com\\\/site\\\/oposicao-apaga-brilho-da-estrela-em-antigos-currais-do-pt\\\/\"]}]},{\"@type\":\"ImageObject\",\"inLanguage\":\"pt-BR\",\"@id\":\"https:\\\/\\\/www.notibras.com\\\/site\\\/oposicao-apaga-brilho-da-estrela-em-antigos-currais-do-pt\\\/#primaryimage\",\"url\":\"https:\\\/\\\/www.notibras.com\\\/site\\\/wp-content\\\/uploads\\\/2014\\\/09\\\/psb-pt.jpg\",\"contentUrl\":\"https:\\\/\\\/www.notibras.com\\\/site\\\/wp-content\\\/uploads\\\/2014\\\/09\\\/psb-pt.jpg\",\"width\":729,\"height\":420},{\"@type\":\"BreadcrumbList\",\"@id\":\"https:\\\/\\\/www.notibras.com\\\/site\\\/oposicao-apaga-brilho-da-estrela-em-antigos-currais-do-pt\\\/#breadcrumb\",\"itemListElement\":[{\"@type\":\"ListItem\",\"position\":1,\"name\":\"In\u00edcio\",\"item\":\"https:\\\/\\\/www.notibras.com\\\/site\\\/\"},{\"@type\":\"ListItem\",\"position\":2,\"name\":\"Oposi\u00e7\u00e3o apaga brilho da estrela em antigos currais do PT\"}]},{\"@type\":\"WebSite\",\"@id\":\"https:\\\/\\\/www.notibras.com\\\/site\\\/#website\",\"url\":\"https:\\\/\\\/www.notibras.com\\\/site\\\/\",\"name\":\"Notibras\",\"description\":\"Not\u00edcias de Bras\u00edlia, do Brasil e do Mundo\",\"publisher\":{\"@id\":\"https:\\\/\\\/www.notibras.com\\\/site\\\/#organization\"},\"potentialAction\":[{\"@type\":\"SearchAction\",\"target\":{\"@type\":\"EntryPoint\",\"urlTemplate\":\"https:\\\/\\\/www.notibras.com\\\/site\\\/?s={search_term_string}\"},\"query-input\":{\"@type\":\"PropertyValueSpecification\",\"valueRequired\":true,\"valueName\":\"search_term_string\"}}],\"inLanguage\":\"pt-BR\"},{\"@type\":\"Organization\",\"@id\":\"https:\\\/\\\/www.notibras.com\\\/site\\\/#organization\",\"name\":\"Grupo Notibras de Comunica\u00e7\u00e3o\",\"url\":\"https:\\\/\\\/www.notibras.com\\\/site\\\/\",\"logo\":{\"@type\":\"ImageObject\",\"inLanguage\":\"pt-BR\",\"@id\":\"https:\\\/\\\/www.notibras.com\\\/site\\\/#\\\/schema\\\/logo\\\/image\\\/\",\"url\":\"https:\\\/\\\/www.notibras.com\\\/site\\\/wp-content\\\/uploads\\\/2023\\\/01\\\/notibras23.png\",\"contentUrl\":\"https:\\\/\\\/www.notibras.com\\\/site\\\/wp-content\\\/uploads\\\/2023\\\/01\\\/notibras23.png\",\"width\":350,\"height\":87,\"caption\":\"Grupo Notibras de Comunica\u00e7\u00e3o\"},\"image\":{\"@id\":\"https:\\\/\\\/www.notibras.com\\\/site\\\/#\\\/schema\\\/logo\\\/image\\\/\"},\"sameAs\":[\"https:\\\/\\\/www.facebook.com\\\/notibras\\\/\",\"https:\\\/\\\/x.com\\\/Notibras\",\"https:\\\/\\\/www.instagram.com\\\/notibras\\\/\"]},{\"@type\":\"Person\",\"@id\":\"https:\\\/\\\/www.notibras.com\\\/site\\\/#\\\/schema\\\/person\\\/36ab0979449956132d3e5b517ea76ac8\",\"name\":\"Reda\u00e7\u00e3o\",\"image\":{\"@type\":\"ImageObject\",\"inLanguage\":\"pt-BR\",\"@id\":\"https:\\\/\\\/secure.gravatar.com\\\/avatar\\\/e0a867bdedb85fd243eadf09663511f96fc81e0720a4a42581f334ad4303aa6b?s=96&d=mm&r=g\",\"url\":\"https:\\\/\\\/secure.gravatar.com\\\/avatar\\\/e0a867bdedb85fd243eadf09663511f96fc81e0720a4a42581f334ad4303aa6b?s=96&d=mm&r=g\",\"contentUrl\":\"https:\\\/\\\/secure.gravatar.com\\\/avatar\\\/e0a867bdedb85fd243eadf09663511f96fc81e0720a4a42581f334ad4303aa6b?s=96&d=mm&r=g\",\"caption\":\"Reda\u00e7\u00e3o\"}}]}<\/script>\n<!-- \/ Yoast SEO plugin. -->","yoast_head_json":{"title":"Oposi\u00e7\u00e3o apaga brilho da estrela em antigos currais do PT - Notibras","robots":{"index":"index","follow":"follow","max-snippet":"max-snippet:-1","max-image-preview":"max-image-preview:large","max-video-preview":"max-video-preview:-1"},"canonical":"https:\/\/www.notibras.com\/site\/oposicao-apaga-brilho-da-estrela-em-antigos-currais-do-pt\/","og_locale":"pt_BR","og_type":"article","og_title":"Oposi\u00e7\u00e3o apaga brilho da estrela em antigos currais do PT - Notibras","og_description":"N\u00e3o \u00e9 s\u00f3 a candidatura de reelei\u00e7\u00e3o da presidente Dilma Rousseff que est\u00e1 amea\u00e7ada de ir para o espa\u00e7o, por conta do turbilh\u00e3o Marina Silva. O PT, o seu partido, est\u00e1 tamb\u00e9m correndo s\u00e9rios riscos de sofrer duras derrotas nas elei\u00e7\u00f5es para governador e senador de importantes\u00a0 estados, como S\u00e3o Paulo, Rio de Janeiro, Paran\u00e1, [&hellip;]","og_url":"https:\/\/www.notibras.com\/site\/oposicao-apaga-brilho-da-estrela-em-antigos-currais-do-pt\/","og_site_name":"Notibras","article_publisher":"https:\/\/www.facebook.com\/notibras\/","article_published_time":"2014-09-04T18:23:43+00:00","og_image":[{"width":729,"height":420,"url":"https:\/\/www.notibras.com\/site\/wp-content\/uploads\/2014\/09\/psb-pt.jpg","type":"image\/jpeg"}],"author":"Reda\u00e7\u00e3o","twitter_card":"summary_large_image","twitter_creator":"@Notibras","twitter_site":"@Notibras","twitter_misc":{"Escrito por":"Reda\u00e7\u00e3o","Est. tempo de leitura":"3 minutos"},"schema":{"@context":"https:\/\/schema.org","@graph":[{"@type":"Article","@id":"https:\/\/www.notibras.com\/site\/oposicao-apaga-brilho-da-estrela-em-antigos-currais-do-pt\/#article","isPartOf":{"@id":"https:\/\/www.notibras.com\/site\/oposicao-apaga-brilho-da-estrela-em-antigos-currais-do-pt\/"},"author":{"name":"Reda\u00e7\u00e3o","@id":"https:\/\/www.notibras.com\/site\/#\/schema\/person\/36ab0979449956132d3e5b517ea76ac8"},"headline":"Oposi\u00e7\u00e3o apaga brilho da estrela em antigos currais do PT","datePublished":"2014-09-04T18:23:43+00:00","mainEntityOfPage":{"@id":"https:\/\/www.notibras.com\/site\/oposicao-apaga-brilho-da-estrela-em-antigos-currais-do-pt\/"},"wordCount":678,"commentCount":0,"publisher":{"@id":"https:\/\/www.notibras.com\/site\/#organization"},"image":{"@id":"https:\/\/www.notibras.com\/site\/oposicao-apaga-brilho-da-estrela-em-antigos-currais-do-pt\/#primaryimage"},"thumbnailUrl":"https:\/\/www.notibras.com\/site\/wp-content\/uploads\/2014\/09\/psb-pt.jpg","articleSection":["Opina a\u00ed"],"inLanguage":"pt-BR","potentialAction":[{"@type":"CommentAction","name":"Comment","target":["https:\/\/www.notibras.com\/site\/oposicao-apaga-brilho-da-estrela-em-antigos-currais-do-pt\/#respond"]}]},{"@type":"WebPage","@id":"https:\/\/www.notibras.com\/site\/oposicao-apaga-brilho-da-estrela-em-antigos-currais-do-pt\/","url":"https:\/\/www.notibras.com\/site\/oposicao-apaga-brilho-da-estrela-em-antigos-currais-do-pt\/","name":"Oposi\u00e7\u00e3o apaga brilho da estrela em antigos currais do PT - Notibras","isPartOf":{"@id":"https:\/\/www.notibras.com\/site\/#website"},"primaryImageOfPage":{"@id":"https:\/\/www.notibras.com\/site\/oposicao-apaga-brilho-da-estrela-em-antigos-currais-do-pt\/#primaryimage"},"image":{"@id":"https:\/\/www.notibras.com\/site\/oposicao-apaga-brilho-da-estrela-em-antigos-currais-do-pt\/#primaryimage"},"thumbnailUrl":"https:\/\/www.notibras.com\/site\/wp-content\/uploads\/2014\/09\/psb-pt.jpg","datePublished":"2014-09-04T18:23:43+00:00","breadcrumb":{"@id":"https:\/\/www.notibras.com\/site\/oposicao-apaga-brilho-da-estrela-em-antigos-currais-do-pt\/#breadcrumb"},"inLanguage":"pt-BR","potentialAction":[{"@type":"ReadAction","target":["https:\/\/www.notibras.com\/site\/oposicao-apaga-brilho-da-estrela-em-antigos-currais-do-pt\/"]}]},{"@type":"ImageObject","inLanguage":"pt-BR","@id":"https:\/\/www.notibras.com\/site\/oposicao-apaga-brilho-da-estrela-em-antigos-currais-do-pt\/#primaryimage","url":"https:\/\/www.notibras.com\/site\/wp-content\/uploads\/2014\/09\/psb-pt.jpg","contentUrl":"https:\/\/www.notibras.com\/site\/wp-content\/uploads\/2014\/09\/psb-pt.jpg","width":729,"height":420},{"@type":"BreadcrumbList","@id":"https:\/\/www.notibras.com\/site\/oposicao-apaga-brilho-da-estrela-em-antigos-currais-do-pt\/#breadcrumb","itemListElement":[{"@type":"ListItem","position":1,"name":"In\u00edcio","item":"https:\/\/www.notibras.com\/site\/"},{"@type":"ListItem","position":2,"name":"Oposi\u00e7\u00e3o apaga brilho da estrela em antigos currais do PT"}]},{"@type":"WebSite","@id":"https:\/\/www.notibras.com\/site\/#website","url":"https:\/\/www.notibras.com\/site\/","name":"Notibras","description":"Not\u00edcias de Bras\u00edlia, do Brasil e do Mundo","publisher":{"@id":"https:\/\/www.notibras.com\/site\/#organization"},"potentialAction":[{"@type":"SearchAction","target":{"@type":"EntryPoint","urlTemplate":"https:\/\/www.notibras.com\/site\/?s={search_term_string}"},"query-input":{"@type":"PropertyValueSpecification","valueRequired":true,"valueName":"search_term_string"}}],"inLanguage":"pt-BR"},{"@type":"Organization","@id":"https:\/\/www.notibras.com\/site\/#organization","name":"Grupo Notibras de Comunica\u00e7\u00e3o","url":"https:\/\/www.notibras.com\/site\/","logo":{"@type":"ImageObject","inLanguage":"pt-BR","@id":"https:\/\/www.notibras.com\/site\/#\/schema\/logo\/image\/","url":"https:\/\/www.notibras.com\/site\/wp-content\/uploads\/2023\/01\/notibras23.png","contentUrl":"https:\/\/www.notibras.com\/site\/wp-content\/uploads\/2023\/01\/notibras23.png","width":350,"height":87,"caption":"Grupo Notibras de Comunica\u00e7\u00e3o"},"image":{"@id":"https:\/\/www.notibras.com\/site\/#\/schema\/logo\/image\/"},"sameAs":["https:\/\/www.facebook.com\/notibras\/","https:\/\/x.com\/Notibras","https:\/\/www.instagram.com\/notibras\/"]},{"@type":"Person","@id":"https:\/\/www.notibras.com\/site\/#\/schema\/person\/36ab0979449956132d3e5b517ea76ac8","name":"Reda\u00e7\u00e3o","image":{"@type":"ImageObject","inLanguage":"pt-BR","@id":"https:\/\/secure.gravatar.com\/avatar\/e0a867bdedb85fd243eadf09663511f96fc81e0720a4a42581f334ad4303aa6b?s=96&d=mm&r=g","url":"https:\/\/secure.gravatar.com\/avatar\/e0a867bdedb85fd243eadf09663511f96fc81e0720a4a42581f334ad4303aa6b?s=96&d=mm&r=g","contentUrl":"https:\/\/secure.gravatar.com\/avatar\/e0a867bdedb85fd243eadf09663511f96fc81e0720a4a42581f334ad4303aa6b?s=96&d=mm&r=g","caption":"Reda\u00e7\u00e3o"}}]}},"amp_enabled":true,"_links":{"self":[{"href":"https:\/\/www.notibras.com\/site\/wp-json\/wp\/v2\/posts\/21451","targetHints":{"allow":["GET"]}}],"collection":[{"href":"https:\/\/www.notibras.com\/site\/wp-json\/wp\/v2\/posts"}],"about":[{"href":"https:\/\/www.notibras.com\/site\/wp-json\/wp\/v2\/types\/post"}],"author":[{"embeddable":true,"href":"https:\/\/www.notibras.com\/site\/wp-json\/wp\/v2\/users\/2"}],"replies":[{"embeddable":true,"href":"https:\/\/www.notibras.com\/site\/wp-json\/wp\/v2\/comments?post=21451"}],"version-history":[{"count":0,"href":"https:\/\/www.notibras.com\/site\/wp-json\/wp\/v2\/posts\/21451\/revisions"}],"wp:featuredmedia":[{"embeddable":true,"href":"https:\/\/www.notibras.com\/site\/wp-json\/wp\/v2\/media\/21452"}],"wp:attachment":[{"href":"https:\/\/www.notibras.com\/site\/wp-json\/wp\/v2\/media?parent=21451"}],"wp:term":[{"taxonomy":"category","embeddable":true,"href":"https:\/\/www.notibras.com\/site\/wp-json\/wp\/v2\/categories?post=21451"},{"taxonomy":"post_tag","embeddable":true,"href":"https:\/\/www.notibras.com\/site\/wp-json\/wp\/v2\/tags?post=21451"}],"curies":[{"name":"wp","href":"https:\/\/api.w.org\/{rel}","templated":true}]}}