{"id":21481,"date":"2014-09-05T07:16:48","date_gmt":"2014-09-05T10:16:48","guid":{"rendered":"http:\/\/www.notibras.com\/site\/?p=21481"},"modified":"2014-09-05T07:16:48","modified_gmt":"2014-09-05T10:16:48","slug":"ecos-do-passado-que-deixaram-um-ministro-desgostoso","status":"publish","type":"post","link":"https:\/\/www.notibras.com\/site\/ecos-do-passado-que-deixaram-um-ministro-desgostoso\/","title":{"rendered":"Ecos do passado que deixaram um ministro desgostoso"},"content":{"rendered":"<p style=\"text-align: left;\">Quando o ex- governador Jos\u00e9 Roberto Arruda foi preso em 2010, correu forte a hist\u00f3ria, agora lembrada pelo jornalista Celson Bianchi, n&#8217;A Voz da Verdade, de que o ent\u00e3o presidente do STJ, ministro Cesar Asfor, teve um aceno do Pal\u00e1cio do Planalto. Se Arruda fosse para a Papuda, ele (Asfor) seria indicado para uma cadeira do Supremo Tribunal Federal. Embora com Arruda preso, a promessa n\u00e3o foi cumprida. E o ent\u00e3o presidente do STJ decidiu se aposentar desgostoso com a palavra n\u00e3o cumprida.<\/p>\n","protected":false},"excerpt":{"rendered":"<p>Quando o ex- governador Jos\u00e9 Roberto Arruda foi preso em 2010, correu forte a hist\u00f3ria, agora lembrada pelo jornalista Celson Bianchi, n&#8217;A Voz da Verdade, de que o ent\u00e3o presidente do STJ, ministro Cesar Asfor, teve um aceno do Pal\u00e1cio do Planalto. Se Arruda fosse para a Papuda, ele (Asfor) seria indicado para uma cadeira [&hellip;]<\/p>\n","protected":false},"author":2,"featured_media":21482,"comment_status":"open","ping_status":"closed","sticky":false,"template":"","format":"standard","meta":{"_acf_changed":false,"footnotes":""},"categories":[26],"tags":[],"class_list":["post-21481","post","type-post","status-publish","format-standard","has-post-thumbnail","hentry","category-eleicoes-2022"],"acf":[],"_links":{"self":[{"href":"https:\/\/www.notibras.com\/site\/wp-json\/wp\/v2\/posts\/21481","targetHints":{"allow":["GET"]}}],"collection":[{"href":"https:\/\/www.notibras.com\/site\/wp-json\/wp\/v2\/posts"}],"about":[{"href":"https:\/\/www.notibras.com\/site\/wp-json\/wp\/v2\/types\/post"}],"author":[{"embeddable":true,"href":"https:\/\/www.notibras.com\/site\/wp-json\/wp\/v2\/users\/2"}],"replies":[{"embeddable":true,"href":"https:\/\/www.notibras.com\/site\/wp-json\/wp\/v2\/comments?post=21481"}],"version-history":[{"count":0,"href":"https:\/\/www.notibras.com\/site\/wp-json\/wp\/v2\/posts\/21481\/revisions"}],"wp:featuredmedia":[{"embeddable":true,"href":"https:\/\/www.notibras.com\/site\/wp-json\/wp\/v2\/media\/21482"}],"wp:attachment":[{"href":"https:\/\/www.notibras.com\/site\/wp-json\/wp\/v2\/media?parent=21481"}],"wp:term":[{"taxonomy":"category","embeddable":true,"href":"https:\/\/www.notibras.com\/site\/wp-json\/wp\/v2\/categories?post=21481"},{"taxonomy":"post_tag","embeddable":true,"href":"https:\/\/www.notibras.com\/site\/wp-json\/wp\/v2\/tags?post=21481"}],"curies":[{"name":"wp","href":"https:\/\/api.w.org\/{rel}","templated":true}]}}