{"id":21522,"date":"2014-09-05T09:16:35","date_gmt":"2014-09-05T12:16:35","guid":{"rendered":"http:\/\/www.notibras.com\/site\/?p=21522"},"modified":"2016-07-30T16:58:22","modified_gmt":"2016-07-30T19:58:22","slug":"asteroide-2014-rc-vai-passar-de-raspao-pela-terra-no-domingo-7","status":"publish","type":"post","link":"https:\/\/www.notibras.com\/site\/asteroide-2014-rc-vai-passar-de-raspao-pela-terra-no-domingo-7\/","title":{"rendered":"Aster\u00f3ide 2014 RC vai passar de rasp\u00e3o pela Terra no domingo, 7"},"content":{"rendered":"<p>Um pequeno asteroide, de cerca de 20 metros, passar\u00e1 &#8220;muito perto&#8221; da Terra no domingo 7, informou nesta quinta-feira a Nasa (ag\u00eancia espacial americana), descartando que ele represente uma amea\u00e7a para o planeta.<\/p>\n<p class=\"text\">Ent\u00e3o de maior proximidade, \u00e0s 14h18 (hor\u00e1rio da costa leste dos Estados Unidos, 15h18 de Bras\u00edlia) do dia 7 de setembro, o asteroide &#8220;2014 RC&#8221; passar\u00e1 acima da Nova Zel\u00e2ndia.<\/p>\n<blockquote>\n<p class=\"text\">O corpo celeste foi descoberto no dia 31 de agosto pelo programa Catalina Sky Survey (CSS), operado pelo Laborat\u00f3rio Lunar e Planet\u00e1rio da Universidade do Arizona (EUA), que utiliza dados de tr\u00eas telesc\u00f3pios para procurar cometas, asteroides e objetos pr\u00f3ximos \u00e0 Terra.<\/p>\n<\/blockquote>\n<p class=\"text\">O asteroide foi, al\u00e9m disso, detectado de forma independente na noite seguinte pelo telesc\u00f3pio do Observat\u00f3rio Pan-STARRS situado no Hava\u00ed e ambos informaram de suas observa\u00e7\u00f5es ao Minor Planet Center da Uni\u00e3o Internacional Astron\u00f4mica, em Cambridge (Massachusetts).<\/p>\n<p class=\"text\">No momento de maior proximidade, o asteroide estar\u00e1 aproximadamente a um d\u00e9cimo da dist\u00e2ncia que h\u00e1 do centro da Terra \u00e0 Lua, ou 40 mil quil\u00f4metros.<\/p>\n<p class=\"text\">Os cientistas assinalam que apesar desta &#8220;proximidade&#8221;, o asteroide n\u00e3o poder\u00e1 ser visto a olho nu, embora astr\u00f4nomos amadores que tenham telesc\u00f3pios pequenos talvez consigam captar a apari\u00e7\u00e3o do asteroide, que se movimentar\u00e1 rapidamente seguindo sua \u00f3rbita.<\/p>\n<p class=\"text\">O asteroide passar\u00e1 pela parte externa da \u00f3rbita geoss\u00edncrona dos sat\u00e9lites de comunica\u00e7\u00f5es e meteorol\u00f3gicos que orbitam ao redor de 36 mil quil\u00f4metros sobre a superf\u00edcie de nosso planeta.<\/p>\n<p class=\"text\">A comunidade cient\u00edfica ter\u00e1 uma oportunidade \u00fanica para observar e aprender mais sobre os asteroides, assinala a Nasa, que diz que &#8220;ele n\u00e3o parece trazer perigo nenhum para a Terra ou para os sat\u00e9lites&#8221;.<\/p>\n<blockquote>\n<p class=\"text\">Apesar de nesta ocasi\u00e3o n\u00e3o cair na Terra, os cientistas calculam que sua \u00f3rbita o traga de novo \u00e0s proximidades de nosso planeta no futuro e seus movimentos ser\u00e3o vigiados de perto.<\/p>\n<\/blockquote>\n","protected":false},"excerpt":{"rendered":"<p>Um pequeno asteroide, de cerca de 20 metros, passar\u00e1 &#8220;muito perto&#8221; da Terra no domingo 7, informou nesta quinta-feira a Nasa (ag\u00eancia espacial americana), descartando que ele represente uma amea\u00e7a para o planeta. Ent\u00e3o de maior proximidade, \u00e0s 14h18 (hor\u00e1rio da costa leste dos Estados Unidos, 15h18 de Bras\u00edlia) do dia 7 de setembro, o [&hellip;]<\/p>\n","protected":false},"author":2,"featured_media":21523,"comment_status":"open","ping_status":"closed","sticky":false,"template":"","format":"standard","meta":{"_acf_changed":false,"footnotes":""},"categories":[71],"tags":[],"class_list":["post-21522","post","type-post","status-publish","format-standard","has-post-thumbnail","hentry","category-curiosidades"],"acf":[],"_links":{"self":[{"href":"https:\/\/www.notibras.com\/site\/wp-json\/wp\/v2\/posts\/21522","targetHints":{"allow":["GET"]}}],"collection":[{"href":"https:\/\/www.notibras.com\/site\/wp-json\/wp\/v2\/posts"}],"about":[{"href":"https:\/\/www.notibras.com\/site\/wp-json\/wp\/v2\/types\/post"}],"author":[{"embeddable":true,"href":"https:\/\/www.notibras.com\/site\/wp-json\/wp\/v2\/users\/2"}],"replies":[{"embeddable":true,"href":"https:\/\/www.notibras.com\/site\/wp-json\/wp\/v2\/comments?post=21522"}],"version-history":[{"count":1,"href":"https:\/\/www.notibras.com\/site\/wp-json\/wp\/v2\/posts\/21522\/revisions"}],"predecessor-version":[{"id":110007,"href":"https:\/\/www.notibras.com\/site\/wp-json\/wp\/v2\/posts\/21522\/revisions\/110007"}],"wp:featuredmedia":[{"embeddable":true,"href":"https:\/\/www.notibras.com\/site\/wp-json\/wp\/v2\/media\/21523"}],"wp:attachment":[{"href":"https:\/\/www.notibras.com\/site\/wp-json\/wp\/v2\/media?parent=21522"}],"wp:term":[{"taxonomy":"category","embeddable":true,"href":"https:\/\/www.notibras.com\/site\/wp-json\/wp\/v2\/categories?post=21522"},{"taxonomy":"post_tag","embeddable":true,"href":"https:\/\/www.notibras.com\/site\/wp-json\/wp\/v2\/tags?post=21522"}],"curies":[{"name":"wp","href":"https:\/\/api.w.org\/{rel}","templated":true}]}}