{"id":21526,"date":"2014-09-05T22:40:23","date_gmt":"2014-09-06T01:40:23","guid":{"rendered":"http:\/\/www.notibras.com\/site\/?p=21526"},"modified":"2014-09-05T22:40:23","modified_gmt":"2014-09-06T01:40:23","slug":"getulio-vargas-uma-historia-viva-que-transcende-a-politica","status":"publish","type":"post","link":"https:\/\/www.notibras.com\/site\/getulio-vargas-uma-historia-viva-que-transcende-a-politica\/","title":{"rendered":"Get\u00falio Vargas, uma hist\u00f3ria viva que transcende a pol\u00edtica"},"content":{"rendered":"<p>Faz 60 anos que o inesquec\u00edvel estadista Getulio Vargas, que tanto amou o povo brasileiro, dilacerou ele pr\u00f3prio seu cora\u00e7\u00e3o com tiro certeiro na manh\u00e3 de 24 de agosto de 1954.<\/p>\n<p>O sonho brasileiro de justi\u00e7a social, emancipa\u00e7\u00e3o econ\u00f4mica, soberania, grandeza e ideal de transformar o pa\u00eds em pot\u00eancia mundial tem um s\u00edmbolo a ser reverenciado sempre, Get\u00falio Dornelles Vargas.<\/p>\n<p>A Revolu\u00e7\u00e3o de 30 por ele chefiada \u00e9 um divisor hist\u00f3rico na P\u00e1tria brasileira, deixando para traz o Brasil arcaico, feudal, produtor de bens prim\u00e1rios, profundamente desigual socialmente e que n\u00e3o reconhecia os direitos mais elementares da maioria da popula\u00e7\u00e3o. Ela cumpriu fielmente seus compromissos democr\u00e1ticos de introduzir o voto secreto e universal, de assegurar o direito de voto \u00e0s mulheres e de criar a Justi\u00e7a Eleitoral. Quanto mais passa o tempo, agiganta-se a recorda\u00e7\u00e3o das iniciativas pioneiras e das realiza\u00e7\u00f5es concretas de Get\u00falio Vargas em prol do Brasil e da nossa gente.<\/p>\n<p>Neste m\u00eas de agosto de 2014, foi lan\u00e7ado o 3\u00ba volume do aplaudido livro GETULIO 1945 \u2013 1954, do renomado historiador Lira Neto. Tamb\u00e9m foram relan\u00e7ados, devidamente atualizados, os volumes 1, 2 e 3 da obra A ERA VARGAS, do not\u00e1vel jornalista e escritor Jos\u00e9 Augusto Ribeiro, por iniciativa da Funda\u00e7\u00e3o Leonel Brizola \u2013 Alberto Pasqualini de estudos pol\u00edticos do PDT.<\/p>\n<p>Precedido de grande publicidade foi exibido em todo o Brasil o filme GETULIO, focalizando os \u00faltimos dias do presidente a partir do \u201cAtentado da Rua Toneleros\u201d contra Carlos Lacerda, que resultou no assassinato do Major Rubens Florentino Vaz, no dia 5 de agosto de 1954.<\/p>\n<p>A pel\u00edcula tem duas falhas gritantes: n\u00e3o divulga a \u00edntegra da Carta-Testamento de Vargas, o documento mais dram\u00e1tico da hist\u00f3ria brasileira, e omite a reportagem de sete p\u00e1ginas publicada em 19.04.1958 na\u00a0 principal revista da \u00e9poca, O CRUZEIRO, sobre o invent\u00e1rio de Getulio Vargas, revelando que havia deixado de heran\u00e7a apenas os bens recebidos de seus pais e um apartamento no Rio de Janeiro financiado pela Caixa Econ\u00f4mica Federal.<\/p>\n<p>Ap\u00f3s 45 anos de vida p\u00fablica \u2013 deputado estadual, deputado federal, ministro da Fazenda, governador do Rio Grande do Sul, senador e 19 anos como Presidente da Rep\u00fablica, Getulio Vargas n\u00e3o aumentou bens no seu patrim\u00f4nio mostrando absoluta honestidade pessoal. Acrescente-se que seus filhos Lutero, Jandira, Alzira e Manuel, e seus irm\u00e3os Viriato, Prot\u00e1sio, Espartaco e Benjamim tamb\u00e9m n\u00e3o acumularam fortuna.<\/p>\n<p>Getulio Vargas assumiu o poder em 03 de novembro de 1930 e j\u00e1 no dia 26 do mesmo m\u00eas decretou a cria\u00e7\u00e3o do Minist\u00e9rio do Trabalho e se sucederam muitas medidas legais de prote\u00e7\u00e3o ao trabalhador, cria\u00e7\u00e3o da Justi\u00e7a do Trabalho e legisla\u00e7\u00e3o previdenci\u00e1ria, culminando na Consolida\u00e7\u00e3o das Leis do Trabalho, em 1\u00ba de maio de 1943, com mais de 900 artigos, at\u00e9 hoje vigente.<\/p>\n<p>Nenhum outro Presidente da Rep\u00fablica preocupou-se em escrever um di\u00e1rio, mais uma demonstra\u00e7\u00e3o inequ\u00edvoca do seu patriotismo e magnitude de estadista. Fant\u00e1stico \u00e9 que em todos seus discursos e manifestos escritos ele coloca no alto e em destaque absoluto a P\u00e1tria e o povo. Elaborado desde 03 de outubro de 1930 at\u00e9 1942, o manuscrito foi transformado em livro (dois volumes) pela Editora Siciliano \u2013 1995, e relata todos os principais acontecimentos que envolveram sua vida pol\u00edtico-administrativa e a sua vigil\u00e2ncia constante com a moralidade p\u00fablica, o interesse permanente pela solu\u00e7\u00e3o dos problemas brasileiros e da melhoria das condi\u00e7\u00f5es de vida dos trabalhadores e do povo mais humilde.<\/p>\n<p>Ele criou a Carteira de Cr\u00e9dito Agr\u00edcola e Industrial do Banco do Brasil, a Cia. Vale do Rio Doce (encampando a Itabira Iron), a Usina Sider\u00fargica de Volta Redonda, a F\u00e1brica Nacional de Motores, o DASP, o Conselho Nacional do Petr\u00f3leo.<\/p>\n<p>Nacionalizou o subsolo, decretou o C\u00f3digo de Minas, e criou a Petrobras em 03 de outubro de 1953. Hoje, o Brasil \u00e9 autossuficiente na produ\u00e7\u00e3o de petr\u00f3leo e est\u00e3o em constru\u00e7\u00e3o tr\u00eas grandes refinarias que garantir\u00e3o o suprimento de derivados com tecnologia pr\u00f3pria. A Petrobras descobriu e explora o pr\u00e9-sal j\u00e1 produzindo 500 mil barris di\u00e1rios e em 2020 o Brasil estar\u00e1 extraindo mais de quatro milh\u00f5es de barris di\u00e1rios de \u00f3leo bruto, tornando-se um dos maiores produtores mundiais de petr\u00f3leo.<\/p>\n<p>A Eletrobr\u00e1s que ele lan\u00e7ou, e seu sucessor Jo\u00e3o Goulart sancionou a lei, nos deu Tucuru\u00ed e Itaipu, a segunda maior usina hidrel\u00e9trica do universo.<\/p>\n<p>O Banco Nacional de Desenvolvimento Econ\u00f4mico fundado em 1952 por Vargas empresta mais dinheiro que o Banco Mundial e financia as grandes, m\u00e9dias e pequenas empresas brasileiras.<\/p>\n<p>Getulio Vargas consolidou a unidade nacional e governou o pa\u00eds com vis\u00e3o de estadista, integridade pessoal, autoridade no exerc\u00edcio do cargo, compet\u00eancia e criatividade, nacionalismo e patriotismo exacerbados e, principalmente, com solu\u00e7\u00f5es brasileiras para problemas brasileiros, sem copiar figurinos estrangeiros ou a eles submeter-se embora atento aos fatos universais e \u00e0s suas repercuss\u00f5es internas.<\/p>\n<p><strong>L\u00e9o de Almeida Neves<\/strong><br \/>\nMembro da Academia Paranaense de Letras<br \/>\nex-diretor do Banco do Brasil, ex-deputado federal<\/p>\n","protected":false},"excerpt":{"rendered":"<p>Faz 60 anos que o inesquec\u00edvel estadista Getulio Vargas, que tanto amou o povo brasileiro, dilacerou ele pr\u00f3prio seu cora\u00e7\u00e3o com tiro certeiro na manh\u00e3 de 24 de agosto de 1954. O sonho brasileiro de justi\u00e7a social, emancipa\u00e7\u00e3o econ\u00f4mica, soberania, grandeza e ideal de transformar o pa\u00eds em pot\u00eancia mundial tem um s\u00edmbolo a ser [&hellip;]<\/p>\n","protected":false},"author":2,"featured_media":21527,"comment_status":"open","ping_status":"closed","sticky":false,"template":"","format":"standard","meta":{"_acf_changed":false,"footnotes":""},"categories":[25],"tags":[],"class_list":["post-21526","post","type-post","status-publish","format-standard","has-post-thumbnail","hentry","category-opina-ai"],"acf":[],"yoast_head":"<!-- This site is optimized with the Yoast SEO plugin v27.5 - https:\/\/yoast.com\/product\/yoast-seo-wordpress\/ -->\n<title>Get\u00falio Vargas, uma hist\u00f3ria viva que transcende a pol\u00edtica - Notibras<\/title>\n<meta name=\"robots\" content=\"index, follow, max-snippet:-1, max-image-preview:large, max-video-preview:-1\" \/>\n<link rel=\"canonical\" href=\"https:\/\/www.notibras.com\/site\/getulio-vargas-uma-historia-viva-que-transcende-a-politica\/\" \/>\n<meta property=\"og:locale\" content=\"pt_BR\" \/>\n<meta property=\"og:type\" content=\"article\" \/>\n<meta property=\"og:title\" content=\"Get\u00falio Vargas, uma hist\u00f3ria viva que transcende a pol\u00edtica - Notibras\" \/>\n<meta property=\"og:description\" content=\"Faz 60 anos que o inesquec\u00edvel estadista Getulio Vargas, que tanto amou o povo brasileiro, dilacerou ele pr\u00f3prio seu cora\u00e7\u00e3o com tiro certeiro na manh\u00e3 de 24 de agosto de 1954. O sonho brasileiro de justi\u00e7a social, emancipa\u00e7\u00e3o econ\u00f4mica, soberania, grandeza e ideal de transformar o pa\u00eds em pot\u00eancia mundial tem um s\u00edmbolo a ser [&hellip;]\" \/>\n<meta property=\"og:url\" content=\"https:\/\/www.notibras.com\/site\/getulio-vargas-uma-historia-viva-que-transcende-a-politica\/\" \/>\n<meta property=\"og:site_name\" content=\"Notibras\" \/>\n<meta property=\"article:publisher\" content=\"https:\/\/www.facebook.com\/notibras\/\" \/>\n<meta property=\"article:published_time\" content=\"2014-09-06T01:40:23+00:00\" \/>\n<meta property=\"og:image\" content=\"https:\/\/www.notibras.com\/site\/wp-content\/uploads\/2014\/09\/20120905112129.jpg\" \/>\n\t<meta property=\"og:image:width\" content=\"600\" \/>\n\t<meta property=\"og:image:height\" content=\"400\" \/>\n\t<meta property=\"og:image:type\" content=\"image\/jpeg\" \/>\n<meta name=\"author\" content=\"Reda\u00e7\u00e3o\" \/>\n<meta name=\"twitter:card\" content=\"summary_large_image\" \/>\n<meta name=\"twitter:creator\" content=\"@Notibras\" \/>\n<meta name=\"twitter:site\" content=\"@Notibras\" \/>\n<meta name=\"twitter:label1\" content=\"Escrito por\" \/>\n\t<meta name=\"twitter:data1\" content=\"Reda\u00e7\u00e3o\" \/>\n\t<meta name=\"twitter:label2\" content=\"Est. tempo de leitura\" \/>\n\t<meta name=\"twitter:data2\" content=\"4 minutos\" \/>\n<script type=\"application\/ld+json\" class=\"yoast-schema-graph\">{\"@context\":\"https:\\\/\\\/schema.org\",\"@graph\":[{\"@type\":\"Article\",\"@id\":\"https:\\\/\\\/www.notibras.com\\\/site\\\/getulio-vargas-uma-historia-viva-que-transcende-a-politica\\\/#article\",\"isPartOf\":{\"@id\":\"https:\\\/\\\/www.notibras.com\\\/site\\\/getulio-vargas-uma-historia-viva-que-transcende-a-politica\\\/\"},\"author\":{\"name\":\"Reda\u00e7\u00e3o\",\"@id\":\"https:\\\/\\\/www.notibras.com\\\/site\\\/#\\\/schema\\\/person\\\/36ab0979449956132d3e5b517ea76ac8\"},\"headline\":\"Get\u00falio Vargas, uma hist\u00f3ria viva que transcende a pol\u00edtica\",\"datePublished\":\"2014-09-06T01:40:23+00:00\",\"mainEntityOfPage\":{\"@id\":\"https:\\\/\\\/www.notibras.com\\\/site\\\/getulio-vargas-uma-historia-viva-que-transcende-a-politica\\\/\"},\"wordCount\":877,\"commentCount\":0,\"publisher\":{\"@id\":\"https:\\\/\\\/www.notibras.com\\\/site\\\/#organization\"},\"image\":{\"@id\":\"https:\\\/\\\/www.notibras.com\\\/site\\\/getulio-vargas-uma-historia-viva-que-transcende-a-politica\\\/#primaryimage\"},\"thumbnailUrl\":\"https:\\\/\\\/www.notibras.com\\\/site\\\/wp-content\\\/uploads\\\/2014\\\/09\\\/20120905112129.jpg\",\"articleSection\":[\"Opina a\u00ed\"],\"inLanguage\":\"pt-BR\",\"potentialAction\":[{\"@type\":\"CommentAction\",\"name\":\"Comment\",\"target\":[\"https:\\\/\\\/www.notibras.com\\\/site\\\/getulio-vargas-uma-historia-viva-que-transcende-a-politica\\\/#respond\"]}]},{\"@type\":\"WebPage\",\"@id\":\"https:\\\/\\\/www.notibras.com\\\/site\\\/getulio-vargas-uma-historia-viva-que-transcende-a-politica\\\/\",\"url\":\"https:\\\/\\\/www.notibras.com\\\/site\\\/getulio-vargas-uma-historia-viva-que-transcende-a-politica\\\/\",\"name\":\"Get\u00falio Vargas, uma hist\u00f3ria viva que transcende a pol\u00edtica - Notibras\",\"isPartOf\":{\"@id\":\"https:\\\/\\\/www.notibras.com\\\/site\\\/#website\"},\"primaryImageOfPage\":{\"@id\":\"https:\\\/\\\/www.notibras.com\\\/site\\\/getulio-vargas-uma-historia-viva-que-transcende-a-politica\\\/#primaryimage\"},\"image\":{\"@id\":\"https:\\\/\\\/www.notibras.com\\\/site\\\/getulio-vargas-uma-historia-viva-que-transcende-a-politica\\\/#primaryimage\"},\"thumbnailUrl\":\"https:\\\/\\\/www.notibras.com\\\/site\\\/wp-content\\\/uploads\\\/2014\\\/09\\\/20120905112129.jpg\",\"datePublished\":\"2014-09-06T01:40:23+00:00\",\"breadcrumb\":{\"@id\":\"https:\\\/\\\/www.notibras.com\\\/site\\\/getulio-vargas-uma-historia-viva-que-transcende-a-politica\\\/#breadcrumb\"},\"inLanguage\":\"pt-BR\",\"potentialAction\":[{\"@type\":\"ReadAction\",\"target\":[\"https:\\\/\\\/www.notibras.com\\\/site\\\/getulio-vargas-uma-historia-viva-que-transcende-a-politica\\\/\"]}]},{\"@type\":\"ImageObject\",\"inLanguage\":\"pt-BR\",\"@id\":\"https:\\\/\\\/www.notibras.com\\\/site\\\/getulio-vargas-uma-historia-viva-que-transcende-a-politica\\\/#primaryimage\",\"url\":\"https:\\\/\\\/www.notibras.com\\\/site\\\/wp-content\\\/uploads\\\/2014\\\/09\\\/20120905112129.jpg\",\"contentUrl\":\"https:\\\/\\\/www.notibras.com\\\/site\\\/wp-content\\\/uploads\\\/2014\\\/09\\\/20120905112129.jpg\",\"width\":600,\"height\":400},{\"@type\":\"BreadcrumbList\",\"@id\":\"https:\\\/\\\/www.notibras.com\\\/site\\\/getulio-vargas-uma-historia-viva-que-transcende-a-politica\\\/#breadcrumb\",\"itemListElement\":[{\"@type\":\"ListItem\",\"position\":1,\"name\":\"In\u00edcio\",\"item\":\"https:\\\/\\\/www.notibras.com\\\/site\\\/\"},{\"@type\":\"ListItem\",\"position\":2,\"name\":\"Get\u00falio Vargas, uma hist\u00f3ria viva que transcende a pol\u00edtica\"}]},{\"@type\":\"WebSite\",\"@id\":\"https:\\\/\\\/www.notibras.com\\\/site\\\/#website\",\"url\":\"https:\\\/\\\/www.notibras.com\\\/site\\\/\",\"name\":\"Notibras\",\"description\":\"Not\u00edcias de Bras\u00edlia, do Brasil e do Mundo\",\"publisher\":{\"@id\":\"https:\\\/\\\/www.notibras.com\\\/site\\\/#organization\"},\"potentialAction\":[{\"@type\":\"SearchAction\",\"target\":{\"@type\":\"EntryPoint\",\"urlTemplate\":\"https:\\\/\\\/www.notibras.com\\\/site\\\/?s={search_term_string}\"},\"query-input\":{\"@type\":\"PropertyValueSpecification\",\"valueRequired\":true,\"valueName\":\"search_term_string\"}}],\"inLanguage\":\"pt-BR\"},{\"@type\":\"Organization\",\"@id\":\"https:\\\/\\\/www.notibras.com\\\/site\\\/#organization\",\"name\":\"Grupo Notibras de Comunica\u00e7\u00e3o\",\"url\":\"https:\\\/\\\/www.notibras.com\\\/site\\\/\",\"logo\":{\"@type\":\"ImageObject\",\"inLanguage\":\"pt-BR\",\"@id\":\"https:\\\/\\\/www.notibras.com\\\/site\\\/#\\\/schema\\\/logo\\\/image\\\/\",\"url\":\"https:\\\/\\\/www.notibras.com\\\/site\\\/wp-content\\\/uploads\\\/2023\\\/01\\\/notibras23.png\",\"contentUrl\":\"https:\\\/\\\/www.notibras.com\\\/site\\\/wp-content\\\/uploads\\\/2023\\\/01\\\/notibras23.png\",\"width\":350,\"height\":87,\"caption\":\"Grupo Notibras de Comunica\u00e7\u00e3o\"},\"image\":{\"@id\":\"https:\\\/\\\/www.notibras.com\\\/site\\\/#\\\/schema\\\/logo\\\/image\\\/\"},\"sameAs\":[\"https:\\\/\\\/www.facebook.com\\\/notibras\\\/\",\"https:\\\/\\\/x.com\\\/Notibras\",\"https:\\\/\\\/www.instagram.com\\\/notibras\\\/\"]},{\"@type\":\"Person\",\"@id\":\"https:\\\/\\\/www.notibras.com\\\/site\\\/#\\\/schema\\\/person\\\/36ab0979449956132d3e5b517ea76ac8\",\"name\":\"Reda\u00e7\u00e3o\",\"image\":{\"@type\":\"ImageObject\",\"inLanguage\":\"pt-BR\",\"@id\":\"https:\\\/\\\/secure.gravatar.com\\\/avatar\\\/e0a867bdedb85fd243eadf09663511f96fc81e0720a4a42581f334ad4303aa6b?s=96&d=mm&r=g\",\"url\":\"https:\\\/\\\/secure.gravatar.com\\\/avatar\\\/e0a867bdedb85fd243eadf09663511f96fc81e0720a4a42581f334ad4303aa6b?s=96&d=mm&r=g\",\"contentUrl\":\"https:\\\/\\\/secure.gravatar.com\\\/avatar\\\/e0a867bdedb85fd243eadf09663511f96fc81e0720a4a42581f334ad4303aa6b?s=96&d=mm&r=g\",\"caption\":\"Reda\u00e7\u00e3o\"}}]}<\/script>\n<!-- \/ Yoast SEO plugin. -->","yoast_head_json":{"title":"Get\u00falio Vargas, uma hist\u00f3ria viva que transcende a pol\u00edtica - Notibras","robots":{"index":"index","follow":"follow","max-snippet":"max-snippet:-1","max-image-preview":"max-image-preview:large","max-video-preview":"max-video-preview:-1"},"canonical":"https:\/\/www.notibras.com\/site\/getulio-vargas-uma-historia-viva-que-transcende-a-politica\/","og_locale":"pt_BR","og_type":"article","og_title":"Get\u00falio Vargas, uma hist\u00f3ria viva que transcende a pol\u00edtica - Notibras","og_description":"Faz 60 anos que o inesquec\u00edvel estadista Getulio Vargas, que tanto amou o povo brasileiro, dilacerou ele pr\u00f3prio seu cora\u00e7\u00e3o com tiro certeiro na manh\u00e3 de 24 de agosto de 1954. O sonho brasileiro de justi\u00e7a social, emancipa\u00e7\u00e3o econ\u00f4mica, soberania, grandeza e ideal de transformar o pa\u00eds em pot\u00eancia mundial tem um s\u00edmbolo a ser [&hellip;]","og_url":"https:\/\/www.notibras.com\/site\/getulio-vargas-uma-historia-viva-que-transcende-a-politica\/","og_site_name":"Notibras","article_publisher":"https:\/\/www.facebook.com\/notibras\/","article_published_time":"2014-09-06T01:40:23+00:00","og_image":[{"width":600,"height":400,"url":"https:\/\/www.notibras.com\/site\/wp-content\/uploads\/2014\/09\/20120905112129.jpg","type":"image\/jpeg"}],"author":"Reda\u00e7\u00e3o","twitter_card":"summary_large_image","twitter_creator":"@Notibras","twitter_site":"@Notibras","twitter_misc":{"Escrito por":"Reda\u00e7\u00e3o","Est. tempo de leitura":"4 minutos"},"schema":{"@context":"https:\/\/schema.org","@graph":[{"@type":"Article","@id":"https:\/\/www.notibras.com\/site\/getulio-vargas-uma-historia-viva-que-transcende-a-politica\/#article","isPartOf":{"@id":"https:\/\/www.notibras.com\/site\/getulio-vargas-uma-historia-viva-que-transcende-a-politica\/"},"author":{"name":"Reda\u00e7\u00e3o","@id":"https:\/\/www.notibras.com\/site\/#\/schema\/person\/36ab0979449956132d3e5b517ea76ac8"},"headline":"Get\u00falio Vargas, uma hist\u00f3ria viva que transcende a pol\u00edtica","datePublished":"2014-09-06T01:40:23+00:00","mainEntityOfPage":{"@id":"https:\/\/www.notibras.com\/site\/getulio-vargas-uma-historia-viva-que-transcende-a-politica\/"},"wordCount":877,"commentCount":0,"publisher":{"@id":"https:\/\/www.notibras.com\/site\/#organization"},"image":{"@id":"https:\/\/www.notibras.com\/site\/getulio-vargas-uma-historia-viva-que-transcende-a-politica\/#primaryimage"},"thumbnailUrl":"https:\/\/www.notibras.com\/site\/wp-content\/uploads\/2014\/09\/20120905112129.jpg","articleSection":["Opina a\u00ed"],"inLanguage":"pt-BR","potentialAction":[{"@type":"CommentAction","name":"Comment","target":["https:\/\/www.notibras.com\/site\/getulio-vargas-uma-historia-viva-que-transcende-a-politica\/#respond"]}]},{"@type":"WebPage","@id":"https:\/\/www.notibras.com\/site\/getulio-vargas-uma-historia-viva-que-transcende-a-politica\/","url":"https:\/\/www.notibras.com\/site\/getulio-vargas-uma-historia-viva-que-transcende-a-politica\/","name":"Get\u00falio Vargas, uma hist\u00f3ria viva que transcende a pol\u00edtica - Notibras","isPartOf":{"@id":"https:\/\/www.notibras.com\/site\/#website"},"primaryImageOfPage":{"@id":"https:\/\/www.notibras.com\/site\/getulio-vargas-uma-historia-viva-que-transcende-a-politica\/#primaryimage"},"image":{"@id":"https:\/\/www.notibras.com\/site\/getulio-vargas-uma-historia-viva-que-transcende-a-politica\/#primaryimage"},"thumbnailUrl":"https:\/\/www.notibras.com\/site\/wp-content\/uploads\/2014\/09\/20120905112129.jpg","datePublished":"2014-09-06T01:40:23+00:00","breadcrumb":{"@id":"https:\/\/www.notibras.com\/site\/getulio-vargas-uma-historia-viva-que-transcende-a-politica\/#breadcrumb"},"inLanguage":"pt-BR","potentialAction":[{"@type":"ReadAction","target":["https:\/\/www.notibras.com\/site\/getulio-vargas-uma-historia-viva-que-transcende-a-politica\/"]}]},{"@type":"ImageObject","inLanguage":"pt-BR","@id":"https:\/\/www.notibras.com\/site\/getulio-vargas-uma-historia-viva-que-transcende-a-politica\/#primaryimage","url":"https:\/\/www.notibras.com\/site\/wp-content\/uploads\/2014\/09\/20120905112129.jpg","contentUrl":"https:\/\/www.notibras.com\/site\/wp-content\/uploads\/2014\/09\/20120905112129.jpg","width":600,"height":400},{"@type":"BreadcrumbList","@id":"https:\/\/www.notibras.com\/site\/getulio-vargas-uma-historia-viva-que-transcende-a-politica\/#breadcrumb","itemListElement":[{"@type":"ListItem","position":1,"name":"In\u00edcio","item":"https:\/\/www.notibras.com\/site\/"},{"@type":"ListItem","position":2,"name":"Get\u00falio Vargas, uma hist\u00f3ria viva que transcende a pol\u00edtica"}]},{"@type":"WebSite","@id":"https:\/\/www.notibras.com\/site\/#website","url":"https:\/\/www.notibras.com\/site\/","name":"Notibras","description":"Not\u00edcias de Bras\u00edlia, do Brasil e do Mundo","publisher":{"@id":"https:\/\/www.notibras.com\/site\/#organization"},"potentialAction":[{"@type":"SearchAction","target":{"@type":"EntryPoint","urlTemplate":"https:\/\/www.notibras.com\/site\/?s={search_term_string}"},"query-input":{"@type":"PropertyValueSpecification","valueRequired":true,"valueName":"search_term_string"}}],"inLanguage":"pt-BR"},{"@type":"Organization","@id":"https:\/\/www.notibras.com\/site\/#organization","name":"Grupo Notibras de Comunica\u00e7\u00e3o","url":"https:\/\/www.notibras.com\/site\/","logo":{"@type":"ImageObject","inLanguage":"pt-BR","@id":"https:\/\/www.notibras.com\/site\/#\/schema\/logo\/image\/","url":"https:\/\/www.notibras.com\/site\/wp-content\/uploads\/2023\/01\/notibras23.png","contentUrl":"https:\/\/www.notibras.com\/site\/wp-content\/uploads\/2023\/01\/notibras23.png","width":350,"height":87,"caption":"Grupo Notibras de Comunica\u00e7\u00e3o"},"image":{"@id":"https:\/\/www.notibras.com\/site\/#\/schema\/logo\/image\/"},"sameAs":["https:\/\/www.facebook.com\/notibras\/","https:\/\/x.com\/Notibras","https:\/\/www.instagram.com\/notibras\/"]},{"@type":"Person","@id":"https:\/\/www.notibras.com\/site\/#\/schema\/person\/36ab0979449956132d3e5b517ea76ac8","name":"Reda\u00e7\u00e3o","image":{"@type":"ImageObject","inLanguage":"pt-BR","@id":"https:\/\/secure.gravatar.com\/avatar\/e0a867bdedb85fd243eadf09663511f96fc81e0720a4a42581f334ad4303aa6b?s=96&d=mm&r=g","url":"https:\/\/secure.gravatar.com\/avatar\/e0a867bdedb85fd243eadf09663511f96fc81e0720a4a42581f334ad4303aa6b?s=96&d=mm&r=g","contentUrl":"https:\/\/secure.gravatar.com\/avatar\/e0a867bdedb85fd243eadf09663511f96fc81e0720a4a42581f334ad4303aa6b?s=96&d=mm&r=g","caption":"Reda\u00e7\u00e3o"}}]}},"amp_enabled":true,"_links":{"self":[{"href":"https:\/\/www.notibras.com\/site\/wp-json\/wp\/v2\/posts\/21526","targetHints":{"allow":["GET"]}}],"collection":[{"href":"https:\/\/www.notibras.com\/site\/wp-json\/wp\/v2\/posts"}],"about":[{"href":"https:\/\/www.notibras.com\/site\/wp-json\/wp\/v2\/types\/post"}],"author":[{"embeddable":true,"href":"https:\/\/www.notibras.com\/site\/wp-json\/wp\/v2\/users\/2"}],"replies":[{"embeddable":true,"href":"https:\/\/www.notibras.com\/site\/wp-json\/wp\/v2\/comments?post=21526"}],"version-history":[{"count":0,"href":"https:\/\/www.notibras.com\/site\/wp-json\/wp\/v2\/posts\/21526\/revisions"}],"wp:featuredmedia":[{"embeddable":true,"href":"https:\/\/www.notibras.com\/site\/wp-json\/wp\/v2\/media\/21527"}],"wp:attachment":[{"href":"https:\/\/www.notibras.com\/site\/wp-json\/wp\/v2\/media?parent=21526"}],"wp:term":[{"taxonomy":"category","embeddable":true,"href":"https:\/\/www.notibras.com\/site\/wp-json\/wp\/v2\/categories?post=21526"},{"taxonomy":"post_tag","embeddable":true,"href":"https:\/\/www.notibras.com\/site\/wp-json\/wp\/v2\/tags?post=21526"}],"curies":[{"name":"wp","href":"https:\/\/api.w.org\/{rel}","templated":true}]}}