{"id":21545,"date":"2014-09-06T00:47:00","date_gmt":"2014-09-06T03:47:00","guid":{"rendered":"http:\/\/www.notibras.com\/site\/?p=21545"},"modified":"2014-09-06T14:50:06","modified_gmt":"2014-09-06T17:50:06","slug":"neymar-salva-a-patria-contra-uma-colombia-com-10-em-campo","status":"publish","type":"post","link":"https:\/\/www.notibras.com\/site\/neymar-salva-a-patria-contra-uma-colombia-com-10-em-campo\/","title":{"rendered":"Neymar salva a p\u00e1tria contra uma Col\u00f4mbia com 10 em campo"},"content":{"rendered":"<p>Rivais nas quartas de final de Copa do Mundo, Brasil e Col\u00f4mbia se reencontraram nesta sexta-feira, em amistoso realizado em Miami, nos Estados Unidos. A partida marcou a volta de Dunga \u00e0 frente da Sele\u00e7\u00e3o Brasileira.<\/p>\n<p>Assim como no Mundial, os brasileiros foram melhores e garantiram uma estreia com o p\u00e9\u00a0direito para o treinador ga\u00facho. Em uma cobran\u00e7a de falta com perfei\u00e7\u00e3o, Neymar marcou no final da partida e decretou a vit\u00f3ria por 1 a 0 sobre os colombianos.<\/p>\n<p class=\"text\">A partida surpreendeu pela agressividade da Col\u00f4mbia na marca\u00e7\u00e3o. Com entradas fortes, os colombianos irritaram os brasileiros, que entraram na pilha e tamb\u00e9m passaram dos limites. O primeiro tempo terminou com cinco cart\u00f5es amarelos, sendo dois para o Brasil e tr\u00eas para o advers\u00e1rio.<\/p>\n<blockquote>\n<p class=\"text\">Cuadrado foi expulso logo no come\u00e7o da etapa final ap\u00f3s nova falta em Neymar seguida de reclama\u00e7\u00e3o, o que acirrou ainda mais o \u00e2nimo dos atletas em campo.<\/p>\n<\/blockquote>\n<p class=\"text\">Com a bola no p\u00e9, o Brasil foi melhor durante todo o jogo, mas principalmente no segundo tempo, quando ficou com\u00a0homem a mais em campo. Esbanjando velocidade, a\u00a0equipe comandada por Dunga\u00a0acertou bons toques de bola e infiltra\u00e7\u00f5es na \u00e1rea rival, mas parou na boa atua\u00e7\u00e3o do goleiro Ospina.<\/p>\n<p class=\"text\">Quando a partida se encaminhava para um empate sem gols, Neymar brilhou. O camisa 10 acertou bela cobran\u00e7a de falta aos 38min, no \u00e2ngulo, sem chances para o arqueiro colombiano.<\/p>\n<p class=\"text\">A Sele\u00e7\u00e3o Brasileira volta a campo na pr\u00f3xima ter\u00e7a-feira (9), contra o Equador, em Nova Jersey.<\/p>\n","protected":false},"excerpt":{"rendered":"<p>Rivais nas quartas de final de Copa do Mundo, Brasil e Col\u00f4mbia se reencontraram nesta sexta-feira, em amistoso realizado em Miami, nos Estados Unidos. A partida marcou a volta de Dunga \u00e0 frente da Sele\u00e7\u00e3o Brasileira. Assim como no Mundial, os brasileiros foram melhores e garantiram uma estreia com o p\u00e9\u00a0direito para o treinador ga\u00facho. [&hellip;]<\/p>\n","protected":false},"author":2,"featured_media":21546,"comment_status":"open","ping_status":"closed","sticky":false,"template":"","format":"standard","meta":{"_acf_changed":false,"footnotes":""},"categories":[19,29],"tags":[],"class_list":["post-21545","post","type-post","status-publish","format-standard","has-post-thumbnail","hentry","category-esportes","category-futebol"],"acf":[],"yoast_head":"<!-- This site is optimized with the Yoast SEO plugin v27.2 - https:\/\/yoast.com\/product\/yoast-seo-wordpress\/ -->\n<title>Neymar salva a p\u00e1tria contra uma Col\u00f4mbia com 10 em campo - Notibras<\/title>\n<meta name=\"robots\" content=\"index, follow, max-snippet:-1, max-image-preview:large, max-video-preview:-1\" \/>\n<link rel=\"canonical\" href=\"https:\/\/www.notibras.com\/site\/neymar-salva-a-patria-contra-uma-colombia-com-10-em-campo\/\" \/>\n<meta property=\"og:locale\" content=\"pt_BR\" \/>\n<meta property=\"og:type\" content=\"article\" \/>\n<meta property=\"og:title\" content=\"Neymar salva a p\u00e1tria contra uma Col\u00f4mbia com 10 em campo - Notibras\" \/>\n<meta property=\"og:description\" content=\"Rivais nas quartas de final de Copa do Mundo, Brasil e Col\u00f4mbia se reencontraram nesta sexta-feira, em amistoso realizado em Miami, nos Estados Unidos. A partida marcou a volta de Dunga \u00e0 frente da Sele\u00e7\u00e3o Brasileira. Assim como no Mundial, os brasileiros foram melhores e garantiram uma estreia com o p\u00e9\u00a0direito para o treinador ga\u00facho. [&hellip;]\" \/>\n<meta property=\"og:url\" content=\"https:\/\/www.notibras.com\/site\/neymar-salva-a-patria-contra-uma-colombia-com-10-em-campo\/\" \/>\n<meta property=\"og:site_name\" content=\"Notibras\" \/>\n<meta property=\"article:publisher\" content=\"https:\/\/www.facebook.com\/notibras\/\" \/>\n<meta property=\"article:published_time\" content=\"2014-09-06T03:47:00+00:00\" \/>\n<meta property=\"article:modified_time\" content=\"2014-09-06T17:50:06+00:00\" \/>\n<meta property=\"og:image\" content=\"https:\/\/www.notibras.com\/site\/wp-content\/uploads\/2014\/09\/neymarmarcabrunodomingosmowa.jpg\" \/>\n\t<meta property=\"og:image:width\" content=\"797\" \/>\n\t<meta property=\"og:image:height\" content=\"500\" \/>\n\t<meta property=\"og:image:type\" content=\"image\/jpeg\" \/>\n<meta name=\"author\" content=\"Reda\u00e7\u00e3o\" \/>\n<meta name=\"twitter:card\" content=\"summary_large_image\" \/>\n<meta name=\"twitter:creator\" content=\"@Notibras\" \/>\n<meta name=\"twitter:site\" content=\"@Notibras\" \/>\n<meta name=\"twitter:label1\" content=\"Escrito por\" \/>\n\t<meta name=\"twitter:data1\" content=\"Reda\u00e7\u00e3o\" \/>\n\t<meta name=\"twitter:label2\" content=\"Est. tempo de leitura\" \/>\n\t<meta name=\"twitter:data2\" content=\"1 minuto\" \/>\n<script type=\"application\/ld+json\" class=\"yoast-schema-graph\">{\"@context\":\"https:\/\/schema.org\",\"@graph\":[{\"@type\":\"Article\",\"@id\":\"https:\/\/www.notibras.com\/site\/neymar-salva-a-patria-contra-uma-colombia-com-10-em-campo\/#article\",\"isPartOf\":{\"@id\":\"https:\/\/www.notibras.com\/site\/neymar-salva-a-patria-contra-uma-colombia-com-10-em-campo\/\"},\"author\":{\"name\":\"Reda\u00e7\u00e3o\",\"@id\":\"https:\/\/www.notibras.com\/site\/#\/schema\/person\/36ab0979449956132d3e5b517ea76ac8\"},\"headline\":\"Neymar salva a p\u00e1tria contra uma Col\u00f4mbia com 10 em campo\",\"datePublished\":\"2014-09-06T03:47:00+00:00\",\"dateModified\":\"2014-09-06T17:50:06+00:00\",\"mainEntityOfPage\":{\"@id\":\"https:\/\/www.notibras.com\/site\/neymar-salva-a-patria-contra-uma-colombia-com-10-em-campo\/\"},\"wordCount\":277,\"commentCount\":0,\"publisher\":{\"@id\":\"https:\/\/www.notibras.com\/site\/#organization\"},\"image\":{\"@id\":\"https:\/\/www.notibras.com\/site\/neymar-salva-a-patria-contra-uma-colombia-com-10-em-campo\/#primaryimage\"},\"thumbnailUrl\":\"https:\/\/www.notibras.com\/site\/wp-content\/uploads\/2014\/09\/neymarmarcabrunodomingosmowa.jpg\",\"articleSection\":[\"Esportes\",\"Futebol\"],\"inLanguage\":\"pt-BR\",\"potentialAction\":[{\"@type\":\"CommentAction\",\"name\":\"Comment\",\"target\":[\"https:\/\/www.notibras.com\/site\/neymar-salva-a-patria-contra-uma-colombia-com-10-em-campo\/#respond\"]}]},{\"@type\":\"WebPage\",\"@id\":\"https:\/\/www.notibras.com\/site\/neymar-salva-a-patria-contra-uma-colombia-com-10-em-campo\/\",\"url\":\"https:\/\/www.notibras.com\/site\/neymar-salva-a-patria-contra-uma-colombia-com-10-em-campo\/\",\"name\":\"Neymar salva a p\u00e1tria contra uma Col\u00f4mbia com 10 em campo - Notibras\",\"isPartOf\":{\"@id\":\"https:\/\/www.notibras.com\/site\/#website\"},\"primaryImageOfPage\":{\"@id\":\"https:\/\/www.notibras.com\/site\/neymar-salva-a-patria-contra-uma-colombia-com-10-em-campo\/#primaryimage\"},\"image\":{\"@id\":\"https:\/\/www.notibras.com\/site\/neymar-salva-a-patria-contra-uma-colombia-com-10-em-campo\/#primaryimage\"},\"thumbnailUrl\":\"https:\/\/www.notibras.com\/site\/wp-content\/uploads\/2014\/09\/neymarmarcabrunodomingosmowa.jpg\",\"datePublished\":\"2014-09-06T03:47:00+00:00\",\"dateModified\":\"2014-09-06T17:50:06+00:00\",\"breadcrumb\":{\"@id\":\"https:\/\/www.notibras.com\/site\/neymar-salva-a-patria-contra-uma-colombia-com-10-em-campo\/#breadcrumb\"},\"inLanguage\":\"pt-BR\",\"potentialAction\":[{\"@type\":\"ReadAction\",\"target\":[\"https:\/\/www.notibras.com\/site\/neymar-salva-a-patria-contra-uma-colombia-com-10-em-campo\/\"]}]},{\"@type\":\"ImageObject\",\"inLanguage\":\"pt-BR\",\"@id\":\"https:\/\/www.notibras.com\/site\/neymar-salva-a-patria-contra-uma-colombia-com-10-em-campo\/#primaryimage\",\"url\":\"https:\/\/www.notibras.com\/site\/wp-content\/uploads\/2014\/09\/neymarmarcabrunodomingosmowa.jpg\",\"contentUrl\":\"https:\/\/www.notibras.com\/site\/wp-content\/uploads\/2014\/09\/neymarmarcabrunodomingosmowa.jpg\",\"width\":797,\"height\":500},{\"@type\":\"BreadcrumbList\",\"@id\":\"https:\/\/www.notibras.com\/site\/neymar-salva-a-patria-contra-uma-colombia-com-10-em-campo\/#breadcrumb\",\"itemListElement\":[{\"@type\":\"ListItem\",\"position\":1,\"name\":\"In\u00edcio\",\"item\":\"https:\/\/www.notibras.com\/site\/\"},{\"@type\":\"ListItem\",\"position\":2,\"name\":\"Neymar salva a p\u00e1tria contra uma Col\u00f4mbia com 10 em campo\"}]},{\"@type\":\"WebSite\",\"@id\":\"https:\/\/www.notibras.com\/site\/#website\",\"url\":\"https:\/\/www.notibras.com\/site\/\",\"name\":\"Notibras\",\"description\":\"Not\u00edcias de Bras\u00edlia, do Brasil e do Mundo\",\"publisher\":{\"@id\":\"https:\/\/www.notibras.com\/site\/#organization\"},\"potentialAction\":[{\"@type\":\"SearchAction\",\"target\":{\"@type\":\"EntryPoint\",\"urlTemplate\":\"https:\/\/www.notibras.com\/site\/?s={search_term_string}\"},\"query-input\":{\"@type\":\"PropertyValueSpecification\",\"valueRequired\":true,\"valueName\":\"search_term_string\"}}],\"inLanguage\":\"pt-BR\"},{\"@type\":\"Organization\",\"@id\":\"https:\/\/www.notibras.com\/site\/#organization\",\"name\":\"Grupo Notibras de Comunica\u00e7\u00e3o\",\"url\":\"https:\/\/www.notibras.com\/site\/\",\"logo\":{\"@type\":\"ImageObject\",\"inLanguage\":\"pt-BR\",\"@id\":\"https:\/\/www.notibras.com\/site\/#\/schema\/logo\/image\/\",\"url\":\"https:\/\/www.notibras.com\/site\/wp-content\/uploads\/2023\/01\/notibras23.png\",\"contentUrl\":\"https:\/\/www.notibras.com\/site\/wp-content\/uploads\/2023\/01\/notibras23.png\",\"width\":350,\"height\":87,\"caption\":\"Grupo Notibras de Comunica\u00e7\u00e3o\"},\"image\":{\"@id\":\"https:\/\/www.notibras.com\/site\/#\/schema\/logo\/image\/\"},\"sameAs\":[\"https:\/\/www.facebook.com\/notibras\/\",\"https:\/\/x.com\/Notibras\",\"https:\/\/www.instagram.com\/notibras\/\"]},{\"@type\":\"Person\",\"@id\":\"https:\/\/www.notibras.com\/site\/#\/schema\/person\/36ab0979449956132d3e5b517ea76ac8\",\"name\":\"Reda\u00e7\u00e3o\",\"image\":{\"@type\":\"ImageObject\",\"inLanguage\":\"pt-BR\",\"@id\":\"https:\/\/secure.gravatar.com\/avatar\/e0a867bdedb85fd243eadf09663511f96fc81e0720a4a42581f334ad4303aa6b?s=96&d=mm&r=g\",\"url\":\"https:\/\/secure.gravatar.com\/avatar\/e0a867bdedb85fd243eadf09663511f96fc81e0720a4a42581f334ad4303aa6b?s=96&d=mm&r=g\",\"contentUrl\":\"https:\/\/secure.gravatar.com\/avatar\/e0a867bdedb85fd243eadf09663511f96fc81e0720a4a42581f334ad4303aa6b?s=96&d=mm&r=g\",\"caption\":\"Reda\u00e7\u00e3o\"}}]}<\/script>\n<!-- \/ Yoast SEO plugin. -->","yoast_head_json":{"title":"Neymar salva a p\u00e1tria contra uma Col\u00f4mbia com 10 em campo - Notibras","robots":{"index":"index","follow":"follow","max-snippet":"max-snippet:-1","max-image-preview":"max-image-preview:large","max-video-preview":"max-video-preview:-1"},"canonical":"https:\/\/www.notibras.com\/site\/neymar-salva-a-patria-contra-uma-colombia-com-10-em-campo\/","og_locale":"pt_BR","og_type":"article","og_title":"Neymar salva a p\u00e1tria contra uma Col\u00f4mbia com 10 em campo - Notibras","og_description":"Rivais nas quartas de final de Copa do Mundo, Brasil e Col\u00f4mbia se reencontraram nesta sexta-feira, em amistoso realizado em Miami, nos Estados Unidos. A partida marcou a volta de Dunga \u00e0 frente da Sele\u00e7\u00e3o Brasileira. Assim como no Mundial, os brasileiros foram melhores e garantiram uma estreia com o p\u00e9\u00a0direito para o treinador ga\u00facho. [&hellip;]","og_url":"https:\/\/www.notibras.com\/site\/neymar-salva-a-patria-contra-uma-colombia-com-10-em-campo\/","og_site_name":"Notibras","article_publisher":"https:\/\/www.facebook.com\/notibras\/","article_published_time":"2014-09-06T03:47:00+00:00","article_modified_time":"2014-09-06T17:50:06+00:00","og_image":[{"width":797,"height":500,"url":"https:\/\/www.notibras.com\/site\/wp-content\/uploads\/2014\/09\/neymarmarcabrunodomingosmowa.jpg","type":"image\/jpeg"}],"author":"Reda\u00e7\u00e3o","twitter_card":"summary_large_image","twitter_creator":"@Notibras","twitter_site":"@Notibras","twitter_misc":{"Escrito por":"Reda\u00e7\u00e3o","Est. tempo de leitura":"1 minuto"},"schema":{"@context":"https:\/\/schema.org","@graph":[{"@type":"Article","@id":"https:\/\/www.notibras.com\/site\/neymar-salva-a-patria-contra-uma-colombia-com-10-em-campo\/#article","isPartOf":{"@id":"https:\/\/www.notibras.com\/site\/neymar-salva-a-patria-contra-uma-colombia-com-10-em-campo\/"},"author":{"name":"Reda\u00e7\u00e3o","@id":"https:\/\/www.notibras.com\/site\/#\/schema\/person\/36ab0979449956132d3e5b517ea76ac8"},"headline":"Neymar salva a p\u00e1tria contra uma Col\u00f4mbia com 10 em campo","datePublished":"2014-09-06T03:47:00+00:00","dateModified":"2014-09-06T17:50:06+00:00","mainEntityOfPage":{"@id":"https:\/\/www.notibras.com\/site\/neymar-salva-a-patria-contra-uma-colombia-com-10-em-campo\/"},"wordCount":277,"commentCount":0,"publisher":{"@id":"https:\/\/www.notibras.com\/site\/#organization"},"image":{"@id":"https:\/\/www.notibras.com\/site\/neymar-salva-a-patria-contra-uma-colombia-com-10-em-campo\/#primaryimage"},"thumbnailUrl":"https:\/\/www.notibras.com\/site\/wp-content\/uploads\/2014\/09\/neymarmarcabrunodomingosmowa.jpg","articleSection":["Esportes","Futebol"],"inLanguage":"pt-BR","potentialAction":[{"@type":"CommentAction","name":"Comment","target":["https:\/\/www.notibras.com\/site\/neymar-salva-a-patria-contra-uma-colombia-com-10-em-campo\/#respond"]}]},{"@type":"WebPage","@id":"https:\/\/www.notibras.com\/site\/neymar-salva-a-patria-contra-uma-colombia-com-10-em-campo\/","url":"https:\/\/www.notibras.com\/site\/neymar-salva-a-patria-contra-uma-colombia-com-10-em-campo\/","name":"Neymar salva a p\u00e1tria contra uma Col\u00f4mbia com 10 em campo - Notibras","isPartOf":{"@id":"https:\/\/www.notibras.com\/site\/#website"},"primaryImageOfPage":{"@id":"https:\/\/www.notibras.com\/site\/neymar-salva-a-patria-contra-uma-colombia-com-10-em-campo\/#primaryimage"},"image":{"@id":"https:\/\/www.notibras.com\/site\/neymar-salva-a-patria-contra-uma-colombia-com-10-em-campo\/#primaryimage"},"thumbnailUrl":"https:\/\/www.notibras.com\/site\/wp-content\/uploads\/2014\/09\/neymarmarcabrunodomingosmowa.jpg","datePublished":"2014-09-06T03:47:00+00:00","dateModified":"2014-09-06T17:50:06+00:00","breadcrumb":{"@id":"https:\/\/www.notibras.com\/site\/neymar-salva-a-patria-contra-uma-colombia-com-10-em-campo\/#breadcrumb"},"inLanguage":"pt-BR","potentialAction":[{"@type":"ReadAction","target":["https:\/\/www.notibras.com\/site\/neymar-salva-a-patria-contra-uma-colombia-com-10-em-campo\/"]}]},{"@type":"ImageObject","inLanguage":"pt-BR","@id":"https:\/\/www.notibras.com\/site\/neymar-salva-a-patria-contra-uma-colombia-com-10-em-campo\/#primaryimage","url":"https:\/\/www.notibras.com\/site\/wp-content\/uploads\/2014\/09\/neymarmarcabrunodomingosmowa.jpg","contentUrl":"https:\/\/www.notibras.com\/site\/wp-content\/uploads\/2014\/09\/neymarmarcabrunodomingosmowa.jpg","width":797,"height":500},{"@type":"BreadcrumbList","@id":"https:\/\/www.notibras.com\/site\/neymar-salva-a-patria-contra-uma-colombia-com-10-em-campo\/#breadcrumb","itemListElement":[{"@type":"ListItem","position":1,"name":"In\u00edcio","item":"https:\/\/www.notibras.com\/site\/"},{"@type":"ListItem","position":2,"name":"Neymar salva a p\u00e1tria contra uma Col\u00f4mbia com 10 em campo"}]},{"@type":"WebSite","@id":"https:\/\/www.notibras.com\/site\/#website","url":"https:\/\/www.notibras.com\/site\/","name":"Notibras","description":"Not\u00edcias de Bras\u00edlia, do Brasil e do Mundo","publisher":{"@id":"https:\/\/www.notibras.com\/site\/#organization"},"potentialAction":[{"@type":"SearchAction","target":{"@type":"EntryPoint","urlTemplate":"https:\/\/www.notibras.com\/site\/?s={search_term_string}"},"query-input":{"@type":"PropertyValueSpecification","valueRequired":true,"valueName":"search_term_string"}}],"inLanguage":"pt-BR"},{"@type":"Organization","@id":"https:\/\/www.notibras.com\/site\/#organization","name":"Grupo Notibras de Comunica\u00e7\u00e3o","url":"https:\/\/www.notibras.com\/site\/","logo":{"@type":"ImageObject","inLanguage":"pt-BR","@id":"https:\/\/www.notibras.com\/site\/#\/schema\/logo\/image\/","url":"https:\/\/www.notibras.com\/site\/wp-content\/uploads\/2023\/01\/notibras23.png","contentUrl":"https:\/\/www.notibras.com\/site\/wp-content\/uploads\/2023\/01\/notibras23.png","width":350,"height":87,"caption":"Grupo Notibras de Comunica\u00e7\u00e3o"},"image":{"@id":"https:\/\/www.notibras.com\/site\/#\/schema\/logo\/image\/"},"sameAs":["https:\/\/www.facebook.com\/notibras\/","https:\/\/x.com\/Notibras","https:\/\/www.instagram.com\/notibras\/"]},{"@type":"Person","@id":"https:\/\/www.notibras.com\/site\/#\/schema\/person\/36ab0979449956132d3e5b517ea76ac8","name":"Reda\u00e7\u00e3o","image":{"@type":"ImageObject","inLanguage":"pt-BR","@id":"https:\/\/secure.gravatar.com\/avatar\/e0a867bdedb85fd243eadf09663511f96fc81e0720a4a42581f334ad4303aa6b?s=96&d=mm&r=g","url":"https:\/\/secure.gravatar.com\/avatar\/e0a867bdedb85fd243eadf09663511f96fc81e0720a4a42581f334ad4303aa6b?s=96&d=mm&r=g","contentUrl":"https:\/\/secure.gravatar.com\/avatar\/e0a867bdedb85fd243eadf09663511f96fc81e0720a4a42581f334ad4303aa6b?s=96&d=mm&r=g","caption":"Reda\u00e7\u00e3o"}}]}},"amp_enabled":true,"_links":{"self":[{"href":"https:\/\/www.notibras.com\/site\/wp-json\/wp\/v2\/posts\/21545","targetHints":{"allow":["GET"]}}],"collection":[{"href":"https:\/\/www.notibras.com\/site\/wp-json\/wp\/v2\/posts"}],"about":[{"href":"https:\/\/www.notibras.com\/site\/wp-json\/wp\/v2\/types\/post"}],"author":[{"embeddable":true,"href":"https:\/\/www.notibras.com\/site\/wp-json\/wp\/v2\/users\/2"}],"replies":[{"embeddable":true,"href":"https:\/\/www.notibras.com\/site\/wp-json\/wp\/v2\/comments?post=21545"}],"version-history":[{"count":0,"href":"https:\/\/www.notibras.com\/site\/wp-json\/wp\/v2\/posts\/21545\/revisions"}],"wp:featuredmedia":[{"embeddable":true,"href":"https:\/\/www.notibras.com\/site\/wp-json\/wp\/v2\/media\/21546"}],"wp:attachment":[{"href":"https:\/\/www.notibras.com\/site\/wp-json\/wp\/v2\/media?parent=21545"}],"wp:term":[{"taxonomy":"category","embeddable":true,"href":"https:\/\/www.notibras.com\/site\/wp-json\/wp\/v2\/categories?post=21545"},{"taxonomy":"post_tag","embeddable":true,"href":"https:\/\/www.notibras.com\/site\/wp-json\/wp\/v2\/tags?post=21545"}],"curies":[{"name":"wp","href":"https:\/\/api.w.org\/{rel}","templated":true}]}}