{"id":2157,"date":"2014-02-19T11:01:35","date_gmt":"2014-02-19T14:01:35","guid":{"rendered":"http:\/\/www.notibras.com\/site\/?p=2157"},"modified":"2014-02-19T15:26:53","modified_gmt":"2014-02-19T18:26:53","slug":"australia-prende-16-brasileiros-de-quadrilha-de-trafico-de-drogas","status":"publish","type":"post","link":"https:\/\/www.notibras.com\/site\/australia-prende-16-brasileiros-de-quadrilha-de-trafico-de-drogas\/","title":{"rendered":"Austr\u00e1lia prende 16 traficantes brasileiros"},"content":{"rendered":"<p>Dezesseis brasileiros foram presos na Austr\u00e1lia acusados de tr\u00e1fico de drogas. De acordo com a pol\u00edcia, eles fazem parte de uma quadrilha que selecionava estudantes para contrabandear coca\u00edna escondida no forro das malas de viagem. \u00a0A Pol\u00edcia Federal, a Comiss\u00e3o contra o Crime e a Alf\u00e2ndega australianas desbarataram a quadrilha ap\u00f3s 15 meses de investiga\u00e7\u00f5es. Dos 23 presos, 16 s\u00e3o brasileiros.<\/p>\n<p>A opera\u00e7\u00e3o denominada Lima Exposure apreendeu cerca de 15 Kg de coca\u00edna, no valor estimado de US$ 5 milh\u00f5es. \u201cEsse grupo foi desmantelado\u201d, garantiu o coordenador regional contra o crime, superintendente David Hutchinson.<\/p>\n<p>Os estudantes eram usados como \u201cmulas\u201d para levar a droga para a Gold Coast, no Estado de Queensland, uma localidade popular pelas praias, festas e consumo de entorpecentes. Eles teriam recebido US$ 15 mil para transportar a coca\u00edna. Se condenados, os brasileiros podem pegar pris\u00e3o perp\u00e9tua.<\/p>\n<p>De acordo com Hutchinson, quatro pessoas foram detidas nos aeroportos de Brisbane e Sydney, entre mar\u00e7o e setembro do ano passado, carregando entre 2 Kg e 4 Kg de coca\u00edna. Em setembro, um homem tamb\u00e9m foi preso tentando viajar com US$ 112 mil em dinheiro, supostamente ligado ao contrabando.<\/p>\n<p>A pol\u00edcia ainda prendeu duas pessoas nesta quarta, em consequ\u00eancia de uma opera\u00e7\u00e3o realizada em novembro, que apreendeu mais de 1 Kg de coca\u00edna. Dois outros acusados j\u00e1 teriam fugido para o Brasil, mas os australianos esperam prend\u00ea-los com a ajuda da Pol\u00edcia Federal brasileira.<\/p>\n","protected":false},"excerpt":{"rendered":"<p>Dezesseis brasileiros foram presos na Austr\u00e1lia acusados de tr\u00e1fico de drogas. De acordo com a pol\u00edcia, eles fazem parte de uma quadrilha que selecionava estudantes para contrabandear coca\u00edna escondida no forro das malas de viagem. \u00a0A Pol\u00edcia Federal, a Comiss\u00e3o contra o Crime e a Alf\u00e2ndega australianas desbarataram a quadrilha ap\u00f3s 15 meses de investiga\u00e7\u00f5es. [&hellip;]<\/p>\n","protected":false},"author":2,"featured_media":2158,"comment_status":"open","ping_status":"closed","sticky":false,"template":"","format":"standard","meta":{"_acf_changed":false,"footnotes":""},"categories":[16],"tags":[],"class_list":["post-2157","post","type-post","status-publish","format-standard","has-post-thumbnail","hentry","category-brasil"],"acf":[],"yoast_head":"<!-- This site is optimized with the Yoast SEO plugin v27.2 - https:\/\/yoast.com\/product\/yoast-seo-wordpress\/ -->\n<title>Austr\u00e1lia prende 16 traficantes brasileiros - Notibras<\/title>\n<meta name=\"robots\" content=\"index, follow, max-snippet:-1, max-image-preview:large, max-video-preview:-1\" \/>\n<link rel=\"canonical\" href=\"https:\/\/www.notibras.com\/site\/australia-prende-16-brasileiros-de-quadrilha-de-trafico-de-drogas\/\" \/>\n<meta property=\"og:locale\" content=\"pt_BR\" \/>\n<meta property=\"og:type\" content=\"article\" \/>\n<meta property=\"og:title\" content=\"Austr\u00e1lia prende 16 traficantes brasileiros - Notibras\" \/>\n<meta property=\"og:description\" content=\"Dezesseis brasileiros foram presos na Austr\u00e1lia acusados de tr\u00e1fico de drogas. De acordo com a pol\u00edcia, eles fazem parte de uma quadrilha que selecionava estudantes para contrabandear coca\u00edna escondida no forro das malas de viagem. \u00a0A Pol\u00edcia Federal, a Comiss\u00e3o contra o Crime e a Alf\u00e2ndega australianas desbarataram a quadrilha ap\u00f3s 15 meses de investiga\u00e7\u00f5es. [&hellip;]\" \/>\n<meta property=\"og:url\" content=\"https:\/\/www.notibras.com\/site\/australia-prende-16-brasileiros-de-quadrilha-de-trafico-de-drogas\/\" \/>\n<meta property=\"og:site_name\" content=\"Notibras\" \/>\n<meta property=\"article:publisher\" content=\"https:\/\/www.facebook.com\/notibras\/\" \/>\n<meta property=\"article:published_time\" content=\"2014-02-19T14:01:35+00:00\" \/>\n<meta property=\"article:modified_time\" content=\"2014-02-19T18:26:53+00:00\" \/>\n<meta property=\"og:image\" content=\"https:\/\/www.notibras.com\/site\/wp-content\/uploads\/2014\/02\/brasileirosdetidosaustralia.jpg\" \/>\n\t<meta property=\"og:image:width\" content=\"619\" \/>\n\t<meta property=\"og:image:height\" content=\"464\" \/>\n\t<meta property=\"og:image:type\" content=\"image\/jpeg\" \/>\n<meta name=\"author\" content=\"Reda\u00e7\u00e3o\" \/>\n<meta name=\"twitter:card\" content=\"summary_large_image\" \/>\n<meta name=\"twitter:creator\" content=\"@Notibras\" \/>\n<meta name=\"twitter:site\" content=\"@Notibras\" \/>\n<meta name=\"twitter:label1\" content=\"Escrito por\" \/>\n\t<meta name=\"twitter:data1\" content=\"Reda\u00e7\u00e3o\" \/>\n\t<meta name=\"twitter:label2\" content=\"Est. tempo de leitura\" \/>\n\t<meta name=\"twitter:data2\" content=\"1 minuto\" \/>\n<script type=\"application\/ld+json\" class=\"yoast-schema-graph\">{\"@context\":\"https:\/\/schema.org\",\"@graph\":[{\"@type\":\"Article\",\"@id\":\"https:\/\/www.notibras.com\/site\/australia-prende-16-brasileiros-de-quadrilha-de-trafico-de-drogas\/#article\",\"isPartOf\":{\"@id\":\"https:\/\/www.notibras.com\/site\/australia-prende-16-brasileiros-de-quadrilha-de-trafico-de-drogas\/\"},\"author\":{\"name\":\"Reda\u00e7\u00e3o\",\"@id\":\"https:\/\/www.notibras.com\/site\/#\/schema\/person\/36ab0979449956132d3e5b517ea76ac8\"},\"headline\":\"Austr\u00e1lia prende 16 traficantes brasileiros\",\"datePublished\":\"2014-02-19T14:01:35+00:00\",\"dateModified\":\"2014-02-19T18:26:53+00:00\",\"mainEntityOfPage\":{\"@id\":\"https:\/\/www.notibras.com\/site\/australia-prende-16-brasileiros-de-quadrilha-de-trafico-de-drogas\/\"},\"wordCount\":254,\"commentCount\":0,\"publisher\":{\"@id\":\"https:\/\/www.notibras.com\/site\/#organization\"},\"image\":{\"@id\":\"https:\/\/www.notibras.com\/site\/australia-prende-16-brasileiros-de-quadrilha-de-trafico-de-drogas\/#primaryimage\"},\"thumbnailUrl\":\"https:\/\/www.notibras.com\/site\/wp-content\/uploads\/2014\/02\/brasileirosdetidosaustralia.jpg\",\"articleSection\":[\"Brasil\"],\"inLanguage\":\"pt-BR\",\"potentialAction\":[{\"@type\":\"CommentAction\",\"name\":\"Comment\",\"target\":[\"https:\/\/www.notibras.com\/site\/australia-prende-16-brasileiros-de-quadrilha-de-trafico-de-drogas\/#respond\"]}]},{\"@type\":\"WebPage\",\"@id\":\"https:\/\/www.notibras.com\/site\/australia-prende-16-brasileiros-de-quadrilha-de-trafico-de-drogas\/\",\"url\":\"https:\/\/www.notibras.com\/site\/australia-prende-16-brasileiros-de-quadrilha-de-trafico-de-drogas\/\",\"name\":\"Austr\u00e1lia prende 16 traficantes brasileiros - Notibras\",\"isPartOf\":{\"@id\":\"https:\/\/www.notibras.com\/site\/#website\"},\"primaryImageOfPage\":{\"@id\":\"https:\/\/www.notibras.com\/site\/australia-prende-16-brasileiros-de-quadrilha-de-trafico-de-drogas\/#primaryimage\"},\"image\":{\"@id\":\"https:\/\/www.notibras.com\/site\/australia-prende-16-brasileiros-de-quadrilha-de-trafico-de-drogas\/#primaryimage\"},\"thumbnailUrl\":\"https:\/\/www.notibras.com\/site\/wp-content\/uploads\/2014\/02\/brasileirosdetidosaustralia.jpg\",\"datePublished\":\"2014-02-19T14:01:35+00:00\",\"dateModified\":\"2014-02-19T18:26:53+00:00\",\"breadcrumb\":{\"@id\":\"https:\/\/www.notibras.com\/site\/australia-prende-16-brasileiros-de-quadrilha-de-trafico-de-drogas\/#breadcrumb\"},\"inLanguage\":\"pt-BR\",\"potentialAction\":[{\"@type\":\"ReadAction\",\"target\":[\"https:\/\/www.notibras.com\/site\/australia-prende-16-brasileiros-de-quadrilha-de-trafico-de-drogas\/\"]}]},{\"@type\":\"ImageObject\",\"inLanguage\":\"pt-BR\",\"@id\":\"https:\/\/www.notibras.com\/site\/australia-prende-16-brasileiros-de-quadrilha-de-trafico-de-drogas\/#primaryimage\",\"url\":\"https:\/\/www.notibras.com\/site\/wp-content\/uploads\/2014\/02\/brasileirosdetidosaustralia.jpg\",\"contentUrl\":\"https:\/\/www.notibras.com\/site\/wp-content\/uploads\/2014\/02\/brasileirosdetidosaustralia.jpg\",\"width\":619,\"height\":464},{\"@type\":\"BreadcrumbList\",\"@id\":\"https:\/\/www.notibras.com\/site\/australia-prende-16-brasileiros-de-quadrilha-de-trafico-de-drogas\/#breadcrumb\",\"itemListElement\":[{\"@type\":\"ListItem\",\"position\":1,\"name\":\"In\u00edcio\",\"item\":\"https:\/\/www.notibras.com\/site\/\"},{\"@type\":\"ListItem\",\"position\":2,\"name\":\"Austr\u00e1lia prende 16 traficantes brasileiros\"}]},{\"@type\":\"WebSite\",\"@id\":\"https:\/\/www.notibras.com\/site\/#website\",\"url\":\"https:\/\/www.notibras.com\/site\/\",\"name\":\"Notibras\",\"description\":\"Not\u00edcias de Bras\u00edlia, do Brasil e do Mundo\",\"publisher\":{\"@id\":\"https:\/\/www.notibras.com\/site\/#organization\"},\"potentialAction\":[{\"@type\":\"SearchAction\",\"target\":{\"@type\":\"EntryPoint\",\"urlTemplate\":\"https:\/\/www.notibras.com\/site\/?s={search_term_string}\"},\"query-input\":{\"@type\":\"PropertyValueSpecification\",\"valueRequired\":true,\"valueName\":\"search_term_string\"}}],\"inLanguage\":\"pt-BR\"},{\"@type\":\"Organization\",\"@id\":\"https:\/\/www.notibras.com\/site\/#organization\",\"name\":\"Grupo Notibras de Comunica\u00e7\u00e3o\",\"url\":\"https:\/\/www.notibras.com\/site\/\",\"logo\":{\"@type\":\"ImageObject\",\"inLanguage\":\"pt-BR\",\"@id\":\"https:\/\/www.notibras.com\/site\/#\/schema\/logo\/image\/\",\"url\":\"https:\/\/www.notibras.com\/site\/wp-content\/uploads\/2023\/01\/notibras23.png\",\"contentUrl\":\"https:\/\/www.notibras.com\/site\/wp-content\/uploads\/2023\/01\/notibras23.png\",\"width\":350,\"height\":87,\"caption\":\"Grupo Notibras de Comunica\u00e7\u00e3o\"},\"image\":{\"@id\":\"https:\/\/www.notibras.com\/site\/#\/schema\/logo\/image\/\"},\"sameAs\":[\"https:\/\/www.facebook.com\/notibras\/\",\"https:\/\/x.com\/Notibras\",\"https:\/\/www.instagram.com\/notibras\/\"]},{\"@type\":\"Person\",\"@id\":\"https:\/\/www.notibras.com\/site\/#\/schema\/person\/36ab0979449956132d3e5b517ea76ac8\",\"name\":\"Reda\u00e7\u00e3o\",\"image\":{\"@type\":\"ImageObject\",\"inLanguage\":\"pt-BR\",\"@id\":\"https:\/\/secure.gravatar.com\/avatar\/e0a867bdedb85fd243eadf09663511f96fc81e0720a4a42581f334ad4303aa6b?s=96&d=mm&r=g\",\"url\":\"https:\/\/secure.gravatar.com\/avatar\/e0a867bdedb85fd243eadf09663511f96fc81e0720a4a42581f334ad4303aa6b?s=96&d=mm&r=g\",\"contentUrl\":\"https:\/\/secure.gravatar.com\/avatar\/e0a867bdedb85fd243eadf09663511f96fc81e0720a4a42581f334ad4303aa6b?s=96&d=mm&r=g\",\"caption\":\"Reda\u00e7\u00e3o\"}}]}<\/script>\n<!-- \/ Yoast SEO plugin. -->","yoast_head_json":{"title":"Austr\u00e1lia prende 16 traficantes brasileiros - Notibras","robots":{"index":"index","follow":"follow","max-snippet":"max-snippet:-1","max-image-preview":"max-image-preview:large","max-video-preview":"max-video-preview:-1"},"canonical":"https:\/\/www.notibras.com\/site\/australia-prende-16-brasileiros-de-quadrilha-de-trafico-de-drogas\/","og_locale":"pt_BR","og_type":"article","og_title":"Austr\u00e1lia prende 16 traficantes brasileiros - Notibras","og_description":"Dezesseis brasileiros foram presos na Austr\u00e1lia acusados de tr\u00e1fico de drogas. De acordo com a pol\u00edcia, eles fazem parte de uma quadrilha que selecionava estudantes para contrabandear coca\u00edna escondida no forro das malas de viagem. \u00a0A Pol\u00edcia Federal, a Comiss\u00e3o contra o Crime e a Alf\u00e2ndega australianas desbarataram a quadrilha ap\u00f3s 15 meses de investiga\u00e7\u00f5es. [&hellip;]","og_url":"https:\/\/www.notibras.com\/site\/australia-prende-16-brasileiros-de-quadrilha-de-trafico-de-drogas\/","og_site_name":"Notibras","article_publisher":"https:\/\/www.facebook.com\/notibras\/","article_published_time":"2014-02-19T14:01:35+00:00","article_modified_time":"2014-02-19T18:26:53+00:00","og_image":[{"width":619,"height":464,"url":"https:\/\/www.notibras.com\/site\/wp-content\/uploads\/2014\/02\/brasileirosdetidosaustralia.jpg","type":"image\/jpeg"}],"author":"Reda\u00e7\u00e3o","twitter_card":"summary_large_image","twitter_creator":"@Notibras","twitter_site":"@Notibras","twitter_misc":{"Escrito por":"Reda\u00e7\u00e3o","Est. tempo de leitura":"1 minuto"},"schema":{"@context":"https:\/\/schema.org","@graph":[{"@type":"Article","@id":"https:\/\/www.notibras.com\/site\/australia-prende-16-brasileiros-de-quadrilha-de-trafico-de-drogas\/#article","isPartOf":{"@id":"https:\/\/www.notibras.com\/site\/australia-prende-16-brasileiros-de-quadrilha-de-trafico-de-drogas\/"},"author":{"name":"Reda\u00e7\u00e3o","@id":"https:\/\/www.notibras.com\/site\/#\/schema\/person\/36ab0979449956132d3e5b517ea76ac8"},"headline":"Austr\u00e1lia prende 16 traficantes brasileiros","datePublished":"2014-02-19T14:01:35+00:00","dateModified":"2014-02-19T18:26:53+00:00","mainEntityOfPage":{"@id":"https:\/\/www.notibras.com\/site\/australia-prende-16-brasileiros-de-quadrilha-de-trafico-de-drogas\/"},"wordCount":254,"commentCount":0,"publisher":{"@id":"https:\/\/www.notibras.com\/site\/#organization"},"image":{"@id":"https:\/\/www.notibras.com\/site\/australia-prende-16-brasileiros-de-quadrilha-de-trafico-de-drogas\/#primaryimage"},"thumbnailUrl":"https:\/\/www.notibras.com\/site\/wp-content\/uploads\/2014\/02\/brasileirosdetidosaustralia.jpg","articleSection":["Brasil"],"inLanguage":"pt-BR","potentialAction":[{"@type":"CommentAction","name":"Comment","target":["https:\/\/www.notibras.com\/site\/australia-prende-16-brasileiros-de-quadrilha-de-trafico-de-drogas\/#respond"]}]},{"@type":"WebPage","@id":"https:\/\/www.notibras.com\/site\/australia-prende-16-brasileiros-de-quadrilha-de-trafico-de-drogas\/","url":"https:\/\/www.notibras.com\/site\/australia-prende-16-brasileiros-de-quadrilha-de-trafico-de-drogas\/","name":"Austr\u00e1lia prende 16 traficantes brasileiros - Notibras","isPartOf":{"@id":"https:\/\/www.notibras.com\/site\/#website"},"primaryImageOfPage":{"@id":"https:\/\/www.notibras.com\/site\/australia-prende-16-brasileiros-de-quadrilha-de-trafico-de-drogas\/#primaryimage"},"image":{"@id":"https:\/\/www.notibras.com\/site\/australia-prende-16-brasileiros-de-quadrilha-de-trafico-de-drogas\/#primaryimage"},"thumbnailUrl":"https:\/\/www.notibras.com\/site\/wp-content\/uploads\/2014\/02\/brasileirosdetidosaustralia.jpg","datePublished":"2014-02-19T14:01:35+00:00","dateModified":"2014-02-19T18:26:53+00:00","breadcrumb":{"@id":"https:\/\/www.notibras.com\/site\/australia-prende-16-brasileiros-de-quadrilha-de-trafico-de-drogas\/#breadcrumb"},"inLanguage":"pt-BR","potentialAction":[{"@type":"ReadAction","target":["https:\/\/www.notibras.com\/site\/australia-prende-16-brasileiros-de-quadrilha-de-trafico-de-drogas\/"]}]},{"@type":"ImageObject","inLanguage":"pt-BR","@id":"https:\/\/www.notibras.com\/site\/australia-prende-16-brasileiros-de-quadrilha-de-trafico-de-drogas\/#primaryimage","url":"https:\/\/www.notibras.com\/site\/wp-content\/uploads\/2014\/02\/brasileirosdetidosaustralia.jpg","contentUrl":"https:\/\/www.notibras.com\/site\/wp-content\/uploads\/2014\/02\/brasileirosdetidosaustralia.jpg","width":619,"height":464},{"@type":"BreadcrumbList","@id":"https:\/\/www.notibras.com\/site\/australia-prende-16-brasileiros-de-quadrilha-de-trafico-de-drogas\/#breadcrumb","itemListElement":[{"@type":"ListItem","position":1,"name":"In\u00edcio","item":"https:\/\/www.notibras.com\/site\/"},{"@type":"ListItem","position":2,"name":"Austr\u00e1lia prende 16 traficantes brasileiros"}]},{"@type":"WebSite","@id":"https:\/\/www.notibras.com\/site\/#website","url":"https:\/\/www.notibras.com\/site\/","name":"Notibras","description":"Not\u00edcias de Bras\u00edlia, do Brasil e do Mundo","publisher":{"@id":"https:\/\/www.notibras.com\/site\/#organization"},"potentialAction":[{"@type":"SearchAction","target":{"@type":"EntryPoint","urlTemplate":"https:\/\/www.notibras.com\/site\/?s={search_term_string}"},"query-input":{"@type":"PropertyValueSpecification","valueRequired":true,"valueName":"search_term_string"}}],"inLanguage":"pt-BR"},{"@type":"Organization","@id":"https:\/\/www.notibras.com\/site\/#organization","name":"Grupo Notibras de Comunica\u00e7\u00e3o","url":"https:\/\/www.notibras.com\/site\/","logo":{"@type":"ImageObject","inLanguage":"pt-BR","@id":"https:\/\/www.notibras.com\/site\/#\/schema\/logo\/image\/","url":"https:\/\/www.notibras.com\/site\/wp-content\/uploads\/2023\/01\/notibras23.png","contentUrl":"https:\/\/www.notibras.com\/site\/wp-content\/uploads\/2023\/01\/notibras23.png","width":350,"height":87,"caption":"Grupo Notibras de Comunica\u00e7\u00e3o"},"image":{"@id":"https:\/\/www.notibras.com\/site\/#\/schema\/logo\/image\/"},"sameAs":["https:\/\/www.facebook.com\/notibras\/","https:\/\/x.com\/Notibras","https:\/\/www.instagram.com\/notibras\/"]},{"@type":"Person","@id":"https:\/\/www.notibras.com\/site\/#\/schema\/person\/36ab0979449956132d3e5b517ea76ac8","name":"Reda\u00e7\u00e3o","image":{"@type":"ImageObject","inLanguage":"pt-BR","@id":"https:\/\/secure.gravatar.com\/avatar\/e0a867bdedb85fd243eadf09663511f96fc81e0720a4a42581f334ad4303aa6b?s=96&d=mm&r=g","url":"https:\/\/secure.gravatar.com\/avatar\/e0a867bdedb85fd243eadf09663511f96fc81e0720a4a42581f334ad4303aa6b?s=96&d=mm&r=g","contentUrl":"https:\/\/secure.gravatar.com\/avatar\/e0a867bdedb85fd243eadf09663511f96fc81e0720a4a42581f334ad4303aa6b?s=96&d=mm&r=g","caption":"Reda\u00e7\u00e3o"}}]}},"amp_enabled":true,"_links":{"self":[{"href":"https:\/\/www.notibras.com\/site\/wp-json\/wp\/v2\/posts\/2157","targetHints":{"allow":["GET"]}}],"collection":[{"href":"https:\/\/www.notibras.com\/site\/wp-json\/wp\/v2\/posts"}],"about":[{"href":"https:\/\/www.notibras.com\/site\/wp-json\/wp\/v2\/types\/post"}],"author":[{"embeddable":true,"href":"https:\/\/www.notibras.com\/site\/wp-json\/wp\/v2\/users\/2"}],"replies":[{"embeddable":true,"href":"https:\/\/www.notibras.com\/site\/wp-json\/wp\/v2\/comments?post=2157"}],"version-history":[{"count":0,"href":"https:\/\/www.notibras.com\/site\/wp-json\/wp\/v2\/posts\/2157\/revisions"}],"wp:featuredmedia":[{"embeddable":true,"href":"https:\/\/www.notibras.com\/site\/wp-json\/wp\/v2\/media\/2158"}],"wp:attachment":[{"href":"https:\/\/www.notibras.com\/site\/wp-json\/wp\/v2\/media?parent=2157"}],"wp:term":[{"taxonomy":"category","embeddable":true,"href":"https:\/\/www.notibras.com\/site\/wp-json\/wp\/v2\/categories?post=2157"},{"taxonomy":"post_tag","embeddable":true,"href":"https:\/\/www.notibras.com\/site\/wp-json\/wp\/v2\/tags?post=2157"}],"curies":[{"name":"wp","href":"https:\/\/api.w.org\/{rel}","templated":true}]}}