{"id":21572,"date":"2014-09-06T16:32:28","date_gmt":"2014-09-06T19:32:28","guid":{"rendered":"http:\/\/www.notibras.com\/site\/?p=21572"},"modified":"2014-09-06T18:36:19","modified_gmt":"2014-09-06T21:36:19","slug":"america-de-natal-segura-o-avai-em-crise-no-duelo-da-ressacada","status":"publish","type":"post","link":"https:\/\/www.notibras.com\/site\/america-de-natal-segura-o-avai-em-crise-no-duelo-da-ressacada\/","title":{"rendered":"Am\u00e9rica de Natal segura o Ava\u00ed em crise no duelo da Ressacada"},"content":{"rendered":"<p>O Ava\u00ed teve mais posse de bola, mas n\u00e3o foi eficiente e acabou ficando no empate sem gols com o Am\u00e9rica-RN neste s\u00e1bado, na Ressacada, pela 20\u00aa rodada da S\u00e9rie B do Campeonato Brasileiro.<\/p>\n<p>Os jogadores do time catarinense reclamaram dos sal\u00e1rios atrasados e optaram por n\u00e3o falar com a imprensa e n\u00e3o concentrar.<\/p>\n<blockquote><p>Mesmo assim, a equipe permanece no G-4. Por outro lado, os potiguares permanecem com 23 pontos e est\u00e3o cada vez mais pr\u00f3ximos da zona de rebaixamento.<br \/>\n<strong><br \/>\n<\/strong>O Ava\u00ed come\u00e7ou a partida com um ritmo mais forte e criou algumas oportunidades para abrir o placar. Com apenas dez minutos, aconteceu a chance mais clara.<\/p><\/blockquote>\n<p>Cleber recuou errado para Andrey e Anderson Lopes n\u00e3o conseguiu finalizar porque o goleiro do Am\u00e9rica-RN fez o corte. O atacante Paulo S\u00e9rgio pegou o rebote e o arqueiro defendeu.<\/p>\n<p>O Am\u00e9rica-RN sentia dificuldade para impor seu jogo e esteve perto do gol somente em um lance de bola parada, aos 21. Marcelinho fez a cobran\u00e7a, Max trombou com a defesa e o goleiro Vagner aliviou a defesa avaiana.<\/p>\n<p>Os donos da casa ainda criaram outra boa chance, aos 26, com Anderson Lopes. O atacante arriscou de longe e a bola bateu na trave de Andrey. No entanto, a etapa terminou mesmo com o empate sem gols.<\/p>\n<p>A segunda etapa seguia muito disputada, mas os dois times pareciam pouco inspirados. Os lances de gol diminu\u00edram e foram vistos muitos lances r\u00edspidos.<\/p>\n<p>O time catarinense tinha maior posse de bola e tentou chegar ao gol em pelo menos duas oportunidades. O Am\u00e9rica-RN chegou a responder com Max, aos 34, mas Vagner salvou os donos da casa. O jogo ficou aberto nos minutos finais, mas o empate sem gols permaneceu.<\/p>\n","protected":false},"excerpt":{"rendered":"<p>O Ava\u00ed teve mais posse de bola, mas n\u00e3o foi eficiente e acabou ficando no empate sem gols com o Am\u00e9rica-RN neste s\u00e1bado, na Ressacada, pela 20\u00aa rodada da S\u00e9rie B do Campeonato Brasileiro. Os jogadores do time catarinense reclamaram dos sal\u00e1rios atrasados e optaram por n\u00e3o falar com a imprensa e n\u00e3o concentrar. Mesmo [&hellip;]<\/p>\n","protected":false},"author":2,"featured_media":21573,"comment_status":"open","ping_status":"closed","sticky":false,"template":"","format":"standard","meta":{"_acf_changed":false,"footnotes":""},"categories":[19,29],"tags":[],"class_list":["post-21572","post","type-post","status-publish","format-standard","has-post-thumbnail","hentry","category-esportes","category-futebol"],"acf":[],"yoast_head":"<!-- This site is optimized with the Yoast SEO plugin v27.2 - https:\/\/yoast.com\/product\/yoast-seo-wordpress\/ -->\n<title>Am\u00e9rica de Natal segura o Ava\u00ed em crise no duelo da Ressacada - Notibras<\/title>\n<meta name=\"robots\" content=\"index, follow, max-snippet:-1, max-image-preview:large, max-video-preview:-1\" \/>\n<link rel=\"canonical\" href=\"https:\/\/www.notibras.com\/site\/america-de-natal-segura-o-avai-em-crise-no-duelo-da-ressacada\/\" \/>\n<meta property=\"og:locale\" content=\"pt_BR\" \/>\n<meta property=\"og:type\" content=\"article\" \/>\n<meta property=\"og:title\" content=\"Am\u00e9rica de Natal segura o Ava\u00ed em crise no duelo da Ressacada - Notibras\" \/>\n<meta property=\"og:description\" content=\"O Ava\u00ed teve mais posse de bola, mas n\u00e3o foi eficiente e acabou ficando no empate sem gols com o Am\u00e9rica-RN neste s\u00e1bado, na Ressacada, pela 20\u00aa rodada da S\u00e9rie B do Campeonato Brasileiro. Os jogadores do time catarinense reclamaram dos sal\u00e1rios atrasados e optaram por n\u00e3o falar com a imprensa e n\u00e3o concentrar. Mesmo [&hellip;]\" \/>\n<meta property=\"og:url\" content=\"https:\/\/www.notibras.com\/site\/america-de-natal-segura-o-avai-em-crise-no-duelo-da-ressacada\/\" \/>\n<meta property=\"og:site_name\" content=\"Notibras\" \/>\n<meta property=\"article:publisher\" content=\"https:\/\/www.facebook.com\/notibras\/\" \/>\n<meta property=\"article:published_time\" content=\"2014-09-06T19:32:28+00:00\" \/>\n<meta property=\"article:modified_time\" content=\"2014-09-06T21:36:19+00:00\" \/>\n<meta property=\"og:image\" content=\"https:\/\/www.notibras.com\/site\/wp-content\/uploads\/2014\/09\/Ava\u00ed-x-Am\u00e9rica-Arquivo.jpg\" \/>\n\t<meta property=\"og:image:width\" content=\"1024\" \/>\n\t<meta property=\"og:image:height\" content=\"682\" \/>\n\t<meta property=\"og:image:type\" content=\"image\/jpeg\" \/>\n<meta name=\"author\" content=\"Reda\u00e7\u00e3o\" \/>\n<meta name=\"twitter:card\" content=\"summary_large_image\" \/>\n<meta name=\"twitter:creator\" content=\"@Notibras\" \/>\n<meta name=\"twitter:site\" content=\"@Notibras\" \/>\n<meta name=\"twitter:label1\" content=\"Escrito por\" \/>\n\t<meta name=\"twitter:data1\" content=\"Reda\u00e7\u00e3o\" \/>\n\t<meta name=\"twitter:label2\" content=\"Est. tempo de leitura\" \/>\n\t<meta name=\"twitter:data2\" content=\"1 minuto\" \/>\n<script type=\"application\/ld+json\" class=\"yoast-schema-graph\">{\"@context\":\"https:\/\/schema.org\",\"@graph\":[{\"@type\":\"Article\",\"@id\":\"https:\/\/www.notibras.com\/site\/america-de-natal-segura-o-avai-em-crise-no-duelo-da-ressacada\/#article\",\"isPartOf\":{\"@id\":\"https:\/\/www.notibras.com\/site\/america-de-natal-segura-o-avai-em-crise-no-duelo-da-ressacada\/\"},\"author\":{\"name\":\"Reda\u00e7\u00e3o\",\"@id\":\"https:\/\/www.notibras.com\/site\/#\/schema\/person\/36ab0979449956132d3e5b517ea76ac8\"},\"headline\":\"Am\u00e9rica de Natal segura o Ava\u00ed em crise no duelo da Ressacada\",\"datePublished\":\"2014-09-06T19:32:28+00:00\",\"dateModified\":\"2014-09-06T21:36:19+00:00\",\"mainEntityOfPage\":{\"@id\":\"https:\/\/www.notibras.com\/site\/america-de-natal-segura-o-avai-em-crise-no-duelo-da-ressacada\/\"},\"wordCount\":311,\"commentCount\":0,\"publisher\":{\"@id\":\"https:\/\/www.notibras.com\/site\/#organization\"},\"image\":{\"@id\":\"https:\/\/www.notibras.com\/site\/america-de-natal-segura-o-avai-em-crise-no-duelo-da-ressacada\/#primaryimage\"},\"thumbnailUrl\":\"https:\/\/www.notibras.com\/site\/wp-content\/uploads\/2014\/09\/Ava\u00ed-x-Am\u00e9rica-Arquivo.jpg\",\"articleSection\":[\"Esportes\",\"Futebol\"],\"inLanguage\":\"pt-BR\",\"potentialAction\":[{\"@type\":\"CommentAction\",\"name\":\"Comment\",\"target\":[\"https:\/\/www.notibras.com\/site\/america-de-natal-segura-o-avai-em-crise-no-duelo-da-ressacada\/#respond\"]}]},{\"@type\":\"WebPage\",\"@id\":\"https:\/\/www.notibras.com\/site\/america-de-natal-segura-o-avai-em-crise-no-duelo-da-ressacada\/\",\"url\":\"https:\/\/www.notibras.com\/site\/america-de-natal-segura-o-avai-em-crise-no-duelo-da-ressacada\/\",\"name\":\"Am\u00e9rica de Natal segura o Ava\u00ed em crise no duelo da Ressacada - Notibras\",\"isPartOf\":{\"@id\":\"https:\/\/www.notibras.com\/site\/#website\"},\"primaryImageOfPage\":{\"@id\":\"https:\/\/www.notibras.com\/site\/america-de-natal-segura-o-avai-em-crise-no-duelo-da-ressacada\/#primaryimage\"},\"image\":{\"@id\":\"https:\/\/www.notibras.com\/site\/america-de-natal-segura-o-avai-em-crise-no-duelo-da-ressacada\/#primaryimage\"},\"thumbnailUrl\":\"https:\/\/www.notibras.com\/site\/wp-content\/uploads\/2014\/09\/Ava\u00ed-x-Am\u00e9rica-Arquivo.jpg\",\"datePublished\":\"2014-09-06T19:32:28+00:00\",\"dateModified\":\"2014-09-06T21:36:19+00:00\",\"breadcrumb\":{\"@id\":\"https:\/\/www.notibras.com\/site\/america-de-natal-segura-o-avai-em-crise-no-duelo-da-ressacada\/#breadcrumb\"},\"inLanguage\":\"pt-BR\",\"potentialAction\":[{\"@type\":\"ReadAction\",\"target\":[\"https:\/\/www.notibras.com\/site\/america-de-natal-segura-o-avai-em-crise-no-duelo-da-ressacada\/\"]}]},{\"@type\":\"ImageObject\",\"inLanguage\":\"pt-BR\",\"@id\":\"https:\/\/www.notibras.com\/site\/america-de-natal-segura-o-avai-em-crise-no-duelo-da-ressacada\/#primaryimage\",\"url\":\"https:\/\/www.notibras.com\/site\/wp-content\/uploads\/2014\/09\/Ava\u00ed-x-Am\u00e9rica-Arquivo.jpg\",\"contentUrl\":\"https:\/\/www.notibras.com\/site\/wp-content\/uploads\/2014\/09\/Ava\u00ed-x-Am\u00e9rica-Arquivo.jpg\",\"width\":1024,\"height\":682},{\"@type\":\"BreadcrumbList\",\"@id\":\"https:\/\/www.notibras.com\/site\/america-de-natal-segura-o-avai-em-crise-no-duelo-da-ressacada\/#breadcrumb\",\"itemListElement\":[{\"@type\":\"ListItem\",\"position\":1,\"name\":\"In\u00edcio\",\"item\":\"https:\/\/www.notibras.com\/site\/\"},{\"@type\":\"ListItem\",\"position\":2,\"name\":\"Am\u00e9rica de Natal segura o Ava\u00ed em crise no duelo da Ressacada\"}]},{\"@type\":\"WebSite\",\"@id\":\"https:\/\/www.notibras.com\/site\/#website\",\"url\":\"https:\/\/www.notibras.com\/site\/\",\"name\":\"Notibras\",\"description\":\"Not\u00edcias de Bras\u00edlia, do Brasil e do Mundo\",\"publisher\":{\"@id\":\"https:\/\/www.notibras.com\/site\/#organization\"},\"potentialAction\":[{\"@type\":\"SearchAction\",\"target\":{\"@type\":\"EntryPoint\",\"urlTemplate\":\"https:\/\/www.notibras.com\/site\/?s={search_term_string}\"},\"query-input\":{\"@type\":\"PropertyValueSpecification\",\"valueRequired\":true,\"valueName\":\"search_term_string\"}}],\"inLanguage\":\"pt-BR\"},{\"@type\":\"Organization\",\"@id\":\"https:\/\/www.notibras.com\/site\/#organization\",\"name\":\"Grupo Notibras de Comunica\u00e7\u00e3o\",\"url\":\"https:\/\/www.notibras.com\/site\/\",\"logo\":{\"@type\":\"ImageObject\",\"inLanguage\":\"pt-BR\",\"@id\":\"https:\/\/www.notibras.com\/site\/#\/schema\/logo\/image\/\",\"url\":\"https:\/\/www.notibras.com\/site\/wp-content\/uploads\/2023\/01\/notibras23.png\",\"contentUrl\":\"https:\/\/www.notibras.com\/site\/wp-content\/uploads\/2023\/01\/notibras23.png\",\"width\":350,\"height\":87,\"caption\":\"Grupo Notibras de Comunica\u00e7\u00e3o\"},\"image\":{\"@id\":\"https:\/\/www.notibras.com\/site\/#\/schema\/logo\/image\/\"},\"sameAs\":[\"https:\/\/www.facebook.com\/notibras\/\",\"https:\/\/x.com\/Notibras\",\"https:\/\/www.instagram.com\/notibras\/\"]},{\"@type\":\"Person\",\"@id\":\"https:\/\/www.notibras.com\/site\/#\/schema\/person\/36ab0979449956132d3e5b517ea76ac8\",\"name\":\"Reda\u00e7\u00e3o\",\"image\":{\"@type\":\"ImageObject\",\"inLanguage\":\"pt-BR\",\"@id\":\"https:\/\/secure.gravatar.com\/avatar\/e0a867bdedb85fd243eadf09663511f96fc81e0720a4a42581f334ad4303aa6b?s=96&d=mm&r=g\",\"url\":\"https:\/\/secure.gravatar.com\/avatar\/e0a867bdedb85fd243eadf09663511f96fc81e0720a4a42581f334ad4303aa6b?s=96&d=mm&r=g\",\"contentUrl\":\"https:\/\/secure.gravatar.com\/avatar\/e0a867bdedb85fd243eadf09663511f96fc81e0720a4a42581f334ad4303aa6b?s=96&d=mm&r=g\",\"caption\":\"Reda\u00e7\u00e3o\"}}]}<\/script>\n<!-- \/ Yoast SEO plugin. -->","yoast_head_json":{"title":"Am\u00e9rica de Natal segura o Ava\u00ed em crise no duelo da Ressacada - Notibras","robots":{"index":"index","follow":"follow","max-snippet":"max-snippet:-1","max-image-preview":"max-image-preview:large","max-video-preview":"max-video-preview:-1"},"canonical":"https:\/\/www.notibras.com\/site\/america-de-natal-segura-o-avai-em-crise-no-duelo-da-ressacada\/","og_locale":"pt_BR","og_type":"article","og_title":"Am\u00e9rica de Natal segura o Ava\u00ed em crise no duelo da Ressacada - Notibras","og_description":"O Ava\u00ed teve mais posse de bola, mas n\u00e3o foi eficiente e acabou ficando no empate sem gols com o Am\u00e9rica-RN neste s\u00e1bado, na Ressacada, pela 20\u00aa rodada da S\u00e9rie B do Campeonato Brasileiro. Os jogadores do time catarinense reclamaram dos sal\u00e1rios atrasados e optaram por n\u00e3o falar com a imprensa e n\u00e3o concentrar. Mesmo [&hellip;]","og_url":"https:\/\/www.notibras.com\/site\/america-de-natal-segura-o-avai-em-crise-no-duelo-da-ressacada\/","og_site_name":"Notibras","article_publisher":"https:\/\/www.facebook.com\/notibras\/","article_published_time":"2014-09-06T19:32:28+00:00","article_modified_time":"2014-09-06T21:36:19+00:00","og_image":[{"width":1024,"height":682,"url":"https:\/\/www.notibras.com\/site\/wp-content\/uploads\/2014\/09\/Ava\u00ed-x-Am\u00e9rica-Arquivo.jpg","type":"image\/jpeg"}],"author":"Reda\u00e7\u00e3o","twitter_card":"summary_large_image","twitter_creator":"@Notibras","twitter_site":"@Notibras","twitter_misc":{"Escrito por":"Reda\u00e7\u00e3o","Est. tempo de leitura":"1 minuto"},"schema":{"@context":"https:\/\/schema.org","@graph":[{"@type":"Article","@id":"https:\/\/www.notibras.com\/site\/america-de-natal-segura-o-avai-em-crise-no-duelo-da-ressacada\/#article","isPartOf":{"@id":"https:\/\/www.notibras.com\/site\/america-de-natal-segura-o-avai-em-crise-no-duelo-da-ressacada\/"},"author":{"name":"Reda\u00e7\u00e3o","@id":"https:\/\/www.notibras.com\/site\/#\/schema\/person\/36ab0979449956132d3e5b517ea76ac8"},"headline":"Am\u00e9rica de Natal segura o Ava\u00ed em crise no duelo da Ressacada","datePublished":"2014-09-06T19:32:28+00:00","dateModified":"2014-09-06T21:36:19+00:00","mainEntityOfPage":{"@id":"https:\/\/www.notibras.com\/site\/america-de-natal-segura-o-avai-em-crise-no-duelo-da-ressacada\/"},"wordCount":311,"commentCount":0,"publisher":{"@id":"https:\/\/www.notibras.com\/site\/#organization"},"image":{"@id":"https:\/\/www.notibras.com\/site\/america-de-natal-segura-o-avai-em-crise-no-duelo-da-ressacada\/#primaryimage"},"thumbnailUrl":"https:\/\/www.notibras.com\/site\/wp-content\/uploads\/2014\/09\/Ava\u00ed-x-Am\u00e9rica-Arquivo.jpg","articleSection":["Esportes","Futebol"],"inLanguage":"pt-BR","potentialAction":[{"@type":"CommentAction","name":"Comment","target":["https:\/\/www.notibras.com\/site\/america-de-natal-segura-o-avai-em-crise-no-duelo-da-ressacada\/#respond"]}]},{"@type":"WebPage","@id":"https:\/\/www.notibras.com\/site\/america-de-natal-segura-o-avai-em-crise-no-duelo-da-ressacada\/","url":"https:\/\/www.notibras.com\/site\/america-de-natal-segura-o-avai-em-crise-no-duelo-da-ressacada\/","name":"Am\u00e9rica de Natal segura o Ava\u00ed em crise no duelo da Ressacada - Notibras","isPartOf":{"@id":"https:\/\/www.notibras.com\/site\/#website"},"primaryImageOfPage":{"@id":"https:\/\/www.notibras.com\/site\/america-de-natal-segura-o-avai-em-crise-no-duelo-da-ressacada\/#primaryimage"},"image":{"@id":"https:\/\/www.notibras.com\/site\/america-de-natal-segura-o-avai-em-crise-no-duelo-da-ressacada\/#primaryimage"},"thumbnailUrl":"https:\/\/www.notibras.com\/site\/wp-content\/uploads\/2014\/09\/Ava\u00ed-x-Am\u00e9rica-Arquivo.jpg","datePublished":"2014-09-06T19:32:28+00:00","dateModified":"2014-09-06T21:36:19+00:00","breadcrumb":{"@id":"https:\/\/www.notibras.com\/site\/america-de-natal-segura-o-avai-em-crise-no-duelo-da-ressacada\/#breadcrumb"},"inLanguage":"pt-BR","potentialAction":[{"@type":"ReadAction","target":["https:\/\/www.notibras.com\/site\/america-de-natal-segura-o-avai-em-crise-no-duelo-da-ressacada\/"]}]},{"@type":"ImageObject","inLanguage":"pt-BR","@id":"https:\/\/www.notibras.com\/site\/america-de-natal-segura-o-avai-em-crise-no-duelo-da-ressacada\/#primaryimage","url":"https:\/\/www.notibras.com\/site\/wp-content\/uploads\/2014\/09\/Ava\u00ed-x-Am\u00e9rica-Arquivo.jpg","contentUrl":"https:\/\/www.notibras.com\/site\/wp-content\/uploads\/2014\/09\/Ava\u00ed-x-Am\u00e9rica-Arquivo.jpg","width":1024,"height":682},{"@type":"BreadcrumbList","@id":"https:\/\/www.notibras.com\/site\/america-de-natal-segura-o-avai-em-crise-no-duelo-da-ressacada\/#breadcrumb","itemListElement":[{"@type":"ListItem","position":1,"name":"In\u00edcio","item":"https:\/\/www.notibras.com\/site\/"},{"@type":"ListItem","position":2,"name":"Am\u00e9rica de Natal segura o Ava\u00ed em crise no duelo da Ressacada"}]},{"@type":"WebSite","@id":"https:\/\/www.notibras.com\/site\/#website","url":"https:\/\/www.notibras.com\/site\/","name":"Notibras","description":"Not\u00edcias de Bras\u00edlia, do Brasil e do Mundo","publisher":{"@id":"https:\/\/www.notibras.com\/site\/#organization"},"potentialAction":[{"@type":"SearchAction","target":{"@type":"EntryPoint","urlTemplate":"https:\/\/www.notibras.com\/site\/?s={search_term_string}"},"query-input":{"@type":"PropertyValueSpecification","valueRequired":true,"valueName":"search_term_string"}}],"inLanguage":"pt-BR"},{"@type":"Organization","@id":"https:\/\/www.notibras.com\/site\/#organization","name":"Grupo Notibras de Comunica\u00e7\u00e3o","url":"https:\/\/www.notibras.com\/site\/","logo":{"@type":"ImageObject","inLanguage":"pt-BR","@id":"https:\/\/www.notibras.com\/site\/#\/schema\/logo\/image\/","url":"https:\/\/www.notibras.com\/site\/wp-content\/uploads\/2023\/01\/notibras23.png","contentUrl":"https:\/\/www.notibras.com\/site\/wp-content\/uploads\/2023\/01\/notibras23.png","width":350,"height":87,"caption":"Grupo Notibras de Comunica\u00e7\u00e3o"},"image":{"@id":"https:\/\/www.notibras.com\/site\/#\/schema\/logo\/image\/"},"sameAs":["https:\/\/www.facebook.com\/notibras\/","https:\/\/x.com\/Notibras","https:\/\/www.instagram.com\/notibras\/"]},{"@type":"Person","@id":"https:\/\/www.notibras.com\/site\/#\/schema\/person\/36ab0979449956132d3e5b517ea76ac8","name":"Reda\u00e7\u00e3o","image":{"@type":"ImageObject","inLanguage":"pt-BR","@id":"https:\/\/secure.gravatar.com\/avatar\/e0a867bdedb85fd243eadf09663511f96fc81e0720a4a42581f334ad4303aa6b?s=96&d=mm&r=g","url":"https:\/\/secure.gravatar.com\/avatar\/e0a867bdedb85fd243eadf09663511f96fc81e0720a4a42581f334ad4303aa6b?s=96&d=mm&r=g","contentUrl":"https:\/\/secure.gravatar.com\/avatar\/e0a867bdedb85fd243eadf09663511f96fc81e0720a4a42581f334ad4303aa6b?s=96&d=mm&r=g","caption":"Reda\u00e7\u00e3o"}}]}},"amp_enabled":true,"_links":{"self":[{"href":"https:\/\/www.notibras.com\/site\/wp-json\/wp\/v2\/posts\/21572","targetHints":{"allow":["GET"]}}],"collection":[{"href":"https:\/\/www.notibras.com\/site\/wp-json\/wp\/v2\/posts"}],"about":[{"href":"https:\/\/www.notibras.com\/site\/wp-json\/wp\/v2\/types\/post"}],"author":[{"embeddable":true,"href":"https:\/\/www.notibras.com\/site\/wp-json\/wp\/v2\/users\/2"}],"replies":[{"embeddable":true,"href":"https:\/\/www.notibras.com\/site\/wp-json\/wp\/v2\/comments?post=21572"}],"version-history":[{"count":0,"href":"https:\/\/www.notibras.com\/site\/wp-json\/wp\/v2\/posts\/21572\/revisions"}],"wp:featuredmedia":[{"embeddable":true,"href":"https:\/\/www.notibras.com\/site\/wp-json\/wp\/v2\/media\/21573"}],"wp:attachment":[{"href":"https:\/\/www.notibras.com\/site\/wp-json\/wp\/v2\/media?parent=21572"}],"wp:term":[{"taxonomy":"category","embeddable":true,"href":"https:\/\/www.notibras.com\/site\/wp-json\/wp\/v2\/categories?post=21572"},{"taxonomy":"post_tag","embeddable":true,"href":"https:\/\/www.notibras.com\/site\/wp-json\/wp\/v2\/tags?post=21572"}],"curies":[{"name":"wp","href":"https:\/\/api.w.org\/{rel}","templated":true}]}}