{"id":21581,"date":"2014-09-06T18:53:39","date_gmt":"2014-09-06T21:53:39","guid":{"rendered":"http:\/\/www.notibras.com\/site\/?p=21581"},"modified":"2014-09-06T18:53:39","modified_gmt":"2014-09-06T21:53:39","slug":"para-aecio-corrupcao-na-petrobras-e-o-esquema-petista-do-mensalao-2","status":"publish","type":"post","link":"https:\/\/www.notibras.com\/site\/para-aecio-corrupcao-na-petrobras-e-o-esquema-petista-do-mensalao-2\/","title":{"rendered":"Para A\u00e9cio, corrup\u00e7\u00e3o na Petrobras \u00e9 o esquema petista do Mensal\u00e3o 2"},"content":{"rendered":"<p>O candidato do PSDB \u00e0s elei\u00e7\u00f5es presidenciais, A\u00e9cio Neves, equiparou neste s\u00e1bado o caso de corrup\u00e7\u00e3o na Petrobras ao esc\u00e2ndalo do mensal\u00e3o em 2006, durante o governo Lula.<\/p>\n<p>&#8220;O Brasil acordou hoje (s\u00e1bado) perplexo com as mais graves den\u00fancias de corrup\u00e7\u00e3o da nossa hist\u00f3ria recente&#8221;, disse A\u00e9cio em um v\u00eddeo postado no YouTube.<\/p>\n<p>A\u00e9cio se referiu assim a uma reportagem publicada hoje pela revista &#8220;Veja&#8221; que revelou o depoimento \u00e0 Pol\u00edcia Federal do ex-diretor da Petrobras, Paulo Roberto Costa, que envolveu dezenas de pol\u00edticos em uma rede de propina financiada com dinheiro de construtoras associadas \u00e0 companhia petrol\u00edfera.<\/p>\n<p>Paulo Roberto Costa, ex-diretor de Refino e Abastecimento da companhia estatal, est\u00e1 em pris\u00e3o preventiva e citou um ministro, dezenas de senadores, funcion\u00e1rios do alto escal\u00e3o do PT e de outros tr\u00eas partidos, al\u00e9m do falecido candidato presidencial Eduardo Campos.<\/p>\n<p>A\u00e9cio afirmou que esse esc\u00e2ndalo seria uma segunda vers\u00e3o do mensal\u00e3o.<\/p>\n<blockquote><p>&#8220;\u00c9 o governo do PT patrocinando o assalto \u00e0s nossas empresas p\u00fablicas para a manuten\u00e7\u00e3o do seu projeto de poder&#8221;, disse o candidato tucano no v\u00eddeo postado na internet sobre o novo esc\u00e2ndalo.<\/p><\/blockquote>\n<p>A\u00e9cio, que atualmente ocupa o terceiro lugar nas pesquisas de inten\u00e7\u00e3o de voto, cobrou a apura\u00e7\u00e3o do caso e a responsabiliza\u00e7\u00e3o dos envolvidos.<\/p>\n<p>&#8220;Estamos disputando essas elei\u00e7\u00f5es contra um grupo que utiliza o dinheiro sujo da corrup\u00e7\u00e3o para manter-se no poder. Por isso, eu acredito que chegou a hora de darmos um basta a isso e tirarmos, de forma definitiva, o PT do poder&#8221;, acrescentou.<\/p>\n<p>No entanto, o tucano n\u00e3o se referiu em sua mensagem a Marina Silva, candidata que lidera as pesquisas e assumiu a chapa do PSB depois da morte de Campos, citado como um dos pol\u00edticos que recebiam propina.<\/p>\n<p>Segundo as den\u00fancias de Costa, as empreiteiras contratadas pela Petrobras alimentavam um fundo milion\u00e1rio que servia para pagar propina a dezenas de pol\u00edticos.<\/p>\n<p>A revista disse que os pol\u00edticos beneficiados por esses fundos s\u00e3o o ministro de Minas e Energia, Edison Lob\u00e3o; os presidentes do Senado, Renan Calheiros, e da C\u00e2mara dos Deputados, Henrique Eduardo Alves, al\u00e9m de outros cinco legisladores.<\/p>\n<p>Segundo a &#8220;Veja&#8221;, o secret\u00e1rio de Finan\u00e7as do PT, Jo\u00e3o Vaccari Neto, era o respons\u00e1vel por distribuir a propina da rede de corrup\u00e7\u00e3o para os partidos pol\u00edticos da base aliada do governo.<\/p>\n<p>O jornal &#8220;Folha de S. Paulo&#8221; informou ontem que Costa delatou pelo menos 49 deputados e 12 senadores, sem citar os nomes dos envolvidos.<\/p>\n","protected":false},"excerpt":{"rendered":"<p>O candidato do PSDB \u00e0s elei\u00e7\u00f5es presidenciais, A\u00e9cio Neves, equiparou neste s\u00e1bado o caso de corrup\u00e7\u00e3o na Petrobras ao esc\u00e2ndalo do mensal\u00e3o em 2006, durante o governo Lula. &#8220;O Brasil acordou hoje (s\u00e1bado) perplexo com as mais graves den\u00fancias de corrup\u00e7\u00e3o da nossa hist\u00f3ria recente&#8221;, disse A\u00e9cio em um v\u00eddeo postado no YouTube. A\u00e9cio se [&hellip;]<\/p>\n","protected":false},"author":2,"featured_media":21582,"comment_status":"open","ping_status":"closed","sticky":false,"template":"","format":"standard","meta":{"_acf_changed":false,"footnotes":""},"categories":[33],"tags":[],"class_list":["post-21581","post","type-post","status-publish","format-standard","has-post-thumbnail","hentry","category-eleicoes-2014"],"acf":[],"_links":{"self":[{"href":"https:\/\/www.notibras.com\/site\/wp-json\/wp\/v2\/posts\/21581","targetHints":{"allow":["GET"]}}],"collection":[{"href":"https:\/\/www.notibras.com\/site\/wp-json\/wp\/v2\/posts"}],"about":[{"href":"https:\/\/www.notibras.com\/site\/wp-json\/wp\/v2\/types\/post"}],"author":[{"embeddable":true,"href":"https:\/\/www.notibras.com\/site\/wp-json\/wp\/v2\/users\/2"}],"replies":[{"embeddable":true,"href":"https:\/\/www.notibras.com\/site\/wp-json\/wp\/v2\/comments?post=21581"}],"version-history":[{"count":0,"href":"https:\/\/www.notibras.com\/site\/wp-json\/wp\/v2\/posts\/21581\/revisions"}],"wp:featuredmedia":[{"embeddable":true,"href":"https:\/\/www.notibras.com\/site\/wp-json\/wp\/v2\/media\/21582"}],"wp:attachment":[{"href":"https:\/\/www.notibras.com\/site\/wp-json\/wp\/v2\/media?parent=21581"}],"wp:term":[{"taxonomy":"category","embeddable":true,"href":"https:\/\/www.notibras.com\/site\/wp-json\/wp\/v2\/categories?post=21581"},{"taxonomy":"post_tag","embeddable":true,"href":"https:\/\/www.notibras.com\/site\/wp-json\/wp\/v2\/tags?post=21581"}],"curies":[{"name":"wp","href":"https:\/\/api.w.org\/{rel}","templated":true}]}}