{"id":21587,"date":"2014-09-06T19:29:56","date_gmt":"2014-09-06T22:29:56","guid":{"rendered":"http:\/\/www.notibras.com\/site\/?p=21587"},"modified":"2014-09-06T19:29:56","modified_gmt":"2014-09-06T22:29:56","slug":"caminhoes-de-trastes-vao-transportar-o-lixo-politico","status":"publish","type":"post","link":"https:\/\/www.notibras.com\/site\/caminhoes-de-trastes-vao-transportar-o-lixo-politico\/","title":{"rendered":"Caminh\u00f5es de trastes v\u00e3o transportar o lixo pol\u00edtico"},"content":{"rendered":"<p>Na esteira do Mensal\u00e3o 2, o mais prov\u00e1vel \u00e9 a fuga de Bras\u00edlia na calada da noite. Os velhos caminh\u00f5es paus de arara que trouxeram pioneiros do bem para Bras\u00edlia, deixar\u00e3o de carregar terra e poda de \u00e1rvores para a Novacap e encher\u00e3o as ca\u00e7ambas com a turma do bem, que, como se v\u00ea, \u00e9 do mal.<\/p>\n","protected":false},"excerpt":{"rendered":"<p>Na esteira do Mensal\u00e3o 2, o mais prov\u00e1vel \u00e9 a fuga de Bras\u00edlia na calada da noite. Os velhos caminh\u00f5es paus de arara que trouxeram pioneiros do bem para Bras\u00edlia, deixar\u00e3o de carregar terra e poda de \u00e1rvores para a Novacap e encher\u00e3o as ca\u00e7ambas com a turma do bem, que, como se v\u00ea, \u00e9 [&hellip;]<\/p>\n","protected":false},"author":2,"featured_media":21588,"comment_status":"open","ping_status":"closed","sticky":false,"template":"","format":"standard","meta":{"_acf_changed":false,"footnotes":""},"categories":[26],"tags":[],"class_list":["post-21587","post","type-post","status-publish","format-standard","has-post-thumbnail","hentry","category-eleicoes-2022"],"acf":[],"_links":{"self":[{"href":"https:\/\/www.notibras.com\/site\/wp-json\/wp\/v2\/posts\/21587","targetHints":{"allow":["GET"]}}],"collection":[{"href":"https:\/\/www.notibras.com\/site\/wp-json\/wp\/v2\/posts"}],"about":[{"href":"https:\/\/www.notibras.com\/site\/wp-json\/wp\/v2\/types\/post"}],"author":[{"embeddable":true,"href":"https:\/\/www.notibras.com\/site\/wp-json\/wp\/v2\/users\/2"}],"replies":[{"embeddable":true,"href":"https:\/\/www.notibras.com\/site\/wp-json\/wp\/v2\/comments?post=21587"}],"version-history":[{"count":0,"href":"https:\/\/www.notibras.com\/site\/wp-json\/wp\/v2\/posts\/21587\/revisions"}],"wp:featuredmedia":[{"embeddable":true,"href":"https:\/\/www.notibras.com\/site\/wp-json\/wp\/v2\/media\/21588"}],"wp:attachment":[{"href":"https:\/\/www.notibras.com\/site\/wp-json\/wp\/v2\/media?parent=21587"}],"wp:term":[{"taxonomy":"category","embeddable":true,"href":"https:\/\/www.notibras.com\/site\/wp-json\/wp\/v2\/categories?post=21587"},{"taxonomy":"post_tag","embeddable":true,"href":"https:\/\/www.notibras.com\/site\/wp-json\/wp\/v2\/tags?post=21587"}],"curies":[{"name":"wp","href":"https:\/\/api.w.org\/{rel}","templated":true}]}}