{"id":21596,"date":"2014-09-06T19:55:20","date_gmt":"2014-09-06T22:55:20","guid":{"rendered":"http:\/\/www.notibras.com\/site\/?p=21596"},"modified":"2014-09-06T19:55:20","modified_gmt":"2014-09-06T22:55:20","slug":"lingua-de-paulo-roberto-faz-tremer-planalto-e-buriti","status":"publish","type":"post","link":"https:\/\/www.notibras.com\/site\/lingua-de-paulo-roberto-faz-tremer-planalto-e-buriti\/","title":{"rendered":"L\u00edngua de Paulo Roberto faz tremer Planalto e Buriti"},"content":{"rendered":"<p>A dela\u00e7\u00e3o premiada de Paulo Roberto, ex-diretor de l\u00edngua solta da Petrobras, vai arrastar muita gente na enxurrada da lama que est\u00e1 por vir. Servi\u00e7os terceirizados est\u00e3o na lista das propinas. E o Pal\u00e1cio do Buriti, tanto quanto o Pal\u00e1cio do Planalto, ter\u00e3o seus alicerces trincados.<\/p>\n","protected":false},"excerpt":{"rendered":"<p>A dela\u00e7\u00e3o premiada de Paulo Roberto, ex-diretor de l\u00edngua solta da Petrobras, vai arrastar muita gente na enxurrada da lama que est\u00e1 por vir. Servi\u00e7os terceirizados est\u00e3o na lista das propinas. E o Pal\u00e1cio do Buriti, tanto quanto o Pal\u00e1cio do Planalto, ter\u00e3o seus alicerces trincados.<\/p>\n","protected":false},"author":2,"featured_media":21597,"comment_status":"open","ping_status":"closed","sticky":false,"template":"","format":"standard","meta":{"_acf_changed":false,"footnotes":""},"categories":[26],"tags":[],"class_list":["post-21596","post","type-post","status-publish","format-standard","has-post-thumbnail","hentry","category-eleicoes-2022"],"acf":[],"_links":{"self":[{"href":"https:\/\/www.notibras.com\/site\/wp-json\/wp\/v2\/posts\/21596","targetHints":{"allow":["GET"]}}],"collection":[{"href":"https:\/\/www.notibras.com\/site\/wp-json\/wp\/v2\/posts"}],"about":[{"href":"https:\/\/www.notibras.com\/site\/wp-json\/wp\/v2\/types\/post"}],"author":[{"embeddable":true,"href":"https:\/\/www.notibras.com\/site\/wp-json\/wp\/v2\/users\/2"}],"replies":[{"embeddable":true,"href":"https:\/\/www.notibras.com\/site\/wp-json\/wp\/v2\/comments?post=21596"}],"version-history":[{"count":0,"href":"https:\/\/www.notibras.com\/site\/wp-json\/wp\/v2\/posts\/21596\/revisions"}],"wp:featuredmedia":[{"embeddable":true,"href":"https:\/\/www.notibras.com\/site\/wp-json\/wp\/v2\/media\/21597"}],"wp:attachment":[{"href":"https:\/\/www.notibras.com\/site\/wp-json\/wp\/v2\/media?parent=21596"}],"wp:term":[{"taxonomy":"category","embeddable":true,"href":"https:\/\/www.notibras.com\/site\/wp-json\/wp\/v2\/categories?post=21596"},{"taxonomy":"post_tag","embeddable":true,"href":"https:\/\/www.notibras.com\/site\/wp-json\/wp\/v2\/tags?post=21596"}],"curies":[{"name":"wp","href":"https:\/\/api.w.org\/{rel}","templated":true}]}}