{"id":21609,"date":"2014-09-06T21:17:02","date_gmt":"2014-09-07T00:17:02","guid":{"rendered":"http:\/\/www.notibras.com\/site\/?p=21609"},"modified":"2014-09-07T10:42:44","modified_gmt":"2014-09-07T13:42:44","slug":"santos-usa-cabeca-por-cinco-minutos-e-afunda-vitoria-na-lanterna","status":"publish","type":"post","link":"https:\/\/www.notibras.com\/site\/santos-usa-cabeca-por-cinco-minutos-e-afunda-vitoria-na-lanterna\/","title":{"rendered":"Santos usa a cabe\u00e7a e afunda o Vit\u00f3ria na lanterna"},"content":{"rendered":"<p>O Santos precisou de apenas cinco minutos para resolver um jogo que estava dif\u00edcil contra o lanterna do Brasileiro, o Vit\u00f3ria, neste s\u00e1bado, no Pacaembu. O triunfo por 3 a 1 n\u00e3o come\u00e7ou dos p\u00e9s de nenhum dos tr\u00eas atacantes, mas da cabe\u00e7a de David Braz, o zagueiro que estava bem colocado na \u00e1rea no segundo tempo e fez os dois gols que abriram o placar em S\u00e3o Paulo. Leandro Dami\u00e3o tamb\u00e9m deixou o seu, livre na \u00e1rea, depois de perder uma chance incr\u00edvel, de frente para o gol. Foi um gol importante porque o Vit\u00f3ria acabara de fazer o seu, com Dinei, e amea\u00e7ava empatar.<\/p>\n<p>O triunfo, no primeiro jogo de Enderson Moreira no comando da equipe, deixa o Santos com 29 pontos, um pouco mais perto do grupo dos quatro melhores do Brasileiro. O clube voltar\u00e1 a campo na quarta-feira, contra o Sport, em Pernambuco.<\/p>\n<blockquote><p>O principal problema santista, que ficou claro logo de cara, foi a dificuldade de reter a posse de bola. Houve muitos erros de passe e afoba\u00e7\u00e3o na conclus\u00e3o das jogadas, o que ficou provado no intervalo, quando chegou a informa\u00e7\u00e3o de que o Vit\u00f3ria dominou o jogo com mais de 60% do tempo com a bola nos p\u00e9s. Os pr\u00f3prios santistas sa\u00edram de campo reclamando que a equipe deveria tentar ficar mais com a posse para pensar melhor suas jogadas. No primeiro tempo, as principais chances foram do time visitante, mas o goleiro Aranha estava seguro e evitou o gol.<\/p><\/blockquote>\n<p>O Santos come\u00e7ou o segundo tempo de um jeito completamente diferente, abusando da velocidade de Gabriel. No primeiro lance, um escanteio encontrou a cabe\u00e7a de David Braz na \u00e1rea e ele n\u00e3o teve dificuldade para abrir o placar. Poucos minutos depois, o time conseguiu fazer uma esp\u00e9cie de linha de passe a\u00e9rea e achou a cabe\u00e7a de David Braz novamente: 2 a 0. A desvantagem fez o t\u00e9cnico Ney Franco chamar o Vit\u00f3ria para cima e tentar assustar mais Aranha. O gol de Dinei deu alguma esperan\u00e7a \u00e0 torcida visitante, mas o Santos continuou melhor, fez o terceiro com Dami\u00e3o e passou o resto do tempo apenas controlando o jogo.<\/p>\n","protected":false},"excerpt":{"rendered":"<p>O Santos precisou de apenas cinco minutos para resolver um jogo que estava dif\u00edcil contra o lanterna do Brasileiro, o Vit\u00f3ria, neste s\u00e1bado, no Pacaembu. O triunfo por 3 a 1 n\u00e3o come\u00e7ou dos p\u00e9s de nenhum dos tr\u00eas atacantes, mas da cabe\u00e7a de David Braz, o zagueiro que estava bem colocado na \u00e1rea no [&hellip;]<\/p>\n","protected":false},"author":2,"featured_media":21610,"comment_status":"open","ping_status":"closed","sticky":false,"template":"","format":"standard","meta":{"_acf_changed":false,"footnotes":""},"categories":[19,29],"tags":[],"class_list":["post-21609","post","type-post","status-publish","format-standard","has-post-thumbnail","hentry","category-esportes","category-futebol"],"acf":[],"yoast_head":"<!-- This site is optimized with the Yoast SEO plugin v27.2 - https:\/\/yoast.com\/product\/yoast-seo-wordpress\/ -->\n<title>Santos usa a cabe\u00e7a e afunda o Vit\u00f3ria na lanterna - Notibras<\/title>\n<meta name=\"robots\" content=\"index, follow, max-snippet:-1, max-image-preview:large, max-video-preview:-1\" \/>\n<link rel=\"canonical\" href=\"https:\/\/www.notibras.com\/site\/santos-usa-cabeca-por-cinco-minutos-e-afunda-vitoria-na-lanterna\/\" \/>\n<meta property=\"og:locale\" content=\"pt_BR\" \/>\n<meta property=\"og:type\" content=\"article\" \/>\n<meta property=\"og:title\" content=\"Santos usa a cabe\u00e7a e afunda o Vit\u00f3ria na lanterna - Notibras\" \/>\n<meta property=\"og:description\" content=\"O Santos precisou de apenas cinco minutos para resolver um jogo que estava dif\u00edcil contra o lanterna do Brasileiro, o Vit\u00f3ria, neste s\u00e1bado, no Pacaembu. O triunfo por 3 a 1 n\u00e3o come\u00e7ou dos p\u00e9s de nenhum dos tr\u00eas atacantes, mas da cabe\u00e7a de David Braz, o zagueiro que estava bem colocado na \u00e1rea no [&hellip;]\" \/>\n<meta property=\"og:url\" content=\"https:\/\/www.notibras.com\/site\/santos-usa-cabeca-por-cinco-minutos-e-afunda-vitoria-na-lanterna\/\" \/>\n<meta property=\"og:site_name\" content=\"Notibras\" \/>\n<meta property=\"article:publisher\" content=\"https:\/\/www.facebook.com\/notibras\/\" \/>\n<meta property=\"article:published_time\" content=\"2014-09-07T00:17:02+00:00\" \/>\n<meta property=\"article:modified_time\" content=\"2014-09-07T13:42:44+00:00\" \/>\n<meta property=\"og:image\" content=\"https:\/\/www.notibras.com\/site\/wp-content\/uploads\/2014\/09\/espsa.jpg\" \/>\n\t<meta property=\"og:image:width\" content=\"460\" \/>\n\t<meta property=\"og:image:height\" content=\"340\" \/>\n\t<meta property=\"og:image:type\" content=\"image\/jpeg\" \/>\n<meta name=\"author\" content=\"Reda\u00e7\u00e3o\" \/>\n<meta name=\"twitter:card\" content=\"summary_large_image\" \/>\n<meta name=\"twitter:creator\" content=\"@Notibras\" \/>\n<meta name=\"twitter:site\" content=\"@Notibras\" \/>\n<meta name=\"twitter:label1\" content=\"Escrito por\" \/>\n\t<meta name=\"twitter:data1\" content=\"Reda\u00e7\u00e3o\" \/>\n\t<meta name=\"twitter:label2\" content=\"Est. tempo de leitura\" \/>\n\t<meta name=\"twitter:data2\" content=\"2 minutos\" \/>\n<script type=\"application\/ld+json\" class=\"yoast-schema-graph\">{\"@context\":\"https:\/\/schema.org\",\"@graph\":[{\"@type\":\"Article\",\"@id\":\"https:\/\/www.notibras.com\/site\/santos-usa-cabeca-por-cinco-minutos-e-afunda-vitoria-na-lanterna\/#article\",\"isPartOf\":{\"@id\":\"https:\/\/www.notibras.com\/site\/santos-usa-cabeca-por-cinco-minutos-e-afunda-vitoria-na-lanterna\/\"},\"author\":{\"name\":\"Reda\u00e7\u00e3o\",\"@id\":\"https:\/\/www.notibras.com\/site\/#\/schema\/person\/36ab0979449956132d3e5b517ea76ac8\"},\"headline\":\"Santos usa a cabe\u00e7a e afunda o Vit\u00f3ria na lanterna\",\"datePublished\":\"2014-09-07T00:17:02+00:00\",\"dateModified\":\"2014-09-07T13:42:44+00:00\",\"mainEntityOfPage\":{\"@id\":\"https:\/\/www.notibras.com\/site\/santos-usa-cabeca-por-cinco-minutos-e-afunda-vitoria-na-lanterna\/\"},\"wordCount\":393,\"commentCount\":0,\"publisher\":{\"@id\":\"https:\/\/www.notibras.com\/site\/#organization\"},\"image\":{\"@id\":\"https:\/\/www.notibras.com\/site\/santos-usa-cabeca-por-cinco-minutos-e-afunda-vitoria-na-lanterna\/#primaryimage\"},\"thumbnailUrl\":\"https:\/\/www.notibras.com\/site\/wp-content\/uploads\/2014\/09\/espsa.jpg\",\"articleSection\":[\"Esportes\",\"Futebol\"],\"inLanguage\":\"pt-BR\",\"potentialAction\":[{\"@type\":\"CommentAction\",\"name\":\"Comment\",\"target\":[\"https:\/\/www.notibras.com\/site\/santos-usa-cabeca-por-cinco-minutos-e-afunda-vitoria-na-lanterna\/#respond\"]}]},{\"@type\":\"WebPage\",\"@id\":\"https:\/\/www.notibras.com\/site\/santos-usa-cabeca-por-cinco-minutos-e-afunda-vitoria-na-lanterna\/\",\"url\":\"https:\/\/www.notibras.com\/site\/santos-usa-cabeca-por-cinco-minutos-e-afunda-vitoria-na-lanterna\/\",\"name\":\"Santos usa a cabe\u00e7a e afunda o Vit\u00f3ria na lanterna - Notibras\",\"isPartOf\":{\"@id\":\"https:\/\/www.notibras.com\/site\/#website\"},\"primaryImageOfPage\":{\"@id\":\"https:\/\/www.notibras.com\/site\/santos-usa-cabeca-por-cinco-minutos-e-afunda-vitoria-na-lanterna\/#primaryimage\"},\"image\":{\"@id\":\"https:\/\/www.notibras.com\/site\/santos-usa-cabeca-por-cinco-minutos-e-afunda-vitoria-na-lanterna\/#primaryimage\"},\"thumbnailUrl\":\"https:\/\/www.notibras.com\/site\/wp-content\/uploads\/2014\/09\/espsa.jpg\",\"datePublished\":\"2014-09-07T00:17:02+00:00\",\"dateModified\":\"2014-09-07T13:42:44+00:00\",\"breadcrumb\":{\"@id\":\"https:\/\/www.notibras.com\/site\/santos-usa-cabeca-por-cinco-minutos-e-afunda-vitoria-na-lanterna\/#breadcrumb\"},\"inLanguage\":\"pt-BR\",\"potentialAction\":[{\"@type\":\"ReadAction\",\"target\":[\"https:\/\/www.notibras.com\/site\/santos-usa-cabeca-por-cinco-minutos-e-afunda-vitoria-na-lanterna\/\"]}]},{\"@type\":\"ImageObject\",\"inLanguage\":\"pt-BR\",\"@id\":\"https:\/\/www.notibras.com\/site\/santos-usa-cabeca-por-cinco-minutos-e-afunda-vitoria-na-lanterna\/#primaryimage\",\"url\":\"https:\/\/www.notibras.com\/site\/wp-content\/uploads\/2014\/09\/espsa.jpg\",\"contentUrl\":\"https:\/\/www.notibras.com\/site\/wp-content\/uploads\/2014\/09\/espsa.jpg\",\"width\":460,\"height\":340},{\"@type\":\"BreadcrumbList\",\"@id\":\"https:\/\/www.notibras.com\/site\/santos-usa-cabeca-por-cinco-minutos-e-afunda-vitoria-na-lanterna\/#breadcrumb\",\"itemListElement\":[{\"@type\":\"ListItem\",\"position\":1,\"name\":\"In\u00edcio\",\"item\":\"https:\/\/www.notibras.com\/site\/\"},{\"@type\":\"ListItem\",\"position\":2,\"name\":\"Santos usa a cabe\u00e7a e afunda o Vit\u00f3ria na lanterna\"}]},{\"@type\":\"WebSite\",\"@id\":\"https:\/\/www.notibras.com\/site\/#website\",\"url\":\"https:\/\/www.notibras.com\/site\/\",\"name\":\"Notibras\",\"description\":\"Not\u00edcias de Bras\u00edlia, do Brasil e do Mundo\",\"publisher\":{\"@id\":\"https:\/\/www.notibras.com\/site\/#organization\"},\"potentialAction\":[{\"@type\":\"SearchAction\",\"target\":{\"@type\":\"EntryPoint\",\"urlTemplate\":\"https:\/\/www.notibras.com\/site\/?s={search_term_string}\"},\"query-input\":{\"@type\":\"PropertyValueSpecification\",\"valueRequired\":true,\"valueName\":\"search_term_string\"}}],\"inLanguage\":\"pt-BR\"},{\"@type\":\"Organization\",\"@id\":\"https:\/\/www.notibras.com\/site\/#organization\",\"name\":\"Grupo Notibras de Comunica\u00e7\u00e3o\",\"url\":\"https:\/\/www.notibras.com\/site\/\",\"logo\":{\"@type\":\"ImageObject\",\"inLanguage\":\"pt-BR\",\"@id\":\"https:\/\/www.notibras.com\/site\/#\/schema\/logo\/image\/\",\"url\":\"https:\/\/www.notibras.com\/site\/wp-content\/uploads\/2023\/01\/notibras23.png\",\"contentUrl\":\"https:\/\/www.notibras.com\/site\/wp-content\/uploads\/2023\/01\/notibras23.png\",\"width\":350,\"height\":87,\"caption\":\"Grupo Notibras de Comunica\u00e7\u00e3o\"},\"image\":{\"@id\":\"https:\/\/www.notibras.com\/site\/#\/schema\/logo\/image\/\"},\"sameAs\":[\"https:\/\/www.facebook.com\/notibras\/\",\"https:\/\/x.com\/Notibras\",\"https:\/\/www.instagram.com\/notibras\/\"]},{\"@type\":\"Person\",\"@id\":\"https:\/\/www.notibras.com\/site\/#\/schema\/person\/36ab0979449956132d3e5b517ea76ac8\",\"name\":\"Reda\u00e7\u00e3o\",\"image\":{\"@type\":\"ImageObject\",\"inLanguage\":\"pt-BR\",\"@id\":\"https:\/\/secure.gravatar.com\/avatar\/e0a867bdedb85fd243eadf09663511f96fc81e0720a4a42581f334ad4303aa6b?s=96&d=mm&r=g\",\"url\":\"https:\/\/secure.gravatar.com\/avatar\/e0a867bdedb85fd243eadf09663511f96fc81e0720a4a42581f334ad4303aa6b?s=96&d=mm&r=g\",\"contentUrl\":\"https:\/\/secure.gravatar.com\/avatar\/e0a867bdedb85fd243eadf09663511f96fc81e0720a4a42581f334ad4303aa6b?s=96&d=mm&r=g\",\"caption\":\"Reda\u00e7\u00e3o\"}}]}<\/script>\n<!-- \/ Yoast SEO plugin. -->","yoast_head_json":{"title":"Santos usa a cabe\u00e7a e afunda o Vit\u00f3ria na lanterna - Notibras","robots":{"index":"index","follow":"follow","max-snippet":"max-snippet:-1","max-image-preview":"max-image-preview:large","max-video-preview":"max-video-preview:-1"},"canonical":"https:\/\/www.notibras.com\/site\/santos-usa-cabeca-por-cinco-minutos-e-afunda-vitoria-na-lanterna\/","og_locale":"pt_BR","og_type":"article","og_title":"Santos usa a cabe\u00e7a e afunda o Vit\u00f3ria na lanterna - Notibras","og_description":"O Santos precisou de apenas cinco minutos para resolver um jogo que estava dif\u00edcil contra o lanterna do Brasileiro, o Vit\u00f3ria, neste s\u00e1bado, no Pacaembu. O triunfo por 3 a 1 n\u00e3o come\u00e7ou dos p\u00e9s de nenhum dos tr\u00eas atacantes, mas da cabe\u00e7a de David Braz, o zagueiro que estava bem colocado na \u00e1rea no [&hellip;]","og_url":"https:\/\/www.notibras.com\/site\/santos-usa-cabeca-por-cinco-minutos-e-afunda-vitoria-na-lanterna\/","og_site_name":"Notibras","article_publisher":"https:\/\/www.facebook.com\/notibras\/","article_published_time":"2014-09-07T00:17:02+00:00","article_modified_time":"2014-09-07T13:42:44+00:00","og_image":[{"width":460,"height":340,"url":"https:\/\/www.notibras.com\/site\/wp-content\/uploads\/2014\/09\/espsa.jpg","type":"image\/jpeg"}],"author":"Reda\u00e7\u00e3o","twitter_card":"summary_large_image","twitter_creator":"@Notibras","twitter_site":"@Notibras","twitter_misc":{"Escrito por":"Reda\u00e7\u00e3o","Est. tempo de leitura":"2 minutos"},"schema":{"@context":"https:\/\/schema.org","@graph":[{"@type":"Article","@id":"https:\/\/www.notibras.com\/site\/santos-usa-cabeca-por-cinco-minutos-e-afunda-vitoria-na-lanterna\/#article","isPartOf":{"@id":"https:\/\/www.notibras.com\/site\/santos-usa-cabeca-por-cinco-minutos-e-afunda-vitoria-na-lanterna\/"},"author":{"name":"Reda\u00e7\u00e3o","@id":"https:\/\/www.notibras.com\/site\/#\/schema\/person\/36ab0979449956132d3e5b517ea76ac8"},"headline":"Santos usa a cabe\u00e7a e afunda o Vit\u00f3ria na lanterna","datePublished":"2014-09-07T00:17:02+00:00","dateModified":"2014-09-07T13:42:44+00:00","mainEntityOfPage":{"@id":"https:\/\/www.notibras.com\/site\/santos-usa-cabeca-por-cinco-minutos-e-afunda-vitoria-na-lanterna\/"},"wordCount":393,"commentCount":0,"publisher":{"@id":"https:\/\/www.notibras.com\/site\/#organization"},"image":{"@id":"https:\/\/www.notibras.com\/site\/santos-usa-cabeca-por-cinco-minutos-e-afunda-vitoria-na-lanterna\/#primaryimage"},"thumbnailUrl":"https:\/\/www.notibras.com\/site\/wp-content\/uploads\/2014\/09\/espsa.jpg","articleSection":["Esportes","Futebol"],"inLanguage":"pt-BR","potentialAction":[{"@type":"CommentAction","name":"Comment","target":["https:\/\/www.notibras.com\/site\/santos-usa-cabeca-por-cinco-minutos-e-afunda-vitoria-na-lanterna\/#respond"]}]},{"@type":"WebPage","@id":"https:\/\/www.notibras.com\/site\/santos-usa-cabeca-por-cinco-minutos-e-afunda-vitoria-na-lanterna\/","url":"https:\/\/www.notibras.com\/site\/santos-usa-cabeca-por-cinco-minutos-e-afunda-vitoria-na-lanterna\/","name":"Santos usa a cabe\u00e7a e afunda o Vit\u00f3ria na lanterna - Notibras","isPartOf":{"@id":"https:\/\/www.notibras.com\/site\/#website"},"primaryImageOfPage":{"@id":"https:\/\/www.notibras.com\/site\/santos-usa-cabeca-por-cinco-minutos-e-afunda-vitoria-na-lanterna\/#primaryimage"},"image":{"@id":"https:\/\/www.notibras.com\/site\/santos-usa-cabeca-por-cinco-minutos-e-afunda-vitoria-na-lanterna\/#primaryimage"},"thumbnailUrl":"https:\/\/www.notibras.com\/site\/wp-content\/uploads\/2014\/09\/espsa.jpg","datePublished":"2014-09-07T00:17:02+00:00","dateModified":"2014-09-07T13:42:44+00:00","breadcrumb":{"@id":"https:\/\/www.notibras.com\/site\/santos-usa-cabeca-por-cinco-minutos-e-afunda-vitoria-na-lanterna\/#breadcrumb"},"inLanguage":"pt-BR","potentialAction":[{"@type":"ReadAction","target":["https:\/\/www.notibras.com\/site\/santos-usa-cabeca-por-cinco-minutos-e-afunda-vitoria-na-lanterna\/"]}]},{"@type":"ImageObject","inLanguage":"pt-BR","@id":"https:\/\/www.notibras.com\/site\/santos-usa-cabeca-por-cinco-minutos-e-afunda-vitoria-na-lanterna\/#primaryimage","url":"https:\/\/www.notibras.com\/site\/wp-content\/uploads\/2014\/09\/espsa.jpg","contentUrl":"https:\/\/www.notibras.com\/site\/wp-content\/uploads\/2014\/09\/espsa.jpg","width":460,"height":340},{"@type":"BreadcrumbList","@id":"https:\/\/www.notibras.com\/site\/santos-usa-cabeca-por-cinco-minutos-e-afunda-vitoria-na-lanterna\/#breadcrumb","itemListElement":[{"@type":"ListItem","position":1,"name":"In\u00edcio","item":"https:\/\/www.notibras.com\/site\/"},{"@type":"ListItem","position":2,"name":"Santos usa a cabe\u00e7a e afunda o Vit\u00f3ria na lanterna"}]},{"@type":"WebSite","@id":"https:\/\/www.notibras.com\/site\/#website","url":"https:\/\/www.notibras.com\/site\/","name":"Notibras","description":"Not\u00edcias de Bras\u00edlia, do Brasil e do Mundo","publisher":{"@id":"https:\/\/www.notibras.com\/site\/#organization"},"potentialAction":[{"@type":"SearchAction","target":{"@type":"EntryPoint","urlTemplate":"https:\/\/www.notibras.com\/site\/?s={search_term_string}"},"query-input":{"@type":"PropertyValueSpecification","valueRequired":true,"valueName":"search_term_string"}}],"inLanguage":"pt-BR"},{"@type":"Organization","@id":"https:\/\/www.notibras.com\/site\/#organization","name":"Grupo Notibras de Comunica\u00e7\u00e3o","url":"https:\/\/www.notibras.com\/site\/","logo":{"@type":"ImageObject","inLanguage":"pt-BR","@id":"https:\/\/www.notibras.com\/site\/#\/schema\/logo\/image\/","url":"https:\/\/www.notibras.com\/site\/wp-content\/uploads\/2023\/01\/notibras23.png","contentUrl":"https:\/\/www.notibras.com\/site\/wp-content\/uploads\/2023\/01\/notibras23.png","width":350,"height":87,"caption":"Grupo Notibras de Comunica\u00e7\u00e3o"},"image":{"@id":"https:\/\/www.notibras.com\/site\/#\/schema\/logo\/image\/"},"sameAs":["https:\/\/www.facebook.com\/notibras\/","https:\/\/x.com\/Notibras","https:\/\/www.instagram.com\/notibras\/"]},{"@type":"Person","@id":"https:\/\/www.notibras.com\/site\/#\/schema\/person\/36ab0979449956132d3e5b517ea76ac8","name":"Reda\u00e7\u00e3o","image":{"@type":"ImageObject","inLanguage":"pt-BR","@id":"https:\/\/secure.gravatar.com\/avatar\/e0a867bdedb85fd243eadf09663511f96fc81e0720a4a42581f334ad4303aa6b?s=96&d=mm&r=g","url":"https:\/\/secure.gravatar.com\/avatar\/e0a867bdedb85fd243eadf09663511f96fc81e0720a4a42581f334ad4303aa6b?s=96&d=mm&r=g","contentUrl":"https:\/\/secure.gravatar.com\/avatar\/e0a867bdedb85fd243eadf09663511f96fc81e0720a4a42581f334ad4303aa6b?s=96&d=mm&r=g","caption":"Reda\u00e7\u00e3o"}}]}},"amp_enabled":true,"_links":{"self":[{"href":"https:\/\/www.notibras.com\/site\/wp-json\/wp\/v2\/posts\/21609","targetHints":{"allow":["GET"]}}],"collection":[{"href":"https:\/\/www.notibras.com\/site\/wp-json\/wp\/v2\/posts"}],"about":[{"href":"https:\/\/www.notibras.com\/site\/wp-json\/wp\/v2\/types\/post"}],"author":[{"embeddable":true,"href":"https:\/\/www.notibras.com\/site\/wp-json\/wp\/v2\/users\/2"}],"replies":[{"embeddable":true,"href":"https:\/\/www.notibras.com\/site\/wp-json\/wp\/v2\/comments?post=21609"}],"version-history":[{"count":0,"href":"https:\/\/www.notibras.com\/site\/wp-json\/wp\/v2\/posts\/21609\/revisions"}],"wp:featuredmedia":[{"embeddable":true,"href":"https:\/\/www.notibras.com\/site\/wp-json\/wp\/v2\/media\/21610"}],"wp:attachment":[{"href":"https:\/\/www.notibras.com\/site\/wp-json\/wp\/v2\/media?parent=21609"}],"wp:term":[{"taxonomy":"category","embeddable":true,"href":"https:\/\/www.notibras.com\/site\/wp-json\/wp\/v2\/categories?post=21609"},{"taxonomy":"post_tag","embeddable":true,"href":"https:\/\/www.notibras.com\/site\/wp-json\/wp\/v2\/tags?post=21609"}],"curies":[{"name":"wp","href":"https:\/\/api.w.org\/{rel}","templated":true}]}}